{"id":101,"date":"2016-03-21T20:22:50","date_gmt":"2016-03-21T19:22:50","guid":{"rendered":"http:\/\/www.jananews.cz\/WP\/index.php\/2016\/03\/21\/zamek-konopiste-zahajuje-sezonu-uz-tento-vikend\/"},"modified":"2016-03-21T20:22:50","modified_gmt":"2016-03-21T19:22:50","slug":"zamek-konopiste-zahajuje-sezonu-uz-tento-vikend","status":"publish","type":"post","link":"https:\/\/jananews.cz\/index.php\/2016\/03\/21\/zamek-konopiste-zahajuje-sezonu-uz-tento-vikend\/","title":{"rendered":"Z\u00e1mek Konopi\u0161t\u011b zahajuje sezonu u\u017e tento v\u00edkend\u00a0"},"content":{"rendered":"<p>KONOPI\u0160T\u011a &#8211; Ji\u017e tento p\u00e1tek 25. b\u0159ezna otev\u0159ou dve\u0159e n\u00e1v\u0161t\u011bvn\u00edk\u016fm na z\u00e1mku Konopi\u0161t\u011b. \u00a0Z\u00e1mek bude otev\u0159en po cel\u00e9 velikono\u010dn\u00ed sv\u00e1tky od 10.00 do 16.00 hodin. Je\u0161t\u011b den p\u0159edt\u00edm bude podle mluv\u010d\u00ed z\u00e1mku Ivany Havl\u00ed\u010dkov\u00e9 \u00a0v kapli svat\u00e9ho Huberta Velikono\u010dn\u00ed m\u0161e pro ve\u0159ejnost.\u00a0<\/p>\n<p>  <!--more-->  <\/p>\n<p>\u00a0<\/p>\n<p>N\u00e1v\u0161t\u011bvn\u00edci \u00a0z\u00e1mku \u00a0a sklen\u00edk v R\u016f\u017eov\u00e9 zahrad\u011b se podle n\u00ed mohou t\u011b\u0161it na pestrou velikono\u010dn\u00ed a jarn\u00ed kv\u011btinovou v\u00fdzdobu. T\u011b\u0161it se ale mohou i na expozice, kter\u00e9 budou tuto sezonu na z\u00e1mku otev\u0159en\u00e9.\u00a0<\/p>\n<p>\u201eVid\u011bn\u00ed budou nap\u0159\u00edklad z\u00e1meck\u00e9 salony ji\u017en\u00edho k\u0159\u00eddla, co\u017e jsou reprezenta\u010dn\u00ed a hostinsk\u00e9 m\u00edstnosti \u00a0s loveckou chodbou s trofejemi, nejstar\u0161\u00ed \u010d\u00e1st z\u00e1mku, tzv. Kronpric s obytn\u00fdmi m\u00edstnostmi, zbrojnice, kaple, v\u00fdtah \u010di har\u00e9m, nebo soukrom\u00e9 pokoje rodiny Franti\u0161ka Ferdinanda,\u201c l\u00e1k\u00e1 z\u00e1jemce o historii mluv\u010d\u00ed Havl\u00ed\u010dkov\u00e1.\u00a0<\/p>\n<p>V\u00edce informac\u00ed o provozu z\u00e1mku \u00a0jsou k dispozici na www.zamek-konopiste.cz.\u00a0<\/p>\n<p>Text: Libu\u0161e \u010capkov\u00e1\u00a0<\/p>\n<p>Foto: Archiv z\u00e1mku \u00a0<\/p>\n<p><img loading=\"lazy\" class=\" size-full wp-image-100\" src=\"https:\/\/jananews.cz\/wp-content\/uploads\/2016\/03\/konopiste.jpg\" alt=\"\" width=\"544\" height=\"301\" srcset=\"https:\/\/jananews.cz\/wp-content\/uploads\/2016\/03\/konopiste.jpg 940w, https:\/\/jananews.cz\/wp-content\/uploads\/2016\/03\/konopiste-300x166.jpg 300w, https:\/\/jananews.cz\/wp-content\/uploads\/2016\/03\/konopiste-768x425.jpg 768w\" sizes=\"(max-width: 544px) 100vw, 544px\" \/><\/p>\n","protected":false},"excerpt":{"rendered":"<p>KONOPI\u0160T\u011a &#8211; Ji\u017e tento p\u00e1tek 25. b\u0159ezna otev\u0159ou dve\u0159e n\u00e1v\u0161t\u011bvn\u00edk\u016fm na z\u00e1mku Konopi\u0161t\u011b. \u00a0Z\u00e1mek bude otev\u0159en po cel\u00e9 velikono\u010dn\u00ed sv\u00e1tky od 10.00 do 16.00 hodin. Je\u0161t\u011b den p\u0159edt\u00edm bude podle mluv\u010d\u00ed z\u00e1mku Ivany Havl\u00ed\u010dkov\u00e9 \u00a0v kapli svat\u00e9ho Huberta Velikono\u010dn\u00ed m\u0161e pro ve\u0159ejnost.\u00a0<\/p>\n","protected":false},"author":1,"featured_media":100,"comment_status":"open","ping_status":"open","sticky":false,"template":"","format":"standard","meta":[],"categories":[9],"tags":[],"_links":{"self":[{"href":"https:\/\/jananews.cz\/index.php\/wp-json\/wp\/v2\/posts\/101"}],"collection":[{"href":"https:\/\/jananews.cz\/index.php\/wp-json\/wp\/v2\/posts"}],"about":[{"href":"https:\/\/jananews.cz\/index.php\/wp-json\/wp\/v2\/types\/post"}],"author":[{"embeddable":true,"href":"https:\/\/jananews.cz\/index.php\/wp-json\/wp\/v2\/users\/1"}],"replies":[{"embeddable":true,"href":"https:\/\/jananews.cz\/index.php\/wp-json\/wp\/v2\/comments?post=101"}],"version-history":[{"count":0,"href":"https:\/\/jananews.cz\/index.php\/wp-json\/wp\/v2\/posts\/101\/revisions"}],"wp:featuredmedia":[{"embeddable":true,"href":"https:\/\/jananews.cz\/index.php\/wp-json\/wp\/v2\/media\/100"}],"wp:attachment":[{"href":"https:\/\/jananews.cz\/index.php\/wp-json\/wp\/v2\/media?parent=101"}],"wp:term":[{"taxonomy":"category","embeddable":true,"href":"https:\/\/jananews.cz\/index.php\/wp-json\/wp\/v2\/categories?post=101"},{"taxonomy":"post_tag","embeddable":true,"href":"https:\/\/jananews.cz\/index.php\/wp-json\/wp\/v2\/tags?post=101"}],"curies":[{"name":"wp","href":"https:\/\/api.w.org\/{rel}","templated":true}]}}