{"id":103,"date":"2016-03-21T20:29:26","date_gmt":"2016-03-21T19:29:26","guid":{"rendered":"http:\/\/www.jananews.cz\/WP\/index.php\/2016\/03\/21\/nejlepe-hodnocenou-univerzitou-je-vysoka-skola-banska\/"},"modified":"2016-03-21T20:29:26","modified_gmt":"2016-03-21T19:29:26","slug":"nejlepe-hodnocenou-univerzitou-je-vysoka-skola-banska","status":"publish","type":"post","link":"https:\/\/jananews.cz\/index.php\/2016\/03\/21\/nejlepe-hodnocenou-univerzitou-je-vysoka-skola-banska\/","title":{"rendered":"Nejl\u00e9pe hodnocenou univerzitou je Vysok\u00e1 \u0161kola b\u00e1\u0148sk\u00e1\u00a0"},"content":{"rendered":"<p>OSTRAVA &#8211; Ostravsk\u00e1 Vysok\u00e1 \u0161kola b\u00e1\u0148sk\u00e1 (V\u0160B) se jako jedin\u00e1 v zemi dostala mezi dv\u011b stovky nejlep\u0161\u00edch univerzit v Evrop\u011b. Vypl\u00fdv\u00e1 to alespo\u0148 z presti\u017en\u00edho britsk\u00e9ho \u017eeb\u0159\u00ed\u010dku Times Higher Education, podle n\u011bho\u017e obsadila porubsk\u00e1 univerzita 170. m\u00edsto.<\/p>\n<p>  <!--more-->  <\/p>\n<p>\u00a0<\/p>\n<p>\u017deb\u0159\u00ed\u010dek hodnotil hned n\u011bkolik krit\u00e9ri\u00ed, nap\u0159. kvalitu v\u00fduky, po\u010det vyu\u010duj\u00edc\u00edch na studenta, p\u0159\u00edjem instituce, p\u0159\u00edjem z pr\u016fmyslu. Dal\u0161\u00edm ukazatelem byl objem v\u00fdzkumu a v neposledn\u00ed \u0159ad\u011b mezin\u00e1rodn\u00ed p\u016fsobnost univerzity, co\u017e je po\u010det zahrani\u010dn\u00edch student\u016f \u010di vyu\u010duj\u00edc\u00edch.\u00a0<\/p>\n<p>\u201cDetailn\u00ed metodika hodnocen\u00ed zn\u00e1m\u00e1 nen\u00ed a univerzity nemaj\u00ed \u017e\u00e1dnou mo\u017enost hodnot\u00edc\u00ed krit\u00e9ria ovlivnit,\u201d uvedl rektor univerzity Ivo Vondr\u00e1k, kter\u00fd je velmi r\u00e1d, \u017ee \u017eeb\u0159\u00ed\u010dek V\u0160B op\u011bt potvrdil jako nejlep\u0161\u00ed univerzitu v zemi. \u00a0<\/p>\n<p>Konkr\u00e9tn\u00ed pozice p\u0159itom nen\u00ed podle n\u011bj nejd\u016fle\u017eit\u011bj\u0161\u00ed. \u201e\u017deb\u0159\u00ed\u010dek ukazuje na\u0161e dlouhodob\u00e9 \u00fasil\u00ed o intenzivn\u00ed spolupr\u00e1ci s pr\u016fmyslem, kvalitn\u00ed uplatn\u011bn\u00ed absolvent\u016f a excelenci ve v\u00fdzkumu. To jsou v\u011bci, kter\u00e9 n\u00e1m z\u016fstanou,&#8220; dodal rektor.\u00a0<\/p>\n<p>Text: Libu\u0161e \u010capkov\u00e1<\/p>\n<p>Foto: Archiv V\u0160B<\/p>\n<p><img loading=\"lazy\" class=\" size-full wp-image-102\" src=\"https:\/\/jananews.cz\/wp-content\/uploads\/2016\/03\/vysokaskolabanskaostrava.jpg\" alt=\"\" width=\"663\" height=\"470\" srcset=\"https:\/\/jananews.cz\/wp-content\/uploads\/2016\/03\/vysokaskolabanskaostrava.jpg 1212w, https:\/\/jananews.cz\/wp-content\/uploads\/2016\/03\/vysokaskolabanskaostrava-300x213.jpg 300w, https:\/\/jananews.cz\/wp-content\/uploads\/2016\/03\/vysokaskolabanskaostrava-1024x727.jpg 1024w, https:\/\/jananews.cz\/wp-content\/uploads\/2016\/03\/vysokaskolabanskaostrava-768x545.jpg 768w\" sizes=\"(max-width: 663px) 100vw, 663px\" \/><\/p>\n<p>\u00a0<\/p>\n","protected":false},"excerpt":{"rendered":"<p>OSTRAVA &#8211; Ostravsk\u00e1 Vysok\u00e1 \u0161kola b\u00e1\u0148sk\u00e1 (V\u0160B) se jako jedin\u00e1 v zemi dostala mezi dv\u011b stovky nejlep\u0161\u00edch univerzit v Evrop\u011b. Vypl\u00fdv\u00e1 to alespo\u0148 z presti\u017en\u00edho britsk\u00e9ho \u017eeb\u0159\u00ed\u010dku Times Higher Education, podle n\u011bho\u017e obsadila porubsk\u00e1 univerzita 170. m\u00edsto.<\/p>\n","protected":false},"author":1,"featured_media":102,"comment_status":"open","ping_status":"open","sticky":false,"template":"","format":"standard","meta":[],"categories":[9],"tags":[],"_links":{"self":[{"href":"https:\/\/jananews.cz\/index.php\/wp-json\/wp\/v2\/posts\/103"}],"collection":[{"href":"https:\/\/jananews.cz\/index.php\/wp-json\/wp\/v2\/posts"}],"about":[{"href":"https:\/\/jananews.cz\/index.php\/wp-json\/wp\/v2\/types\/post"}],"author":[{"embeddable":true,"href":"https:\/\/jananews.cz\/index.php\/wp-json\/wp\/v2\/users\/1"}],"replies":[{"embeddable":true,"href":"https:\/\/jananews.cz\/index.php\/wp-json\/wp\/v2\/comments?post=103"}],"version-history":[{"count":0,"href":"https:\/\/jananews.cz\/index.php\/wp-json\/wp\/v2\/posts\/103\/revisions"}],"wp:featuredmedia":[{"embeddable":true,"href":"https:\/\/jananews.cz\/index.php\/wp-json\/wp\/v2\/media\/102"}],"wp:attachment":[{"href":"https:\/\/jananews.cz\/index.php\/wp-json\/wp\/v2\/media?parent=103"}],"wp:term":[{"taxonomy":"category","embeddable":true,"href":"https:\/\/jananews.cz\/index.php\/wp-json\/wp\/v2\/categories?post=103"},{"taxonomy":"post_tag","embeddable":true,"href":"https:\/\/jananews.cz\/index.php\/wp-json\/wp\/v2\/tags?post=103"}],"curies":[{"name":"wp","href":"https:\/\/api.w.org\/{rel}","templated":true}]}}