{"id":105,"date":"2016-03-22T15:44:58","date_gmt":"2016-03-22T14:44:58","guid":{"rendered":"http:\/\/www.jananews.cz\/WP\/index.php\/2016\/03\/22\/uriah-heep-dnes-a-zitra-potesi-sve-fanousky-v-plzni-a-zline-2\/"},"modified":"2020-08-16T22:42:09","modified_gmt":"2020-08-16T20:42:09","slug":"uriah-heep-dnes-a-zitra-potesi-sve-fanousky-v-plzni-a-zline-2","status":"publish","type":"post","link":"https:\/\/jananews.cz\/index.php\/2016\/03\/22\/uriah-heep-dnes-a-zitra-potesi-sve-fanousky-v-plzni-a-zline-2\/","title":{"rendered":"Uriah Heep dnes a z\u00edtra pot\u011b\u0161\u00ed sv\u00e9 fanou\u0161ky v Plzni a Zl\u00edn\u011b"},"content":{"rendered":"<p class=\"MsoNormal\" style=\"margin-bottom: 2.5pt; vertical-align: baseline; background-image: initial; background-attachment: initial; background-size: initial; background-origin: initial; background-clip: initial; background-position: initial; background-repeat: initial;\"><span lang=\"CS\" style=\"font-family: 'Arial','sans-serif'; mso-font-kerning: 18.0pt; mso-fareast-language: EN-GB; mso-bidi-font-weight: bold;\">PLZE\u0147\/ZL\u00cdN &#8211; Hned dvakr\u00e1t mohou \u010de\u0161t\u00ed fanou\u0161ci p\u0159ij\u00edt na koncert legend\u00e1rn\u00ed kapely Uriah Heep. Dnes o p\u016fl osm\u00e9 ve\u010der se rockov\u00e1 legenda se p\u0159edstav\u00ed v\u00a0plze\u0148sk\u00e9 Malostransk\u00e9 besed\u011b, z\u00edtra pak zahraje sv\u00fdm p\u0159\u00edznivc\u016fm ve zl\u00ednsk\u00e9m klubu Masters of Rock Caf\u00e9. Tam za\u010d\u00edn\u00e1 koncert v\u00a0osm ve\u010der.<\/span><\/p>\n<p><!--more--><\/p>\n<p class=\"MsoNormal\" style=\"line-height: 16.35pt; vertical-align: baseline; background-image: initial; background-attachment: initial; background-size: initial; background-origin: initial; background-clip: initial; background-position: initial; background-repeat: initial;\"><span lang=\"CS\" style=\"font-family: 'Arial','sans-serif'; mso-fareast-language: EN-GB;\">Uriah Heep jsou pova\u017eov\u00e1ni za zakladatele hardrocku a spole\u010dn\u011b s Led Zeppelin, Black Sabbath a Deep Purple pat\u0159\u00ed ke \u010dty\u0159l\u00edstku kapel, kter\u00e9 v sedmdes\u00e1t\u00fdch letech ud\u00e1val sm\u011br, kudy se tento hudebn\u00ed sm\u011br vyv\u00edjel. Od sv\u00e9ho vzniku v roce 1969 koncertovali v 52 zem\u00edch sv\u011bta a z\u00edskali p\u0159\u00edvlastek jedn\u00e9 z nejlep\u0161\u00edch \u201elive\u201c rockov\u00fdch kapel na sv\u011bt\u011b. <\/span><\/p>\n<p class=\"MsoNormal\" style=\"line-height: 16.35pt; vertical-align: baseline; background-image: initial; background-attachment: initial; background-size: initial; background-origin: initial; background-clip: initial; background-position: initial; background-repeat: initial;\">Jejich hity jako Lady In Black, Gipsy, Easy Livin nebo July Morning dodnes pat\u0159\u00ed do klenotnice sv\u011btov\u00e9 rockov\u00e9 hudby. Za svou dlouhou hudebn\u00ed kari\u00e9ru prodali po cel\u00e9m sv\u011bt\u011b neuv\u011b\u0159iteln\u00fdch 30 milion\u016f hudebn\u00edch nosi\u010d\u016f.<\/p>\n<p class=\"MsoNormal\" style=\"line-height: 16.35pt; vertical-align: baseline; background-image: initial; background-attachment: initial; background-size: initial; background-origin: initial; background-clip: initial; background-position: initial; background-repeat: initial;\"><span lang=\"CS\" style=\"font-family: 'Arial','sans-serif'; mso-fareast-language: EN-GB;\">\u00a0<\/span>(jkr)<\/p>\n","protected":false},"excerpt":{"rendered":"<p>PLZE\u0147\/ZL\u00cdN &#8211; Hned dvakr\u00e1t mohou \u010de\u0161t\u00ed fanou\u0161ci p\u0159ij\u00edt na koncert legend\u00e1rn\u00ed kapely Uriah Heep. Dnes o p\u016fl osm\u00e9 ve\u010der se rockov\u00e1 legenda se p\u0159edstav\u00ed v\u00a0plze\u0148sk\u00e9 Malostransk\u00e9 besed\u011b, z\u00edtra pak zahraje sv\u00fdm p\u0159\u00edznivc\u016fm ve zl\u00ednsk\u00e9m klubu Masters of Rock Caf\u00e9. Tam za\u010d\u00edn\u00e1 koncert v\u00a0osm ve\u010der.<\/p>\n","protected":false},"author":1,"featured_media":398,"comment_status":"open","ping_status":"open","sticky":false,"template":"","format":"standard","meta":[],"categories":[7],"tags":[],"_links":{"self":[{"href":"https:\/\/jananews.cz\/index.php\/wp-json\/wp\/v2\/posts\/105"}],"collection":[{"href":"https:\/\/jananews.cz\/index.php\/wp-json\/wp\/v2\/posts"}],"about":[{"href":"https:\/\/jananews.cz\/index.php\/wp-json\/wp\/v2\/types\/post"}],"author":[{"embeddable":true,"href":"https:\/\/jananews.cz\/index.php\/wp-json\/wp\/v2\/users\/1"}],"replies":[{"embeddable":true,"href":"https:\/\/jananews.cz\/index.php\/wp-json\/wp\/v2\/comments?post=105"}],"version-history":[{"count":1,"href":"https:\/\/jananews.cz\/index.php\/wp-json\/wp\/v2\/posts\/105\/revisions"}],"predecessor-version":[{"id":499,"href":"https:\/\/jananews.cz\/index.php\/wp-json\/wp\/v2\/posts\/105\/revisions\/499"}],"wp:featuredmedia":[{"embeddable":true,"href":"https:\/\/jananews.cz\/index.php\/wp-json\/wp\/v2\/media\/398"}],"wp:attachment":[{"href":"https:\/\/jananews.cz\/index.php\/wp-json\/wp\/v2\/media?parent=105"}],"wp:term":[{"taxonomy":"category","embeddable":true,"href":"https:\/\/jananews.cz\/index.php\/wp-json\/wp\/v2\/categories?post=105"},{"taxonomy":"post_tag","embeddable":true,"href":"https:\/\/jananews.cz\/index.php\/wp-json\/wp\/v2\/tags?post=105"}],"curies":[{"name":"wp","href":"https:\/\/api.w.org\/{rel}","templated":true}]}}