{"id":107,"date":"2016-03-22T17:46:45","date_gmt":"2016-03-22T16:46:45","guid":{"rendered":"http:\/\/www.jananews.cz\/WP\/index.php\/2016\/03\/22\/vilem-cok-ota-balage-a-jejich-nova-ruze-zahajuji-turne-v-malostranske-besede\/"},"modified":"2020-08-16T22:32:25","modified_gmt":"2020-08-16T20:32:25","slug":"vilem-cok-ota-balage-a-jejich-nova-ruze-zahajuji-turne-v-malostranske-besede","status":"publish","type":"post","link":"https:\/\/jananews.cz\/index.php\/2016\/03\/22\/vilem-cok-ota-balage-a-jejich-nova-ruze-zahajuji-turne-v-malostranske-besede\/","title":{"rendered":"Vil\u00e9m \u010cok, Ota Balage a jejich Nov\u00e1 r\u016f\u017ee zahajuj\u00ed turn\u00e9 v Malostransk\u00e9 besed\u011b"},"content":{"rendered":"<p class=\"MsoNormal\" style=\"vertical-align: baseline; background-image: initial; background-attachment: initial; background-size: initial; background-origin: initial; background-clip: initial; background-position: initial; background-repeat: initial;\"><span lang=\"CS\" style=\"font-family: 'Arial','sans-serif'; mso-fareast-language: EN-GB;\">PRAHA &#8211;\u00a0V\u00fdjime\u010dn\u00fd komorn\u00ed koncert p\u0159iv\u00edt\u00e1 ve st\u0159edu 23. b\u0159ezna pra\u017esk\u00e1 Malostransk\u00e1 beseda. V\u00a0p\u016fl dev\u00e1t\u00e9 ve\u010der tam zahraje Nov\u00e1 R\u016f\u017ee, jedna z prvn\u00edch \u010desk\u00fdch supergroup, kter\u00e1 ve sv\u00e9 dob\u011b pat\u0159ila k naprost\u00e9 \u0161pi\u010dce \u010desk\u00e9 rockov\u00e9 sc\u00e9ny.\u00a0<\/span><\/p>\n<p><!--more--><\/p>\n<p class=\"MsoNormal\" style=\"vertical-align: baseline; background-image: initial; background-attachment: initial; background-size: initial; background-origin: initial; background-clip: initial; background-position: initial; background-repeat: initial;\"><span lang=\"CS\" style=\"font-family: 'Arial','sans-serif'; mso-fareast-language: EN-GB;\">Kapela vznikla v roce 1988, vydala dv\u011b nezapomenuteln\u00e1 alba, sout\u011b\u017eila s Luci\u00ed o post nejpopul\u00e1rn\u011bj\u0161\u00ed party a pak n\u00e1hle p\u0159i\u0161el konec. Jej\u00ed hity jako And\u011bl fantazie, Ten stroj se\u0161 ty, Nenapraviteln\u00fd h\u0159\u00edch a mnoho dal\u0161\u00edch pat\u0159\u00ed dodnes do zlat\u00e9ho fondu \u010desk\u00e9ho bigb\u00edtu.<\/span><\/p>\n<p class=\"MsoNormal\" style=\"vertical-align: baseline; background-image: initial; background-attachment: initial; background-size: initial; background-origin: initial; background-clip: initial; background-position: initial; background-repeat: initial;\">Po nal\u00e9h\u00e1n\u00ed fanou\u0161k\u016f Nov\u00e1 r\u016f\u017ee obnovila \u010dinnost po v\u00edce ne\u017e dvaceti letech koncem roku 2014. Vil\u00e9m \u010cok, Petr Ro\u0161ka\u0148uk, Ota Balage a Franti\u0161ek H\u00f6nig vzali sv\u016fj comeback smrteln\u011b v\u00e1\u017en\u011b, po st\u0159ede\u010dn\u00edm malostransk\u00e9m koncertu budou n\u00e1sledovat i dal\u0161\u00ed, nap\u0159. v\u00a0Kladn\u011b, Mlad\u00e9 Boleslavi, Brn\u011b \u010di Olomouci.<\/p>\n<p class=\"MsoNormal\" style=\"vertical-align: baseline; background-image: initial; background-attachment: initial; background-size: initial; background-origin: initial; background-clip: initial; background-position: initial; background-repeat: initial;\">Ji\u0159\u00ed K. R\u016f\u017ei\u010dka<\/p>\n","protected":false},"excerpt":{"rendered":"<p>PRAHA &#8211;\u00a0V\u00fdjime\u010dn\u00fd komorn\u00ed koncert p\u0159iv\u00edt\u00e1 ve st\u0159edu 23. b\u0159ezna pra\u017esk\u00e1 Malostransk\u00e1 beseda. V\u00a0p\u016fl dev\u00e1t\u00e9 ve\u010der tam zahraje Nov\u00e1 R\u016f\u017ee, jedna z prvn\u00edch \u010desk\u00fdch supergroup, kter\u00e1 ve sv\u00e9 dob\u011b pat\u0159ila k naprost\u00e9 \u0161pi\u010dce \u010desk\u00e9 rockov\u00e9 sc\u00e9ny.\u00a0<\/p>\n","protected":false},"author":1,"featured_media":398,"comment_status":"open","ping_status":"open","sticky":false,"template":"","format":"standard","meta":[],"categories":[7],"tags":[],"_links":{"self":[{"href":"https:\/\/jananews.cz\/index.php\/wp-json\/wp\/v2\/posts\/107"}],"collection":[{"href":"https:\/\/jananews.cz\/index.php\/wp-json\/wp\/v2\/posts"}],"about":[{"href":"https:\/\/jananews.cz\/index.php\/wp-json\/wp\/v2\/types\/post"}],"author":[{"embeddable":true,"href":"https:\/\/jananews.cz\/index.php\/wp-json\/wp\/v2\/users\/1"}],"replies":[{"embeddable":true,"href":"https:\/\/jananews.cz\/index.php\/wp-json\/wp\/v2\/comments?post=107"}],"version-history":[{"count":1,"href":"https:\/\/jananews.cz\/index.php\/wp-json\/wp\/v2\/posts\/107\/revisions"}],"predecessor-version":[{"id":475,"href":"https:\/\/jananews.cz\/index.php\/wp-json\/wp\/v2\/posts\/107\/revisions\/475"}],"wp:featuredmedia":[{"embeddable":true,"href":"https:\/\/jananews.cz\/index.php\/wp-json\/wp\/v2\/media\/398"}],"wp:attachment":[{"href":"https:\/\/jananews.cz\/index.php\/wp-json\/wp\/v2\/media?parent=107"}],"wp:term":[{"taxonomy":"category","embeddable":true,"href":"https:\/\/jananews.cz\/index.php\/wp-json\/wp\/v2\/categories?post=107"},{"taxonomy":"post_tag","embeddable":true,"href":"https:\/\/jananews.cz\/index.php\/wp-json\/wp\/v2\/tags?post=107"}],"curies":[{"name":"wp","href":"https:\/\/api.w.org\/{rel}","templated":true}]}}