{"id":108,"date":"2016-03-23T03:43:35","date_gmt":"2016-03-23T02:43:35","guid":{"rendered":"http:\/\/www.jananews.cz\/WP\/index.php\/2016\/03\/23\/nadace-prijima-navrhy-na-ekologickou-cenu-josefa-vavrouska\/"},"modified":"2020-08-16T22:59:44","modified_gmt":"2020-08-16T20:59:44","slug":"nadace-prijima-navrhy-na-ekologickou-cenu-josefa-vavrouska","status":"publish","type":"post","link":"https:\/\/jananews.cz\/index.php\/2016\/03\/23\/nadace-prijima-navrhy-na-ekologickou-cenu-josefa-vavrouska\/","title":{"rendered":"Nadace p\u0159ij\u00edm\u00e1 n\u00e1vrhy na ekologickou cenu Josefa Vavrou\u0161ka"},"content":{"rendered":"<p class=\"MsoNormal\"><span lang=\"CS\" style=\"font-family: 'Arial','sans-serif';\">PRAHA &#8211; A\u017e do konce dubna p\u0159ij\u00edm\u00e1 Nadace Partnerstv\u00ed nominace na laure\u00e1ty presti\u017en\u00ed ekologick\u00e9 ceny Josefa Vavrou\u0161ka. Leto\u0161n\u00ed 20. ro\u010dn\u00edk p\u0159itom p\u0159edstav\u00ed pr\u016flomou novinku, poprv\u00e9 se toti\u017e budou ud\u011blovat ceny dv\u011b. <\/span><span lang=\"CS\" style=\"font-family: 'Arial','sans-serif'; mso-fareast-language: EN-GB;\">Jedna za dlouhodob\u00fd p\u0159\u00ednos \u017eivotn\u00edmu prost\u0159ed\u00ed a druh\u00e1 za v\u00fdznamn\u00fd ekologick\u00fd po\u010din.<\/span><\/p>\n<p><!--more--><\/p>\n<p class=\"MsoNormal\"><span lang=\"CS\" style=\"font-family: 'Arial','sans-serif'; mso-fareast-language: EN-GB;\">\u201eRoz\u0161\u00ed\u0159en\u00edm o kategorii\u00a0V\u00fdznamn\u00fd po\u010din\u00a0chceme d\u00e1t p\u0159\u00edle\u017eitost k ocen\u011bn\u00ed pr\u00e1ce pr\u00e1v\u011b t\u011bch zaj\u00edmav\u00fdch a odv\u00e1\u017en\u00fdch lid\u00ed, kte\u0159\u00ed zrovna nezachra\u0148uj\u00ed sv\u011bt, ale sv\u00fdm p\u0159\u00edstupem m\u011bn\u00ed pohled a p\u0159\u00edstup lid\u00ed k \u017eivotn\u00edmu prost\u0159ed\u00ed t\u0159eba jen v obci nebo regionu,\u201d zd\u016fvodnil novinku \u0159editel Nadace Partnerstv\u00ed Miroslav Kundrata, podle n\u011bho\u017e lze kandid\u00e1t p\u0159ihla\u0161ovat na webov\u00fdch str\u00e1nk\u00e1ch <a href=\"http:\/\/www.cenajosefavavrouska.cz\/\"><span style=\"color: windowtext;\">www.cenajosefavavrouska.cz<\/span><\/a>. <\/span><\/p>\n<p class=\"MsoNormal\">Povol\u00e1n\u00ed, v\u011bk ani zn\u00e1m\u00e1 tv\u00e1\u0159 p\u0159i kone\u010dn\u00e9m v\u00fdb\u011bru nerozhoduj\u00ed. D\u016fle\u017eit\u00fd je p\u0159\u00ednos nominovan\u00e9ho \u010dlov\u011bka ke zlep\u0161en\u00ed \u017eivotn\u00edho prost\u0159ed\u00ed. \u201eMezi dosavadn\u00edmi laure\u00e1ty v\u00a0devaten\u00e1ctilet\u00e9 historii jsou nap\u0159\u00edklad b\u00fdval\u00fd ministr \u017eivotn\u00edho prost\u0159ed\u00ed, b\u00fdval\u00fd poradce prezidenta \u010di ob\u010dansk\u00fd aktivista, ale i filozof, pr\u00e1vn\u00edk nebo u\u010ditel,\u201d dodal \u0159editel.<\/p>\n<p class=\"MsoNormal\">Cenu Josefa Vavrou\u0161ka nadace ud\u011bluje na po\u010dest p\u0159edn\u00edho \u010desk\u00e9ho ekologa a feder\u00e1ln\u00edho ministra \u017eivotn\u00edho prost\u0159ed\u00ed, kter\u00fd v\u00a0roce 1995 tragicky zahynul pod lavinou. Josef Vavrou\u0161ek byl jedn\u00edm z\u00a0hlavn\u00edch protagonist\u016f konceptu trvale udr\u017eiteln\u00e9ho rozvoje nejen u n\u00e1s, ale i v cel\u00e9 Evrop\u011b.<\/p>\n<p class=\"MsoNormal\">Ji\u0159\u00ed K. R\u016f\u017ei\u010dka<\/p>\n","protected":false},"excerpt":{"rendered":"<p>PRAHA &#8211; A\u017e do konce dubna p\u0159ij\u00edm\u00e1 Nadace Partnerstv\u00ed nominace na laure\u00e1ty presti\u017en\u00ed ekologick\u00e9 ceny Josefa Vavrou\u0161ka. Leto\u0161n\u00ed 20. ro\u010dn\u00edk p\u0159itom p\u0159edstav\u00ed pr\u016flomou novinku, poprv\u00e9 se toti\u017e budou ud\u011blovat ceny dv\u011b. Jedna za dlouhodob\u00fd p\u0159\u00ednos \u017eivotn\u00edmu prost\u0159ed\u00ed a druh\u00e1 za v\u00fdznamn\u00fd ekologick\u00fd po\u010din.<\/p>\n","protected":false},"author":1,"featured_media":398,"comment_status":"open","ping_status":"open","sticky":false,"template":"","format":"standard","meta":[],"categories":[9],"tags":[],"_links":{"self":[{"href":"https:\/\/jananews.cz\/index.php\/wp-json\/wp\/v2\/posts\/108"}],"collection":[{"href":"https:\/\/jananews.cz\/index.php\/wp-json\/wp\/v2\/posts"}],"about":[{"href":"https:\/\/jananews.cz\/index.php\/wp-json\/wp\/v2\/types\/post"}],"author":[{"embeddable":true,"href":"https:\/\/jananews.cz\/index.php\/wp-json\/wp\/v2\/users\/1"}],"replies":[{"embeddable":true,"href":"https:\/\/jananews.cz\/index.php\/wp-json\/wp\/v2\/comments?post=108"}],"version-history":[{"count":1,"href":"https:\/\/jananews.cz\/index.php\/wp-json\/wp\/v2\/posts\/108\/revisions"}],"predecessor-version":[{"id":524,"href":"https:\/\/jananews.cz\/index.php\/wp-json\/wp\/v2\/posts\/108\/revisions\/524"}],"wp:featuredmedia":[{"embeddable":true,"href":"https:\/\/jananews.cz\/index.php\/wp-json\/wp\/v2\/media\/398"}],"wp:attachment":[{"href":"https:\/\/jananews.cz\/index.php\/wp-json\/wp\/v2\/media?parent=108"}],"wp:term":[{"taxonomy":"category","embeddable":true,"href":"https:\/\/jananews.cz\/index.php\/wp-json\/wp\/v2\/categories?post=108"},{"taxonomy":"post_tag","embeddable":true,"href":"https:\/\/jananews.cz\/index.php\/wp-json\/wp\/v2\/tags?post=108"}],"curies":[{"name":"wp","href":"https:\/\/api.w.org\/{rel}","templated":true}]}}