{"id":110,"date":"2016-03-23T03:55:04","date_gmt":"2016-03-23T02:55:04","guid":{"rendered":"http:\/\/www.jananews.cz\/WP\/index.php\/2016\/03\/23\/na-dovolenou-k-mori-radeji-s-moskytierou\/"},"modified":"2020-08-16T22:59:17","modified_gmt":"2020-08-16T20:59:17","slug":"na-dovolenou-k-mori-radeji-s-moskytierou","status":"publish","type":"post","link":"https:\/\/jananews.cz\/index.php\/2016\/03\/23\/na-dovolenou-k-mori-radeji-s-moskytierou\/","title":{"rendered":"Na dovolenou k mo\u0159i rad\u011bji s moskyti\u00e9rou"},"content":{"rendered":"<p style=\"margin: 0cm 0cm 0.0001pt; background-image: initial; background-attachment: initial; background-size: initial; background-origin: initial; background-clip: initial; background-position: initial; background-repeat: initial;\"><span lang=\"EN-US\" style=\"font-family: 'Arial','sans-serif'; mso-ansi-language: EN-US;\">PRAHA &#8211;\u00a0Dostatek informac\u00ed by si m\u011bli \u010de\u0161t\u00ed turist\u00e9 zjistit je\u0161t\u011b p\u0159edt\u00edm, ne\u017e odjedou na letn\u00ed dovolenou do p\u0159\u00edmo\u0159sk\u00fdch st\u00e1t\u016f na jihu Evropy. <\/span><span lang=\"DE\" style=\"font-family: 'Arial','sans-serif'; mso-ansi-language: DE;\">Druh kom\u00e1ra Aedes aegypti, kter\u00fd je p\u0159ena\u0161e\u010dem viru Zika, se toti\u017e vyskytuje nap\u0159\u00edklad u\u017e i v <\/span><span style=\"font-family: 'Arial','sans-serif';\"><a><span lang=\"DE\" style=\"color: windowtext;\">Chorvatsku<\/span><\/a><\/span><span lang=\"DE\" style=\"font-family: 'Arial','sans-serif'; mso-ansi-language: DE;\">, It\u00e1lii, \u0160pan\u011blsku, ale i zem\u00edch kolem \u010cern\u00e9ho mo\u0159e.<\/span><\/p>\n<p style=\"margin: 0cm 0cm 0.0001pt; background-image: initial; background-attachment: initial; background-size: initial; background-origin: initial; background-clip: initial; background-position: initial; background-repeat: initial;\"><span lang=\"DE\" style=\"font-family: 'Arial','sans-serif'; mso-ansi-language: DE;\">\u00a0<\/span><\/p>\n<p><!--more--><\/p>\n<p style=\"margin: 0cm 0cm 0.0001pt; background-image: initial; background-attachment: initial; background-size: initial; background-origin: initial; background-clip: initial; background-position: initial; background-repeat: initial;\"><span lang=\"DE\" style=\"font-family: 'Arial','sans-serif'; mso-ansi-language: DE;\">&#8222;Sv\u011btov\u00e1 zdravotnick\u00e1 organizace s t\u011bmito zem\u011bmi spolupracuje,&#8220; uvedla \u0159editelka \u010desk\u00e9 pobo\u010dky SZO Alena \u0160teflov\u00e1 pro Eurozpr\u00e1vy.cz a dodala, \u017ee ka\u017ed\u00e1 z t\u011bchto zem\u00ed by m\u011bla m\u00edt vypracovanou<span class=\"apple-converted-space\">\u00a0<\/span><\/span><span style=\"font-family: 'Arial','sans-serif';\"><a><span lang=\"DE\" style=\"color: windowtext;\">n\u00e1rodn\u00ed<\/span><\/a><\/span><span class=\"apple-converted-space\"><span lang=\"DE\" style=\"font-family: 'Arial','sans-serif'; mso-ansi-language: DE;\">\u00a0<\/span><\/span><span lang=\"DE\" style=\"font-family: 'Arial','sans-serif'; mso-ansi-language: DE;\">strategii pro boj s p\u0159ena\u0161e\u010dem nebezpe\u010dn\u00e9ho viru. Konkr\u00e9tn\u011b jak ochr\u00e1nit vlastn\u00ed obyvatelstvo i ty, kte\u0159\u00ed do zem\u011b cestuj\u00ed, nap\u0159\u00edklad<span class=\"apple-converted-space\">\u00a0<\/span><\/span><span style=\"font-family: 'Arial','sans-serif';\"><a><span lang=\"DE\" style=\"color: windowtext;\">pomoc\u00ed<\/span><\/a><\/span><span class=\"apple-converted-space\"><span lang=\"DE\" style=\"font-family: 'Arial','sans-serif'; mso-ansi-language: DE;\">\u00a0<\/span><\/span><span lang=\"DE\" style=\"font-family: 'Arial','sans-serif'; mso-ansi-language: DE;\">moskyti\u00e9r.<\/span><\/p>\n<p style=\"margin: 0cm 0cm 0.0001pt; background-image: initial; background-attachment: initial; background-size: initial; background-origin: initial; background-clip: initial; background-position: initial; background-repeat: initial;\"><span lang=\"DE\" style=\"font-family: 'Arial','sans-serif'; mso-ansi-language: DE;\">Zat\u00edm jedin\u00fdm ochrann\u00fdm opat\u0159en\u00edm je podle \u0159editelky pou\u017e\u00edv\u00e1n\u00ed repelent\u016f a snaha chr\u00e1nit se p\u0159ed \u0161t\u00edpnut\u00edm kom\u00e1ra. \u201eV\u011bdeck\u00e1 pracovi\u0161t\u011b jsou vyz\u00fdv\u00e1na k tomu, aby zintenzivnila v\u00fdzkum a <\/span><span style=\"font-family: 'Arial','sans-serif';\"><a><span lang=\"DE\" style=\"color: windowtext;\">zjistila<\/span><\/a><\/span><span lang=\"DE\" style=\"font-family: 'Arial','sans-serif'; mso-ansi-language: DE;\">, co spojuje v\u00fdskyt mikrocef\u00e1li\u00ed a viru Zika,\u201c dodala \u0160teflov\u00e1.<\/span><\/p>\n<p style=\"margin: 0cm 0cm 0.0001pt; background-image: initial; background-attachment: initial; background-size: initial; background-origin: initial; background-clip: initial; background-position: initial; background-repeat: initial;\">V \u010cesk\u00e9 republice byly zat\u00edm potvrzeny t\u0159i p\u0159\u00edpady n\u00e1kazy virem Zika, v\u017edy se jednalo o turisty, kte\u0159\u00ed se vr\u00e1tili z oblast\u00ed, kde se virus \u0161\u00ed\u0159\u00ed. V tuzemsku \u00fadajn\u011b \u0161\u00ed\u0159en\u00ed viru nehroz\u00ed. Kom\u00e1r, kter\u00fd virus p\u0159en\u00e1\u0161\u00ed, se u n\u00e1s b\u011b\u017en\u011b nevyskytuje.<\/p>\n<p style=\"margin: 0cm 0cm 0.0001pt; background-image: initial; background-attachment: initial; background-size: initial; background-origin: initial; background-clip: initial; background-position: initial; background-repeat: initial;\">Libu\u0161e \u010capkov\u00e1<\/p>\n","protected":false},"excerpt":{"rendered":"<p>PRAHA &#8211;\u00a0Dostatek informac\u00ed by si m\u011bli \u010de\u0161t\u00ed turist\u00e9 zjistit je\u0161t\u011b p\u0159edt\u00edm, ne\u017e odjedou na letn\u00ed dovolenou do p\u0159\u00edmo\u0159sk\u00fdch st\u00e1t\u016f na jihu Evropy. Druh kom\u00e1ra Aedes aegypti, kter\u00fd je p\u0159ena\u0161e\u010dem viru Zika, se toti\u017e vyskytuje nap\u0159\u00edklad u\u017e i v Chorvatsku, It\u00e1lii, \u0160pan\u011blsku, ale i zem\u00edch kolem \u010cern\u00e9ho mo\u0159e. \u00a0<\/p>\n","protected":false},"author":1,"featured_media":398,"comment_status":"open","ping_status":"open","sticky":false,"template":"","format":"standard","meta":[],"categories":[9],"tags":[],"_links":{"self":[{"href":"https:\/\/jananews.cz\/index.php\/wp-json\/wp\/v2\/posts\/110"}],"collection":[{"href":"https:\/\/jananews.cz\/index.php\/wp-json\/wp\/v2\/posts"}],"about":[{"href":"https:\/\/jananews.cz\/index.php\/wp-json\/wp\/v2\/types\/post"}],"author":[{"embeddable":true,"href":"https:\/\/jananews.cz\/index.php\/wp-json\/wp\/v2\/users\/1"}],"replies":[{"embeddable":true,"href":"https:\/\/jananews.cz\/index.php\/wp-json\/wp\/v2\/comments?post=110"}],"version-history":[{"count":1,"href":"https:\/\/jananews.cz\/index.php\/wp-json\/wp\/v2\/posts\/110\/revisions"}],"predecessor-version":[{"id":523,"href":"https:\/\/jananews.cz\/index.php\/wp-json\/wp\/v2\/posts\/110\/revisions\/523"}],"wp:featuredmedia":[{"embeddable":true,"href":"https:\/\/jananews.cz\/index.php\/wp-json\/wp\/v2\/media\/398"}],"wp:attachment":[{"href":"https:\/\/jananews.cz\/index.php\/wp-json\/wp\/v2\/media?parent=110"}],"wp:term":[{"taxonomy":"category","embeddable":true,"href":"https:\/\/jananews.cz\/index.php\/wp-json\/wp\/v2\/categories?post=110"},{"taxonomy":"post_tag","embeddable":true,"href":"https:\/\/jananews.cz\/index.php\/wp-json\/wp\/v2\/tags?post=110"}],"curies":[{"name":"wp","href":"https:\/\/api.w.org\/{rel}","templated":true}]}}