{"id":111,"date":"2016-03-23T03:59:09","date_gmt":"2016-03-23T02:59:09","guid":{"rendered":"http:\/\/www.jananews.cz\/WP\/index.php\/2016\/03\/23\/ochota-dojizdet-za-praci-prinese-prispevek-na-dopravu\/"},"modified":"2020-08-16T22:58:46","modified_gmt":"2020-08-16T20:58:46","slug":"ochota-dojizdet-za-praci-prinese-prispevek-na-dopravu","status":"publish","type":"post","link":"https:\/\/jananews.cz\/index.php\/2016\/03\/23\/ochota-dojizdet-za-praci-prinese-prispevek-na-dopravu\/","title":{"rendered":"Ochota doj\u00ed\u017ed\u011bt za prac\u00ed p\u0159inese p\u0159\u00edsp\u011bvek na dopravu"},"content":{"rendered":"<p class=\"MsoNormal\"><span lang=\"CS\" style=\"font-family: 'Arial','sans-serif'; mso-font-kerning: 18.0pt; mso-fareast-language: EN-GB; mso-bidi-font-weight: bold;\">PRAHA &#8211; Celkem v p\u011bti kraj\u00edch za\u010dnou od dubna \u00fa\u0159ady pr\u00e1ce vypl\u00e1cet d\u00e1vku lidem doj\u00ed\u017ed\u011bj\u00edc\u00edm za prac\u00ed. <\/span><span lang=\"CS\" style=\"font-family: 'Arial','sans-serif';\">P\u0159\u00edsp\u011bvek je ur\u010den pro ty, kte\u0159\u00ed vyd\u011bl\u00e1vaj\u00ed m\u00e9n\u011b, ne\u017e je pr\u016fm\u011brn\u00e1 mzda v\u00a0zemi, tedy 25.903 korun.<\/span><\/p>\n<p><!--more--><\/p>\n<p class=\"MsoNormal\"><span lang=\"CS\" style=\"font-family: 'Arial','sans-serif';\">D\u00e1vku \u010dlov\u011bk dostane, pokud si najde pr\u00e1ci na dobu neur\u010ditou. Podporu mu \u00fa\u0159ad vyplat\u00ed ale i v p\u0159\u00edpad\u011b, \u017ee m\u00edsto bude m\u00edt na dobu ur\u010ditou del\u0161\u00ed ne\u017e jeden rok. <\/span><span lang=\"CS\" style=\"font-family: 'Arial','sans-serif'; color: black; mso-fareast-language: EN-GB;\">Podle vzd\u00e1lenosti mohou z\u00e1jemci z\u00edskat 1 000 a\u017e 3 500 korun m\u011bs\u00ed\u010dn\u011b<\/span><\/p>\n<p class=\"MsoNormal\"><span lang=\"CS\" style=\"font-family: 'Arial','sans-serif'; color: black; mso-font-kerning: 18.0pt; mso-fareast-language: EN-GB; mso-bidi-font-weight: bold;\">O p\u0159\u00edsp\u011bvek na mohou \u017e\u00e1dat lid\u00e9<\/span><span lang=\"CS\" style=\"font-family: 'Arial','sans-serif'; color: black; mso-fareast-language: EN-GB;\">, kte\u0159\u00ed jsou bez m\u00edsta v\u00edc ne\u017e rok a \u017eij\u00ed v \u00dasteck\u00e9m, Jihomoravsk\u00e9m, Olomouck\u00e9m, Moravskoslezsk\u00e9m a Karlovarsk\u00e9m kraji. Dostat ji mohou ale i lid\u00e9, kte\u0159\u00ed p\u0159i\u0161li o zam\u011bstn\u00e1n\u00ed p\u0159i hromadn\u00e9m propou\u0161t\u011bn\u00ed.<\/span><\/p>\n<p class=\"MsoNormal\">Podle mluv\u010d\u00ed \u00fa\u0159adu pr\u00e1ce Kate\u0159iny Ber\u00e1nkov\u00e9\u00a0 je v \u017e\u00e1dosti o podporu nutn\u00e9 uv\u00e9st datum n\u00e1stupu do nov\u00e9ho zam\u011bstn\u00e1n\u00ed a adresu pracovi\u0161t\u011b. Ov\u011b\u0159ovat se bude i pracovn\u00ed smlouva. Pokud \u00fa\u0159ad p\u0159\u00edsp\u011bvek p\u0159izn\u00e1, uzav\u0159e s \u017eadatelem p\u00edsemnou dohodu a pracovn\u00edk bude ka\u017ed\u00fd m\u011bs\u00edc dokl\u00e1dat v\u00fdplatn\u00ed list.<\/p>\n<p style=\"margin: 0cm 0cm 0.0001pt; background-image: initial; background-attachment: initial; background-size: initial; background-origin: initial; background-clip: initial; background-position: initial; background-repeat: initial;\">\u201eP\u0159\u00edsp\u011bvek na dopravu se bude vypl\u00e1cet podle doch\u00e1zky do zam\u011bstn\u00e1n\u00ed a v\u00fd\u0161e hrub\u00e9 mzdy,&#8220; uvedla mluv\u010d\u00ed. Za dobu nep\u0159\u00edtomnosti v pr\u00e1ci se d\u00e1vka nevypl\u00e1c\u00ed.<\/p>\n<p style=\"margin: 0cm 0cm 0.0001pt; background-image: initial; background-attachment: initial; background-size: initial; background-origin: initial; background-clip: initial; background-position: initial; background-repeat: initial;\">\nLibu\u0161e \u010capkov\u00e1<\/p>\n","protected":false},"excerpt":{"rendered":"<p>PRAHA &#8211; Celkem v p\u011bti kraj\u00edch za\u010dnou od dubna \u00fa\u0159ady pr\u00e1ce vypl\u00e1cet d\u00e1vku lidem doj\u00ed\u017ed\u011bj\u00edc\u00edm za prac\u00ed. P\u0159\u00edsp\u011bvek je ur\u010den pro ty, kte\u0159\u00ed vyd\u011bl\u00e1vaj\u00ed m\u00e9n\u011b, ne\u017e je pr\u016fm\u011brn\u00e1 mzda v\u00a0zemi, tedy 25.903 korun.<\/p>\n","protected":false},"author":1,"featured_media":398,"comment_status":"open","ping_status":"open","sticky":false,"template":"","format":"standard","meta":[],"categories":[9],"tags":[],"_links":{"self":[{"href":"https:\/\/jananews.cz\/index.php\/wp-json\/wp\/v2\/posts\/111"}],"collection":[{"href":"https:\/\/jananews.cz\/index.php\/wp-json\/wp\/v2\/posts"}],"about":[{"href":"https:\/\/jananews.cz\/index.php\/wp-json\/wp\/v2\/types\/post"}],"author":[{"embeddable":true,"href":"https:\/\/jananews.cz\/index.php\/wp-json\/wp\/v2\/users\/1"}],"replies":[{"embeddable":true,"href":"https:\/\/jananews.cz\/index.php\/wp-json\/wp\/v2\/comments?post=111"}],"version-history":[{"count":1,"href":"https:\/\/jananews.cz\/index.php\/wp-json\/wp\/v2\/posts\/111\/revisions"}],"predecessor-version":[{"id":522,"href":"https:\/\/jananews.cz\/index.php\/wp-json\/wp\/v2\/posts\/111\/revisions\/522"}],"wp:featuredmedia":[{"embeddable":true,"href":"https:\/\/jananews.cz\/index.php\/wp-json\/wp\/v2\/media\/398"}],"wp:attachment":[{"href":"https:\/\/jananews.cz\/index.php\/wp-json\/wp\/v2\/media?parent=111"}],"wp:term":[{"taxonomy":"category","embeddable":true,"href":"https:\/\/jananews.cz\/index.php\/wp-json\/wp\/v2\/categories?post=111"},{"taxonomy":"post_tag","embeddable":true,"href":"https:\/\/jananews.cz\/index.php\/wp-json\/wp\/v2\/tags?post=111"}],"curies":[{"name":"wp","href":"https:\/\/api.w.org\/{rel}","templated":true}]}}