{"id":114,"date":"2016-03-29T19:59:48","date_gmt":"2016-03-29T17:59:48","guid":{"rendered":"http:\/\/www.jananews.cz\/WP\/index.php\/2016\/03\/29\/michal-pavlicek-a-jeho-dalsi-zeme-vzdalene\/"},"modified":"2016-03-29T19:59:48","modified_gmt":"2016-03-29T17:59:48","slug":"michal-pavlicek-a-jeho-dalsi-zeme-vzdalene","status":"publish","type":"post","link":"https:\/\/jananews.cz\/index.php\/2016\/03\/29\/michal-pavlicek-a-jeho-dalsi-zeme-vzdalene\/","title":{"rendered":"Michal Pavl\u00ed\u010dek a jeho dal\u0161\u00ed zem\u011b vzd\u00e1len\u00e9"},"content":{"rendered":"<p>PRAHA &#8211; Kytarista a skladatel Michal Pavl\u00ed\u010dek vyd\u00e1v\u00e1 svoji knihu Zem\u011b vzd\u00e1len\u00e9 dopln\u011bnou o roky 2009 &#8211; 2015. Kniha Zem\u011b vzd\u00e1len\u00e9, vydan\u00e1 poprv\u00e9 v roce 2008, je vypr\u00e1v\u011bn\u00edm o \u017eivot\u011b, hudb\u011b, divadle, muzik\u00e1lech, filmech i seri\u00e1lech, radostech i bolestech, o politice a \u017eivot\u011b ve\u0159ejn\u00e9m, o \u017eit\u00ed ve m\u011bst\u011b i na vesnici, o \u017een\u00e1ch, mu\u017e\u00edch, d\u011btech i vnou\u010datech, o zdrav\u00ed i nepohod\u011b, o zp\u011bv\u00e1c\u00edch a zp\u011bva\u010dk\u00e1ch, o radostech, smutku, nad\u011bji i beznad\u011bji, o l\u00e1sce a nen\u00e1visti, o tom, co bylo, je a bude\u2026<\/p>\n<p>  <!--more-->  <\/p>\n<p>Nov\u00e9 vyd\u00e1n\u00ed je roz\u0161\u00ed\u0159en\u00e9 o n\u011bkolik z\u00e1sadn\u00edch ud\u00e1lost\u00ed, kter\u00e9 se odehr\u00e1ly od t\u00e9 doby. T\u011bmi hlavn\u00edmi byly spolupr\u00e1ce s V\u00e1clavem Havlem na jeho filmu Odch\u00e1zen\u00ed, obnoven\u00ed Pra\u017esk\u00e9ho v\u00fdb\u011bru, nov\u00e9 album Stromboli spojen\u00e9 s vyprodan\u00fdm koncertem v O2 ar\u00e9n\u011b.<\/p>\n<p>\u201eKdy\u017e jsem V\u00e1clavovi pou\u0161t\u011bl sv\u016fj song se svahilsk\u00fdm kv\u00edlen\u00edm, usm\u00e1l se a \u0159ekl: \u201eTo je odch\u00e1zen\u00ed.\u201d A byl venku hlavn\u00ed motiv filmu. Pozd\u011bji, kdy\u017e jsem to\u010dil hudbu k Odch\u00e1zen\u00ed na\u010disto, jsem se demo sna\u017eil profesion\u00e1ln\u011b nato\u010dit a p\u0159ezp\u00edvat znovu, ale nikdy jsem do v\u00fdrazu u\u017e nedostal tu silnou n\u00e1ladu okam\u017eiku zrozen\u00ed. To je z\u00e1hada skladatelsk\u00fdch dem\u00e1\u010d\u016f, \u010dlov\u011bk v tu magickou chv\u00edli, kdy slo\u017e\u00ed silnou p\u00edse\u0148 nebo t\u00e9ma, m\u00e1 v sob\u011b asi nejv\u00edc obna\u017eenou vnit\u0159n\u00ed linii emoce. Je to vlastn\u011b takov\u00fd porod.\u201c V\u0161echny texty doprov\u00e1zej\u00ed autentick\u00e9 fotografie.<\/p>\n<p>Autobiografick\u00e1 publikace Michala Pavl\u00ed\u010dka z\u00edskala po sv\u00e9m prvn\u00edm vyd\u00e1n\u00ed \u010ceskou v\u00fdro\u010dn\u00ed rockovou cenu B\u0159itva. Reakce kritiky i \u010dten\u00e1\u0159\u016f byly veskrze p\u0159\u00edv\u011btiv\u00e9. Ocenili p\u0159edev\u0161\u00edm otev\u0159enost, se kterou ji Pavl\u00ed\u010dek napsal.<\/p>\n<p>Marcela Ko\u010dandrlov\u00e1<\/p>\n<p><img loading=\"lazy\" class=\" size-full wp-image-113\" src=\"https:\/\/jananews.cz\/wp-content\/uploads\/2016\/03\/michal_pavlicek_kniha_zemevzdalene.jpg\" alt=\"\" width=\"310\" height=\"393\" srcset=\"https:\/\/jananews.cz\/wp-content\/uploads\/2016\/03\/michal_pavlicek_kniha_zemevzdalene.jpg 379w, https:\/\/jananews.cz\/wp-content\/uploads\/2016\/03\/michal_pavlicek_kniha_zemevzdalene-237x300.jpg 237w\" sizes=\"(max-width: 310px) 100vw, 310px\" \/><\/p>\n","protected":false},"excerpt":{"rendered":"<p>PRAHA &#8211; Kytarista a skladatel Michal Pavl\u00ed\u010dek vyd\u00e1v\u00e1 svoji knihu Zem\u011b vzd\u00e1len\u00e9 dopln\u011bnou o roky 2009 &#8211; 2015. Kniha Zem\u011b vzd\u00e1len\u00e9, vydan\u00e1 poprv\u00e9 v roce 2008, je vypr\u00e1v\u011bn\u00edm o \u017eivot\u011b, hudb\u011b, divadle, muzik\u00e1lech, filmech i seri\u00e1lech, radostech i bolestech, o politice a \u017eivot\u011b ve\u0159ejn\u00e9m, o \u017eit\u00ed ve m\u011bst\u011b i na vesnici, o \u017een\u00e1ch, mu\u017e\u00edch, d\u011btech<\/p>\n","protected":false},"author":1,"featured_media":113,"comment_status":"open","ping_status":"open","sticky":false,"template":"","format":"standard","meta":[],"categories":[7],"tags":[],"_links":{"self":[{"href":"https:\/\/jananews.cz\/index.php\/wp-json\/wp\/v2\/posts\/114"}],"collection":[{"href":"https:\/\/jananews.cz\/index.php\/wp-json\/wp\/v2\/posts"}],"about":[{"href":"https:\/\/jananews.cz\/index.php\/wp-json\/wp\/v2\/types\/post"}],"author":[{"embeddable":true,"href":"https:\/\/jananews.cz\/index.php\/wp-json\/wp\/v2\/users\/1"}],"replies":[{"embeddable":true,"href":"https:\/\/jananews.cz\/index.php\/wp-json\/wp\/v2\/comments?post=114"}],"version-history":[{"count":0,"href":"https:\/\/jananews.cz\/index.php\/wp-json\/wp\/v2\/posts\/114\/revisions"}],"wp:featuredmedia":[{"embeddable":true,"href":"https:\/\/jananews.cz\/index.php\/wp-json\/wp\/v2\/media\/113"}],"wp:attachment":[{"href":"https:\/\/jananews.cz\/index.php\/wp-json\/wp\/v2\/media?parent=114"}],"wp:term":[{"taxonomy":"category","embeddable":true,"href":"https:\/\/jananews.cz\/index.php\/wp-json\/wp\/v2\/categories?post=114"},{"taxonomy":"post_tag","embeddable":true,"href":"https:\/\/jananews.cz\/index.php\/wp-json\/wp\/v2\/tags?post=114"}],"curies":[{"name":"wp","href":"https:\/\/api.w.org\/{rel}","templated":true}]}}