{"id":115,"date":"2016-03-30T23:21:57","date_gmt":"2016-03-30T21:21:57","guid":{"rendered":"http:\/\/www.jananews.cz\/WP\/index.php\/2016\/03\/30\/mnaga-a-zdorp-zahajuje-jarni-turne\/"},"modified":"2020-08-16T22:41:28","modified_gmt":"2020-08-16T20:41:28","slug":"mnaga-a-zdorp-zahajuje-jarni-turne","status":"publish","type":"post","link":"https:\/\/jananews.cz\/index.php\/2016\/03\/30\/mnaga-a-zdorp-zahajuje-jarni-turne\/","title":{"rendered":"M\u0148\u00e1ga a \u017d\u010forp zahajuje jarn\u00ed turn\u00e9"},"content":{"rendered":"<p style=\"margin: 6pt 0cm 0.0001pt; background-image: initial; background-attachment: initial; background-size: initial; background-origin: initial; background-clip: initial; background-position: initial; background-repeat: initial;\"><span style=\"font-family: 'Arial','sans-serif';\">OLOMOUC \u2013 Leto\u0161n\u00ed jarn\u00ed turn\u00e9 zahajuje dnes v\u00a0olomouck\u00e9m U-klubu skupina M\u0148\u00e1ga a \u017d\u010forp. P\u0159edstavitele alternativn\u00edho rocku z\u00a0Vala\u0161sk\u00e9ho Mezi\u0159\u00ed\u010d\u00ed \u010dek\u00e1 po dne\u0161n\u00edm prvn\u00edm koncertu v\u00edce ne\u017e dvac\u00edtka dal\u0161\u00edch. Jarn\u00ed turn\u00e9 kapela ukon\u010d\u00ed 17. \u010dervna v\u00a0Kop\u0159ivnici.<\/span><\/p>\n<p><!--more--><\/p>\n<p class=\"MsoNormal\" style=\"vertical-align: baseline; background-image: initial; background-attachment: initial; background-size: initial; background-origin: initial; background-clip: initial; background-position: initial; background-repeat: initial;\"><span lang=\"CS\" style=\"font-family: 'Arial','sans-serif'; color: black; mso-themecolor: text1;\">Jedna z\u00a0nejv\u00fdrazn\u011bj\u0161\u00edch tuzemsk\u00fdch skupin polistopadov\u00e9 historie vznikla\u00a0 z\u00a0\u010dlen\u016f Slep\u00e9ho st\u0159eva, Vlek\u00e9ho plytko\u0161e \u010di Happyendu v\u00a0roce 1987. Do pov\u011bdom\u00ed se dostala p\u0159edev\u0161\u00edm hitem Hodinov\u00fd hotel, kter\u00fd je prvn\u00ed skladbou debutov\u00e9ho alba skupiny, nazvan\u00e9ho\u00a0 p\u0159\u00edhodn\u011b Made in Valmez, v\u00a0roce 1991. Zat\u00edm posledn\u00ed, dvan\u00e1ct\u00e9 album vy\u0161lo v\u00a0roce 2014 pod n\u00e1zvem Made in China.<\/span><\/p>\n<p class=\"MsoNormal\" style=\"vertical-align: baseline; background-image: initial; background-attachment: initial; background-size: initial; background-origin: initial; background-clip: initial; background-position: initial; background-repeat: initial;\">Vedle vlastn\u00edch alb se \u0161lenov\u00e9 kapely pod\u00edleli i na nahr\u00e1vk\u00e1ch n\u011bkolika dal\u0161\u00edch skupin, frontman M\u0148\u00e1gy Petr Fiala nav\u00edc vydal samostatn\u00e1 alba<span class=\"apple-converted-space\">\u00a0<\/span>Ne\u010dum a tleskej!<span class=\"apple-converted-space\">\u00a0<\/span>(1994) a<span class=\"apple-converted-space\">\u00a0<\/span>Je \u010das<span class=\"apple-converted-space\">\u00a0<\/span>(2005).<\/p>\n<p class=\"MsoNormal\" style=\"vertical-align: baseline; background-image: initial; background-attachment: initial; background-size: initial; background-origin: initial; background-clip: initial; background-position: initial; background-repeat: initial;\"><span lang=\"CS\" style=\"font-family: 'Arial','sans-serif'; color: black; mso-themecolor: text1;\">Kompletn\u00ed p\u0159ehled koncert\u016f najdou p\u0159\u00edznivci kapely na webov\u00fdch str\u00e1nk\u00e1ch <\/span><span lang=\"CS\" style=\"font-family: 'Arial','sans-serif'; color: black; mso-themecolor: text1; mso-fareast-language: EN-GB;\"><span style=\"color: black;\"><a href=\"http:\/\/www.mnaga.cz\/koncerty.php\">http:\/\/www.mnaga.cz\/koncerty.php<\/a><\/span><\/span><\/p>\n<p class=\"MsoNormal\" style=\"vertical-align: baseline; background-image: initial; background-attachment: initial; background-size: initial; background-origin: initial; background-clip: initial; background-position: initial; background-repeat: initial;\">-jkr-<\/p>\n<p style=\"margin: 6pt 0cm 0.0001pt; background-image: initial; background-attachment: initial; background-size: initial; background-origin: initial; background-clip: initial; background-position: initial; background-repeat: initial;\">\n","protected":false},"excerpt":{"rendered":"<p>OLOMOUC \u2013 Leto\u0161n\u00ed jarn\u00ed turn\u00e9 zahajuje dnes v\u00a0olomouck\u00e9m U-klubu skupina M\u0148\u00e1ga a \u017d\u010forp. P\u0159edstavitele alternativn\u00edho rocku z\u00a0Vala\u0161sk\u00e9ho Mezi\u0159\u00ed\u010d\u00ed \u010dek\u00e1 po dne\u0161n\u00edm prvn\u00edm koncertu v\u00edce ne\u017e dvac\u00edtka dal\u0161\u00edch. Jarn\u00ed turn\u00e9 kapela ukon\u010d\u00ed 17. \u010dervna v\u00a0Kop\u0159ivnici.<\/p>\n","protected":false},"author":1,"featured_media":398,"comment_status":"open","ping_status":"open","sticky":false,"template":"","format":"standard","meta":[],"categories":[7],"tags":[],"_links":{"self":[{"href":"https:\/\/jananews.cz\/index.php\/wp-json\/wp\/v2\/posts\/115"}],"collection":[{"href":"https:\/\/jananews.cz\/index.php\/wp-json\/wp\/v2\/posts"}],"about":[{"href":"https:\/\/jananews.cz\/index.php\/wp-json\/wp\/v2\/types\/post"}],"author":[{"embeddable":true,"href":"https:\/\/jananews.cz\/index.php\/wp-json\/wp\/v2\/users\/1"}],"replies":[{"embeddable":true,"href":"https:\/\/jananews.cz\/index.php\/wp-json\/wp\/v2\/comments?post=115"}],"version-history":[{"count":1,"href":"https:\/\/jananews.cz\/index.php\/wp-json\/wp\/v2\/posts\/115\/revisions"}],"predecessor-version":[{"id":497,"href":"https:\/\/jananews.cz\/index.php\/wp-json\/wp\/v2\/posts\/115\/revisions\/497"}],"wp:featuredmedia":[{"embeddable":true,"href":"https:\/\/jananews.cz\/index.php\/wp-json\/wp\/v2\/media\/398"}],"wp:attachment":[{"href":"https:\/\/jananews.cz\/index.php\/wp-json\/wp\/v2\/media?parent=115"}],"wp:term":[{"taxonomy":"category","embeddable":true,"href":"https:\/\/jananews.cz\/index.php\/wp-json\/wp\/v2\/categories?post=115"},{"taxonomy":"post_tag","embeddable":true,"href":"https:\/\/jananews.cz\/index.php\/wp-json\/wp\/v2\/tags?post=115"}],"curies":[{"name":"wp","href":"https:\/\/api.w.org\/{rel}","templated":true}]}}