{"id":118,"date":"2016-03-30T23:31:52","date_gmt":"2016-03-30T21:31:52","guid":{"rendered":"http:\/\/www.jananews.cz\/WP\/index.php\/2016\/03\/30\/tv-rockparada-duben-2016\/"},"modified":"2016-03-30T23:31:52","modified_gmt":"2016-03-30T21:31:52","slug":"tv-rockparada-duben-2016","status":"publish","type":"post","link":"https:\/\/jananews.cz\/index.php\/2016\/03\/30\/tv-rockparada-duben-2016\/","title":{"rendered":"TV ROCKPAR\u00c1DA \u2013 duben 2016"},"content":{"rendered":"<p>PRAHA &#8211; Do nov\u00e9 TV Rockpar\u00e1dy p\u0159ijali pozv\u00e1n\u00ed: Tonda Rauer &#8211; HARLEJ, Mardo\u0161a &#8211; TATA BOJS, Ji\u0159in a Trucin &#8211; PENZISTOR a Honza Vyt\u00e1sek. Na koncert americk\u00fdch power metal\u00e1k\u016f CIRCLE II. CIRCLE n\u00e1s pozve Ji\u0159\u00ed Kub\u00edk z ag.Ozzy a Potkan a co v\u0161echno najdeme pod Rock Fashion a Steel Boots n\u00e1m prozrad\u00ed Robert Melichar.<\/p>\n<p>  <!--more-->  <\/p>\n<p>Skv\u011blou upout\u00e1vku na jej\u00edm\u017e konci v\u0161ichni tan\u010d\u00ed najdete na: <a href=\"https:\/\/youtu.be\/VcA-Wt9SqCI\">https:\/\/youtu.be\/VcA-Wt9SqCI<\/a><\/p>\n<p>Sout\u011b\u017e je op\u011bt pln\u00e1 super rockov\u00fdch d\u00e1rk\u016f: Krom\u011b jin\u00fdch tu budete moci vyhr\u00e1t i vol\u0148\u00e1sky na koncerty CIRCLE II. CIRCE a skotsk\u00e9 legendy NAZARETH. Kompletn\u00ed info a jak hlasovat najdete od 1.4. na <a href=\"http:\/\/www.rockparada.cz\">www.rockparada.cz<\/a>.<br \/>\u00a0<br \/>Na premi\u00e9ru dubnov\u00e9ho d\u00edlu se m\u016f\u017eete pod\u00edvat:<br \/>&#8211; v ned\u011bli 3.4. od 20 hod.na TV HARMONIE ( ant\u00e9ny \u2013 Praha + st\u0159ed\u00ed \u010cechy ) <br \/>&#8211; od p\u00e1tku 1.4. na: <a href=\"http:\/\/www.rockparada.cz\">www.rockparada.cz<\/a>\u00a0 +\u00a0 <a href=\"http:\/\/www.youtube.com\/tvrockparadacz\">www.youtube.com\/tvrockparadacz<\/a><br \/>\u00a0<br \/>Po\u0159ad\u00ed sout\u011b\u017en\u00edch videoklip\u016f:<br \/>1. VOS\u00cd HN\u00cdZDO \u2013 D\u011bda d\u011bl\u00e1 d\u011bla \u2013 b\u0159ezen 5.m\u00edsto <br \/>2. JAN VYT\u00c1SEK \u2013 Angelina \u2013 <strong>novinka<\/strong> <br \/>3. ARAKAIN \u2013 Princess \u2013 b\u0159ezen 4.m\u00edsto <br \/>4. PENZISTOR \u2013 Chopper d\u011bdek \u2013 <strong>novinka<\/strong> <br \/>5. LIMETAL \u2013 Na tenk\u00e9m led\u011b \u2013 b\u0159ezen 3.m\u00edsto &#8211; byli 3x, vypadaj\u00ed<br \/>&#8211; nahrazeno \u2013 CELA PRO KL\u00c1RKU \u2013 Prase a sud \u2013 <strong>novinka<\/strong><br \/>6. AIRBACK \u2013 And\u011bl \u2013 <strong>novinka<\/strong><br \/>7. GORILLA CRASH \u2013 Dve\u0159e \u2013 b\u0159ezen 2.m\u00edsto <br \/>8. TATA BOJS \u2013 Radioamat\u00e9r \u2013 <strong>novinka<\/strong><br \/>9. SABINA \u2013 Prst\u00fdnek \u2013 b\u0159ezen 1.m\u00edsto\u00a0\u00a0 <br \/>10. HARLEJ \u2013 P\u0159irozen\u00ed \u2013 <strong>novinka<\/strong> <br \/>&#8211; na\u0161imi p\u0159\u00e1teli se m\u016f\u017eete st\u00e1t na: <a href=\"http:\/\/www.facebook.com\/rockparada\">www.facebook.com\/rockparada<\/a> <br \/>P\u0159\u00edjemn\u011b str\u00e1venou hodinku s \u010desk\u00fdmi rockery v\u00e1m p\u0159eje TV ROCKPAR\u00c1DA TEAM &#8211; \u010dlen Fajn Rock Music Projekt<\/p>\n<p>Petr K\u016fsa<br \/><span style=\"font-family: 'Arial','sans-serif'; font-size: 10pt; mso-fareast-font-family: 'Times New Roman'; mso-ansi-language: CS; mso-fareast-language: CS; mso-bidi-language: AR-SA;\"><span style=\"color: #000000;\">autor po\u0159adu \u2013 <\/span><span style=\"color: black;\">Fajn Rock Music Projekt<\/span><span style=\"color: #000000;\"> \u2013 2015 \u2013 <a href=\"http:\/\/www.fajnrockmusic.cz\">www.fajnrockmusic.cz<\/a> <\/span><\/span><\/p>\n<p><span style=\"font-family: 'Arial','sans-serif'; font-size: 10pt; mso-fareast-font-family: 'Times New Roman'; mso-ansi-language: CS; mso-fareast-language: CS; mso-bidi-language: AR-SA;\"><span style=\"color: #000000;\"><img loading=\"lazy\" class=\" size-full wp-image-117\" src=\"https:\/\/jananews.cz\/wp-content\/uploads\/2016\/03\/rockparada_harlej_rauer.jpg\" alt=\"\" width=\"470\" height=\"294\" srcset=\"https:\/\/jananews.cz\/wp-content\/uploads\/2016\/03\/rockparada_harlej_rauer.jpg 1600w, https:\/\/jananews.cz\/wp-content\/uploads\/2016\/03\/rockparada_harlej_rauer-300x188.jpg 300w, https:\/\/jananews.cz\/wp-content\/uploads\/2016\/03\/rockparada_harlej_rauer-1024x641.jpg 1024w, https:\/\/jananews.cz\/wp-content\/uploads\/2016\/03\/rockparada_harlej_rauer-768x480.jpg 768w, https:\/\/jananews.cz\/wp-content\/uploads\/2016\/03\/rockparada_harlej_rauer-1536x961.jpg 1536w\" sizes=\"(max-width: 470px) 100vw, 470px\" \/><img loading=\"lazy\" src=\"images\/rockparada_penzistor.jpg\" alt=\"\" width=\"470\" height=\"313\" \/><\/span><\/span><\/p>\n<p><span style=\"font-family: 'Arial','sans-serif'; font-size: 10pt; mso-fareast-font-family: 'Times New Roman'; mso-ansi-language: CS; mso-fareast-language: CS; mso-bidi-language: AR-SA;\"><span style=\"color: #000000;\"><img loading=\"lazy\" src=\"images\/rockparada_tatabojs_mardosa.jpg\" alt=\"\" width=\"470\" height=\"315\" \/><\/span><\/span><\/p>\n<p>\u00a0<\/p>\n","protected":false},"excerpt":{"rendered":"<p>PRAHA &#8211; Do nov\u00e9 TV Rockpar\u00e1dy p\u0159ijali pozv\u00e1n\u00ed: Tonda Rauer &#8211; HARLEJ, Mardo\u0161a &#8211; TATA BOJS, Ji\u0159in a Trucin &#8211; PENZISTOR a Honza Vyt\u00e1sek. Na koncert americk\u00fdch power metal\u00e1k\u016f CIRCLE II. CIRCLE n\u00e1s pozve Ji\u0159\u00ed Kub\u00edk z ag.Ozzy a Potkan a co v\u0161echno najdeme pod Rock Fashion a Steel Boots n\u00e1m prozrad\u00ed Robert Melichar.<\/p>\n","protected":false},"author":1,"featured_media":117,"comment_status":"open","ping_status":"open","sticky":false,"template":"","format":"standard","meta":[],"categories":[7],"tags":[],"_links":{"self":[{"href":"https:\/\/jananews.cz\/index.php\/wp-json\/wp\/v2\/posts\/118"}],"collection":[{"href":"https:\/\/jananews.cz\/index.php\/wp-json\/wp\/v2\/posts"}],"about":[{"href":"https:\/\/jananews.cz\/index.php\/wp-json\/wp\/v2\/types\/post"}],"author":[{"embeddable":true,"href":"https:\/\/jananews.cz\/index.php\/wp-json\/wp\/v2\/users\/1"}],"replies":[{"embeddable":true,"href":"https:\/\/jananews.cz\/index.php\/wp-json\/wp\/v2\/comments?post=118"}],"version-history":[{"count":0,"href":"https:\/\/jananews.cz\/index.php\/wp-json\/wp\/v2\/posts\/118\/revisions"}],"wp:featuredmedia":[{"embeddable":true,"href":"https:\/\/jananews.cz\/index.php\/wp-json\/wp\/v2\/media\/117"}],"wp:attachment":[{"href":"https:\/\/jananews.cz\/index.php\/wp-json\/wp\/v2\/media?parent=118"}],"wp:term":[{"taxonomy":"category","embeddable":true,"href":"https:\/\/jananews.cz\/index.php\/wp-json\/wp\/v2\/categories?post=118"},{"taxonomy":"post_tag","embeddable":true,"href":"https:\/\/jananews.cz\/index.php\/wp-json\/wp\/v2\/tags?post=118"}],"curies":[{"name":"wp","href":"https:\/\/api.w.org\/{rel}","templated":true}]}}