{"id":122,"date":"2016-03-31T00:03:17","date_gmt":"2016-03-30T22:03:17","guid":{"rendered":"http:\/\/www.jananews.cz\/WP\/index.php\/2016\/03\/31\/jana-uriel-kratochvilova-rozezvuci-prazskou-mestskou-knihovnu\/"},"modified":"2020-08-16T22:40:24","modified_gmt":"2020-08-16T20:40:24","slug":"jana-uriel-kratochvilova-rozezvuci-prazskou-mestskou-knihovnu","status":"publish","type":"post","link":"https:\/\/jananews.cz\/index.php\/2016\/03\/31\/jana-uriel-kratochvilova-rozezvuci-prazskou-mestskou-knihovnu\/","title":{"rendered":"Jana Uriel Kratochv\u00edlov\u00e1 rozezvu\u010d\u00ed pra\u017eskou m\u011bstskou knihovnu"},"content":{"rendered":"<p class=\"MsoNormal\" style=\"margin-top: 3.35pt; vertical-align: baseline;\"><span lang=\"CS\" style=\"font-family: 'Arial','sans-serif'; mso-font-kerning: 18.0pt; mso-fareast-language: EN-GB; mso-bidi-font-weight: bold;\">PRAHA \u2013 Netradi\u010dn\u00ed vystoupen\u00ed p\u0159iv\u00edt\u00e1 ve\u00a0<\/span><span style=\"font-size: 12.16px; line-height: 15.808px;\">\u010dtvrtek<\/span><span style=\"font-family: Arial, sans-serif; font-size: 12.16px; line-height: 1.3em;\">\u00a031. b\u0159ezna komorn\u00ed prost\u0159ed\u00ed M\u011bstsk\u00e9 knihovny na pra\u017esk\u00e9m Mari\u00e1nsk\u00e9m n\u00e1m\u011bst\u00ed. O p\u016fl osm\u00e9 ve\u010der tam zazp\u00edv\u00e1 rockov\u00e1 legenda Jana Uriel Kratochv\u00edlov\u00e1.<\/span><\/p>\n<p><!--more--><\/p>\n<p class=\"MsoNormal\" style=\"margin-top: 3.35pt; vertical-align: baseline;\"><span lang=\"CS\" style=\"font-family: 'Arial','sans-serif'; mso-fareast-language: EN-GB;\">Jana Pope, Z Goddess, Zuru, Heretyka, Uriel, Jasm\u00edna, to v\u0161echno jsou jm\u00e9na, pod nimi\u017e vystupovala nebo vystupuje rockerka, mysti\u010dka a filosofka, kter\u00e1 je zn\u00e1m\u00e1 nejen neoby\u010dejn\u011b \u0161irok\u00fdm rozsahem sv\u00e9ho hlasu, ale i <\/span><span lang=\"CS\" style=\"font-family: 'Arial','sans-serif';\">spont\u00e1nn\u00ed pohybovou kulturou, mimikou, \u010di smyslem pro humor. M\u011bstsk\u00e1 knihovna se m\u00e1 vskutku na co t\u011b\u0161it. <\/span><\/p>\n<p class=\"MsoNormal\" style=\"margin-top: 3.35pt; vertical-align: baseline;\"><span lang=\"CS\" style=\"font-family: 'Arial','sans-serif';\">Kratochv\u00edlov\u00e1 hr\u00e1la v\u00a0d\u011btstv\u00ed na housle a jako prvn\u00ed houslistka to dot\u00e1hla a\u017e k zahrani\u010dn\u00edm turn\u00e9. Obrat nastal v\u00a0pubert\u011b, kdy ji uchv\u00e1tila bratrova kytara. Zaujal ji tak\u00e9 tanec, gymnazi\u00e1ln\u00ed l\u00e9ta protancovala v avantgardn\u00ed skupin\u011b Franka Towena.<\/span><\/p>\n<p class=\"MsoNormal\" style=\"margin-top: 3.35pt; vertical-align: baseline;\">Od roku 1973 zp\u00edvala s\u00a0celou \u0159adou skupin nejr\u016fzn\u011bj\u0161\u00edch \u017e\u00e1nr\u016f, nejv\u00edce ji ale z\u0159ejm\u011b ovlivnila spolupr\u00e1ce <a title=\"Jazz Q\" href=\"https:\/\/cs.wikipedia.org\/wiki\/Jazz_Q\"><span style=\"color: windowtext;\">Jazz Q<\/span><\/a><span class=\"apple-converted-space\">\u00a0<\/span><a title=\"Martin Kratochv\u00edl\" href=\"https:\/\/cs.wikipedia.org\/wiki\/Martin_Kratochv%C3%ADl\"><span style=\"color: windowtext;\">Martina Kratochv\u00edla<\/span><\/a>, vlastn\u00ed skupinou Motor a pr\u016fkopnickou<span class=\"apple-converted-space\">\u00a0<\/span><a title=\"Rock-reggae (str\u00e1nka neexistuje)\" href=\"https:\/\/cs.wikipedia.org\/w\/index.php?title=Rock-reggae&amp;action=edit&amp;redlink=1\"><span style=\"color: windowtext;\">rock-reggae<\/span><\/a><span class=\"apple-converted-space\">\u00a0<\/span>skupinou<span class=\"apple-converted-space\">\u00a0<\/span><a title=\"Heval (str\u00e1nka neexistuje)\" href=\"https:\/\/cs.wikipedia.org\/w\/index.php?title=Heval&amp;action=edit&amp;redlink=1\"><span style=\"color: windowtext;\">Heval<\/span><\/a><span class=\"apple-converted-space\">, ve kter\u00e9 hr\u00e1li mimo jin\u00e9 <\/span>Zdenek Jura\u010dka a Franta Kotva. Vzhledem probl\u00e9m\u016fm kv\u016fli sv\u00e9 v\u00fdst\u0159ednosti j\u00ed \u010dekaly nejr\u016fzn\u011bj\u0161\u00ed omezen\u00ed a z\u00e1kazy, a tak emigrovala.<\/p>\n<p class=\"MsoNormal\" style=\"margin-top: 3.35pt; vertical-align: baseline;\">Zp\u00edvala nejen v\u00a0Anglii a Irsku, kde z\u00edskala \u0159adu ocen\u011bn\u00ed, ale i v\u00a0dal\u0161\u00edch zem\u00edch, hlavn\u011b v\u00a0N\u011bmecku a Francii.\u00a0 Po studi\u00edch r\u016fzn\u00fdch filosofi\u00ed a obor\u016f alternativn\u00ed medic\u00edny se propojovala se se spoustou alternativn\u00edch um\u011blc\u016f ve stylu new age anebo anarchistick\u00fd hard core. Anonymn\u011b zp\u00edvala tak\u00e9 ve velk\u00fdch kosteln\u00edch sborech.<\/p>\n<p style=\"margin: 6pt 0cm 0.0001pt; background-image: initial; background-attachment: initial; background-size: initial; background-origin: initial; background-clip: initial; background-position: initial; background-repeat: initial;\"><span lang=\"CS\" style=\"font-family: 'Arial','sans-serif'; mso-ansi-language: CS;\">V<span class=\"apple-converted-space\">\u00a0<\/span><\/span><span style=\"font-family: 'Arial','sans-serif';\"><a title=\"1990\u20131999\" href=\"https:\/\/cs.wikipedia.org\/wiki\/1990%E2%80%931999\"><span lang=\"CS\" style=\"color: windowtext;\">90. letech<\/span><\/a><\/span><span class=\"apple-converted-space\"><span lang=\"CS\" style=\"font-family: 'Arial','sans-serif'; mso-ansi-language: CS;\">\u00a0<\/span><\/span><span lang=\"CS\" style=\"font-family: 'Arial','sans-serif'; mso-ansi-language: CS;\">nato\u010dila n\u011bkolik esoterick\u00fdch,<span class=\"apple-converted-space\">\u00a0<\/span><\/span><span style=\"font-family: 'Arial','sans-serif';\"><a title=\"Rock\" href=\"https:\/\/cs.wikipedia.org\/wiki\/Rock\"><span lang=\"CS\" style=\"color: windowtext;\">rockov\u00fdch<\/span><\/a><\/span><span class=\"apple-converted-space\"><span lang=\"CS\" style=\"font-family: 'Arial','sans-serif'; mso-ansi-language: CS;\">\u00a0<\/span><\/span><span lang=\"CS\" style=\"font-family: 'Arial','sans-serif'; mso-ansi-language: CS;\">i<span class=\"apple-converted-space\">\u00a0<\/span><\/span><span style=\"font-family: 'Arial','sans-serif';\"><a title=\"Pop music\" href=\"https:\/\/cs.wikipedia.org\/wiki\/Pop_music\"><span lang=\"CS\" style=\"color: windowtext;\">popov\u00fdch<\/span><\/a><\/span><span class=\"apple-converted-space\"><span lang=\"CS\" style=\"font-family: 'Arial','sans-serif'; mso-ansi-language: CS;\">\u00a0<\/span><\/span><span lang=\"CS\" style=\"font-family: 'Arial','sans-serif'; mso-ansi-language: CS;\">nahr\u00e1vek pod n\u011bkolika<span class=\"apple-converted-space\">\u00a0<\/span><\/span><span style=\"font-family: 'Arial','sans-serif';\"><a title=\"Um\u011blec\" href=\"https:\/\/cs.wikipedia.org\/wiki\/Um%C4%9Blec\"><span lang=\"CS\" style=\"color: windowtext;\">um\u011bleck\u00fdmi<\/span><\/a><\/span><span class=\"apple-converted-space\"><span lang=\"CS\" style=\"font-family: 'Arial','sans-serif'; mso-ansi-language: CS;\">\u00a0<\/span><\/span><span lang=\"CS\" style=\"font-family: 'Arial','sans-serif'; mso-ansi-language: CS;\">jm\u00e9ny (Z. Goddess,<span class=\"apple-converted-space\">\u00a0<\/span>Zuru,<span class=\"apple-converted-space\">\u00a0<\/span>Heretyka). Zejm\u00e9na se skupinou Illuminati pak jezdila na vystoupen\u00ed p\u0159edev\u0161\u00edm po Velk\u00e9 Brit\u00e1nii \u2013 po klubech a alternativn\u00edch festivalech, anonymn\u011b zp\u00edvala tak\u00e9 ve velk\u00fdch kosteln\u00edch sborech.<\/span><\/p>\n<p style=\"margin: 6pt 0cm 0.0001pt; background-image: initial; background-attachment: initial; background-size: initial; background-origin: initial; background-clip: initial; background-position: initial; background-repeat: initial;\"><span lang=\"CS\" style=\"font-family: 'Arial','sans-serif'; mso-ansi-language: CS;\">V roce 2003 se spole\u010dn\u011b s Ji\u0159\u00edm Hrube\u0161em za\u010dali \u010dast\u011bji vracet do star\u00e9 vlasti \u2013 se svou novou skupinou<span class=\"apple-converted-space\">\u00a0<\/span><\/span><span style=\"font-family: 'Arial','sans-serif';\"><a title=\"Armadeica (str\u00e1nka neexistuje)\" href=\"https:\/\/cs.wikipedia.org\/w\/index.php?title=Armadeica&amp;action=edit&amp;redlink=1\"><span lang=\"CS\" style=\"color: windowtext;\">Armadeica<\/span><\/a><\/span><span class=\"apple-converted-space\"><span lang=\"CS\" style=\"font-family: 'Arial','sans-serif'; mso-ansi-language: CS;\">\u00a0<\/span><\/span><span lang=\"CS\" style=\"font-family: 'Arial','sans-serif'; mso-ansi-language: CS;\">uskute\u010dnili n\u00e1vrat na klubov\u00e9 a festivalov\u00e9 sc\u00e9ny. <\/span><span style=\"font-family: 'Arial','sans-serif';\">V roce 2007 p\u0159ejmenovali kapelu na<span class=\"apple-converted-space\">\u00a0<\/span><a title=\"Illuminatica (str\u00e1nka neexistuje)\" href=\"https:\/\/cs.wikipedia.org\/w\/index.php?title=Illuminatica&amp;action=edit&amp;redlink=1\"><span style=\"color: windowtext;\">Illuminatica.<\/span><\/a><span class=\"apple-converted-space\">\u00a0<\/span><\/span><\/p>\n<p style=\"margin: 6pt 0cm 0.0001pt; background-image: initial; background-attachment: initial; background-size: initial; background-origin: initial; background-clip: initial; background-position: initial; background-repeat: initial;\"><span class=\"apple-converted-space\"><span style=\"font-family: 'Arial','sans-serif';\">Kompletn\u00ed informace rockerky najdou z\u00e1jemci na <\/span><\/span><span style=\"font-family: 'Arial','sans-serif';\">aktu\u00e1ln\u00ed webstr\u00e1nce illuminatica.wix.com\/illuminatica. <\/span><\/p>\n<p style=\"margin: 6pt 0cm 0.0001pt; background-image: initial; background-attachment: initial; background-size: initial; background-origin: initial; background-clip: initial; background-position: initial; background-repeat: initial;\"><span style=\"font-family: 'Arial','sans-serif';\">Ji\u0159\u00ed K. R\u016f\u017ei\u010dka\u00a0<\/span><\/p>\n","protected":false},"excerpt":{"rendered":"<p>PRAHA \u2013 Netradi\u010dn\u00ed vystoupen\u00ed p\u0159iv\u00edt\u00e1 ve\u00a0\u010dtvrtek\u00a031. b\u0159ezna komorn\u00ed prost\u0159ed\u00ed M\u011bstsk\u00e9 knihovny na pra\u017esk\u00e9m Mari\u00e1nsk\u00e9m n\u00e1m\u011bst\u00ed. O p\u016fl osm\u00e9 ve\u010der tam zazp\u00edv\u00e1 rockov\u00e1 legenda Jana Uriel Kratochv\u00edlov\u00e1.<\/p>\n","protected":false},"author":1,"featured_media":398,"comment_status":"open","ping_status":"open","sticky":false,"template":"","format":"standard","meta":[],"categories":[7],"tags":[],"_links":{"self":[{"href":"https:\/\/jananews.cz\/index.php\/wp-json\/wp\/v2\/posts\/122"}],"collection":[{"href":"https:\/\/jananews.cz\/index.php\/wp-json\/wp\/v2\/posts"}],"about":[{"href":"https:\/\/jananews.cz\/index.php\/wp-json\/wp\/v2\/types\/post"}],"author":[{"embeddable":true,"href":"https:\/\/jananews.cz\/index.php\/wp-json\/wp\/v2\/users\/1"}],"replies":[{"embeddable":true,"href":"https:\/\/jananews.cz\/index.php\/wp-json\/wp\/v2\/comments?post=122"}],"version-history":[{"count":1,"href":"https:\/\/jananews.cz\/index.php\/wp-json\/wp\/v2\/posts\/122\/revisions"}],"predecessor-version":[{"id":493,"href":"https:\/\/jananews.cz\/index.php\/wp-json\/wp\/v2\/posts\/122\/revisions\/493"}],"wp:featuredmedia":[{"embeddable":true,"href":"https:\/\/jananews.cz\/index.php\/wp-json\/wp\/v2\/media\/398"}],"wp:attachment":[{"href":"https:\/\/jananews.cz\/index.php\/wp-json\/wp\/v2\/media?parent=122"}],"wp:term":[{"taxonomy":"category","embeddable":true,"href":"https:\/\/jananews.cz\/index.php\/wp-json\/wp\/v2\/categories?post=122"},{"taxonomy":"post_tag","embeddable":true,"href":"https:\/\/jananews.cz\/index.php\/wp-json\/wp\/v2\/tags?post=122"}],"curies":[{"name":"wp","href":"https:\/\/api.w.org\/{rel}","templated":true}]}}