{"id":123,"date":"2016-03-31T00:10:56","date_gmt":"2016-03-30T22:10:56","guid":{"rendered":"http:\/\/www.jananews.cz\/WP\/index.php\/2016\/03\/31\/lucerna-music-bar-ovladne-funky-j-a-r\/"},"modified":"2020-08-16T22:39:57","modified_gmt":"2020-08-16T20:39:57","slug":"lucerna-music-bar-ovladne-funky-j-a-r","status":"publish","type":"post","link":"https:\/\/jananews.cz\/index.php\/2016\/03\/31\/lucerna-music-bar-ovladne-funky-j-a-r\/","title":{"rendered":"Lucerna Music Bar ovl\u00e1dne funky J.A.R."},"content":{"rendered":"<p class=\"MsoNormal\" style=\"vertical-align: baseline; background-image: initial; background-attachment: initial; background-size: initial; background-origin: initial; background-clip: initial; background-position: initial; background-repeat: initial;\"><span lang=\"CS\" style=\"font-family: 'Arial','sans-serif'; mso-font-kerning: 18.0pt; mso-fareast-language: EN-GB; mso-bidi-font-weight: bold;\">PRAHA <\/span><span lang=\"CS\" style=\"font-family: 'Arial','sans-serif'; mso-fareast-language: EN-GB;\">\u00a0Cel\u00e9 \u010dty\u0159i hodiny si mohou fanou\u0161ci ve\u00a0<\/span><span style=\"font-family: 'Helvetica Neue', Helvetica, Arial, sans-serif; font-size: 12.16px; line-height: 15.808px;\">\u010dtvrtek 31. b<\/span><span style=\"color: windowtext;\"><a style=\"font-size: 12.16px; line-height: 15.808px; font-family: Arial, sans-serif;\" title=\"Oto Klemp\u00ed\u0159\" href=\"https:\/\/cs.wikipedia.org\/wiki\/Oto_Klemp%C3%AD%C5%99\">\u0159<\/a>ezna<\/span><span style=\"font-family: Arial, sans-serif; font-size: 12.16px; line-height: 1.3em;\">\u00a0ve\u010der u\u017e\u00edvat sv\u00fdch obl\u00edbenc\u016f J.A.R. v\u00a0pra\u017esk\u00e9m Lucerna Music Baru. Parta Kolem Romana Hol\u00e9ho, Oty Klemp\u00ed\u0159e a Dana B\u00e1rty jim bude hr\u00e1t od osmi ve\u010der, skon\u010dit m\u00e1 minutu p\u0159ed p\u016flnoc\u00ed.<\/span><\/p>\n<p><!--more--><\/p>\n<p class=\"MsoNormal\" style=\"vertical-align: baseline; background-image: initial; background-attachment: initial; background-size: initial; background-origin: initial; background-clip: initial; background-position: initial; background-repeat: initial;\"><span lang=\"CS\" style=\"font-family: 'Arial','sans-serif'; mso-fareast-language: EN-GB;\">Funkov\u00ed nad\u0161enci, jejich\u017e n\u00e1zev je zkratkou Jednotky akademick\u00e9ho rapu \u010di Jarom\u00edra a Radom\u00edra, spolu za\u010dali hr\u00e1t v\u00a0roce 1989 a vydr\u017eeli a\u017e do sou\u010dasnosti. Jejich vznik se datuje symbolicky na 17. listopadu, kdy tvo\u0159ili z\u00e1kladn\u00ed sestavu <\/span><span lang=\"CS\" style=\"font-family: 'Arial','sans-serif';\">autor hudby<span class=\"apple-converted-space\">\u00a0<\/span><a title=\"Roman Hol\u00fd\" href=\"https:\/\/cs.wikipedia.org\/wiki\/Roman_Hol%C3%BD\"><span style=\"color: windowtext;\">Roman Hol\u00fd<\/span><\/a> a duo \u201eakademick\u00fdch\u201c rapper\u016f<span class=\"apple-converted-space\">\u00a0<\/span><a title=\"Oto Klemp\u00ed\u0159\" href=\"https:\/\/cs.wikipedia.org\/wiki\/Oto_Klemp%C3%AD%C5%99\"><span style=\"color: windowtext;\">Oto Klemp\u00ed\u0159<\/span><\/a><span class=\"apple-converted-space\">\u00a0<\/span>a<span class=\"apple-converted-space\">\u00a0<\/span><a title=\"Michael Vikto\u0159\u00edk\" href=\"https:\/\/cs.wikipedia.org\/wiki\/Michael_Vikto%C5%99%C3%ADk\"><span style=\"color: windowtext;\">Michael Vikto\u0159\u00edk<\/span><\/a>. <\/span><\/p>\n<p class=\"MsoNormal\" style=\"vertical-align: baseline; background-image: initial; background-attachment: initial; background-size: initial; background-origin: initial; background-clip: initial; background-position: initial; background-repeat: initial;\">J.A.R. v prav\u00e9m slova smyslu nefunguj\u00ed jako kapela, sp\u00ed\u0161e jako p\u0159\u00edle\u017eitostn\u00e9 setk\u00e1n\u00ed p\u0159edn\u00edch \u010desk\u00fdch jazzman\u016f a hudebn\u00edch producent\u016f. \u010clenov\u00e9 figuruj\u00ed ve sv\u00fdch vlastn\u00edch kapel\u00e1ch a v\u011bnuj\u00ed se sv\u00fdm projekt\u016fm. Kapela ka\u017edoro\u010dn\u011b absolvuje n\u011bkolik koncert\u016f a v\u017edy<span class=\"apple-converted-space\">\u00a0<\/span><a title=\"17. listopad\" href=\"https:\/\/cs.wikipedia.org\/wiki\/17._listopad\"><span style=\"color: windowtext;\">17. listopadu<\/span><\/a><span class=\"apple-converted-space\">\u00a0<\/span>pak tradi\u010dn\u00ed koncert ve velk\u00e9m s\u00e1le<a title=\"Pal\u00e1c Lucerna\" href=\"https:\/\/cs.wikipedia.org\/wiki\/Pal%C3%A1c_Lucerna\"><span style=\"color: windowtext;\">Lucerny<\/span><\/a>, kde slav\u00ed narozeniny.<\/p>\n<p style=\"margin: 6pt 0cm 0.0001pt; background-image: initial; background-attachment: initial; background-size: initial; background-origin: initial; background-clip: initial; background-position: initial; background-repeat: initial;\">Ji\u0159\u00ed K. R\u016f\u017ei\u010dka<\/p>\n<p class=\"MsoNormal\" style=\"vertical-align: baseline; background-image: initial; background-attachment: initial; background-size: initial; background-origin: initial; background-clip: initial; background-position: initial; background-repeat: initial;\">\n","protected":false},"excerpt":{"rendered":"<p>PRAHA \u00a0Cel\u00e9 \u010dty\u0159i hodiny si mohou fanou\u0161ci ve\u00a0\u010dtvrtek 31. b\u0159ezna\u00a0ve\u010der u\u017e\u00edvat sv\u00fdch obl\u00edbenc\u016f J.A.R. v\u00a0pra\u017esk\u00e9m Lucerna Music Baru. Parta Kolem Romana Hol\u00e9ho, Oty Klemp\u00ed\u0159e a Dana B\u00e1rty jim bude hr\u00e1t od osmi ve\u010der, skon\u010dit m\u00e1 minutu p\u0159ed p\u016flnoc\u00ed.<\/p>\n","protected":false},"author":1,"featured_media":398,"comment_status":"open","ping_status":"open","sticky":false,"template":"","format":"standard","meta":[],"categories":[7],"tags":[],"_links":{"self":[{"href":"https:\/\/jananews.cz\/index.php\/wp-json\/wp\/v2\/posts\/123"}],"collection":[{"href":"https:\/\/jananews.cz\/index.php\/wp-json\/wp\/v2\/posts"}],"about":[{"href":"https:\/\/jananews.cz\/index.php\/wp-json\/wp\/v2\/types\/post"}],"author":[{"embeddable":true,"href":"https:\/\/jananews.cz\/index.php\/wp-json\/wp\/v2\/users\/1"}],"replies":[{"embeddable":true,"href":"https:\/\/jananews.cz\/index.php\/wp-json\/wp\/v2\/comments?post=123"}],"version-history":[{"count":1,"href":"https:\/\/jananews.cz\/index.php\/wp-json\/wp\/v2\/posts\/123\/revisions"}],"predecessor-version":[{"id":492,"href":"https:\/\/jananews.cz\/index.php\/wp-json\/wp\/v2\/posts\/123\/revisions\/492"}],"wp:featuredmedia":[{"embeddable":true,"href":"https:\/\/jananews.cz\/index.php\/wp-json\/wp\/v2\/media\/398"}],"wp:attachment":[{"href":"https:\/\/jananews.cz\/index.php\/wp-json\/wp\/v2\/media?parent=123"}],"wp:term":[{"taxonomy":"category","embeddable":true,"href":"https:\/\/jananews.cz\/index.php\/wp-json\/wp\/v2\/categories?post=123"},{"taxonomy":"post_tag","embeddable":true,"href":"https:\/\/jananews.cz\/index.php\/wp-json\/wp\/v2\/tags?post=123"}],"curies":[{"name":"wp","href":"https:\/\/api.w.org\/{rel}","templated":true}]}}