{"id":124,"date":"2016-03-31T00:15:40","date_gmt":"2016-03-30T22:15:40","guid":{"rendered":"http:\/\/www.jananews.cz\/WP\/index.php\/2016\/03\/31\/bitvu-u-hradce-kralove-pripomina-nova-vyrocni-znamka\/"},"modified":"2020-08-16T22:57:09","modified_gmt":"2020-08-16T20:57:09","slug":"bitvu-u-hradce-kralove-pripomina-nova-vyrocni-znamka","status":"publish","type":"post","link":"https:\/\/jananews.cz\/index.php\/2016\/03\/31\/bitvu-u-hradce-kralove-pripomina-nova-vyrocni-znamka\/","title":{"rendered":"Bitvu u Hradce Kr\u00e1lov\u00e9 p\u0159ipom\u00edn\u00e1 nov\u00e1 v\u00fdro\u010dn\u00ed zn\u00e1mka"},"content":{"rendered":"<p style=\"margin: 0cm 0cm 0.0001pt; background-image: initial; background-attachment: initial; background-size: initial; background-origin: initial; background-clip: initial; background-position: initial; background-repeat: initial;\"><strong><span lang=\"CS\" style=\"font-family: 'Arial','sans-serif'; mso-ansi-language: CS; font-weight: normal; mso-bidi-font-weight: bold;\">HRADEC KR\u00c1LOV\u00c9 \u2013 Novou turistickou zn\u00e1mku, v\u011bnovanou tentokr\u00e1t 150. v\u00fdro\u010d\u00ed bitvy u Hradce Kr\u00e1lov\u00e9 1866, si mohou od tohoto t\u00fddne koupit p\u0159\u00edznivci turistiky a nejen oni. <\/span><\/strong><span lang=\"CS\" style=\"font-family: 'Arial','sans-serif'; mso-ansi-language: CS;\">Na d\u0159ev\u011bn\u00e9 plaket\u011b je vyp\u00e1len\u00fd hlavn\u00ed vizu\u00e1ln\u00ed motiv v\u00fdro\u010d\u00ed a n\u00e1pisem <strong><span style=\"font-weight: normal;\">Hradec Kr\u00e1lov\u00e9 1866 &#8211; K\u00f6niggr\u00e4tz 2016. <\/span><\/strong><\/span><\/p>\n<p><!--more--><\/p>\n<p style=\"margin: 0cm 0cm 0.0001pt; background-image: initial; background-attachment: initial; background-size: initial; background-origin: initial; background-clip: initial; background-position: initial; background-repeat: initial;\"><strong><span lang=\"CS\" style=\"font-family: 'Arial','sans-serif'; mso-ansi-language: CS; font-weight: normal; mso-bidi-font-weight: bold;\">Vzhledem k\u00a0tomu, \u017ee zn\u00e1mka <\/span><\/strong><span lang=\"CS\" style=\"font-family: 'Arial','sans-serif'; mso-ansi-language: CS;\">slou\u017e\u00ed jako suven\u00fdr, ale i jako potvrzen\u00ed o dosa\u017een\u00ed ur\u010dit\u00e9ho m\u00edsta, proto se bude prod\u00e1vat pouze v pokladn\u011b Muzea v\u00e1lky 1866 na Chlumu, v Infocentru na Eli\u0161\u010din\u011b n\u00e1b\u0159e\u017e\u00ed, Turistick\u00fdch informa\u010dn\u00edch centrech na Velk\u00e9m n\u00e1m\u011bst\u00ed a v hale hlavn\u00edho n\u00e1dra\u017e\u00ed \u010cD a Muzeu v\u00fdchodn\u00edch \u010cech v Hradci Kr\u00e1lov\u00e9.<\/span><\/p>\n<p style=\"margin: 0cm 0cm 0.0001pt; background-image: initial; background-attachment: initial; background-size: initial; background-origin: initial; background-clip: initial; background-position: initial; background-repeat: initial;\">D\u0159ev\u011bn\u00e9 turistick\u00e9 zn\u00e1mky o pr\u016fm\u011bru 6 cm a tlou\u0161\u0165ce 1 cm vyd\u00e1v\u00e1 v \u010cesk\u00e9 republice od roku 1998. Navazuj\u00edc\u00ed \u010d\u00edslovan\u00e1 \u0159ada zn\u00e1mek sleduje h\u0159ebeny hor, toky splavn\u00fdch \u0159ek, mapuje hrady, z\u00e1mky, p\u0159\u00edrodn\u00ed i technick\u00e9 pam\u00e1tky, historick\u00e1 m\u011bsta, zp\u0159\u00edstupn\u011bn\u00e9 jeskyn\u011b, zoologick\u00e9 zahrady a mnoho dal\u0161\u00edch zaj\u00edmav\u00fdch m\u00edst.<\/p>\n<p style=\"margin: 0cm 0cm 0.0001pt; background-image: initial; background-attachment: initial; background-size: initial; background-origin: initial; background-clip: initial; background-position: initial; background-repeat: initial;\"><span lang=\"CS\" style=\"font-family: 'Arial','sans-serif'; mso-ansi-language: CS;\">Kompletn\u00ed informace k seri\u00e1lu vzpom\u00ednkov\u00fdch akc\u00ed z\u00e1jemci naleznou na webov\u00fdch str\u00e1nk\u00e1ch <\/span><strong><span style=\"font-family: 'Arial','sans-serif'; font-weight: normal; mso-bidi-font-weight: bold;\"><a href=\"http:\/\/www.koniggratz150.eu\/\" target=\"_blank\" rel=\"noopener noreferrer\"><span lang=\"CS\" style=\"color: windowtext;\">www.koniggratz150.eu<\/span><\/a><\/span><\/strong><span class=\"apple-converted-space\"><span lang=\"CS\" style=\"font-family: 'Arial','sans-serif'; mso-ansi-language: CS;\">\u00a0<\/span><\/span><span lang=\"CS\" style=\"font-family: 'Arial','sans-serif'; mso-ansi-language: CS;\">v \u010de\u0161tin\u011b, n\u011bm\u010din\u011b a angli\u010dtin\u011b.\u00a0<\/span><\/p>\n<p style=\"margin: 0cm 0cm 0.0001pt; background-image: initial; background-attachment: initial; background-size: initial; background-origin: initial; background-clip: initial; background-position: initial; background-repeat: initial;\"><span style=\"font-family: Arial, sans-serif; font-size: 12.16px; line-height: 1.3em;\">-li\u010d-<\/span><\/p>\n","protected":false},"excerpt":{"rendered":"<p>HRADEC KR\u00c1LOV\u00c9 \u2013 Novou turistickou zn\u00e1mku, v\u011bnovanou tentokr\u00e1t 150. v\u00fdro\u010d\u00ed bitvy u Hradce Kr\u00e1lov\u00e9 1866, si mohou od tohoto t\u00fddne koupit p\u0159\u00edznivci turistiky a nejen oni. Na d\u0159ev\u011bn\u00e9 plaket\u011b je vyp\u00e1len\u00fd hlavn\u00ed vizu\u00e1ln\u00ed motiv v\u00fdro\u010d\u00ed a n\u00e1pisem Hradec Kr\u00e1lov\u00e9 1866 &#8211; K\u00f6niggr\u00e4tz 2016.<\/p>\n","protected":false},"author":1,"featured_media":398,"comment_status":"open","ping_status":"open","sticky":false,"template":"","format":"standard","meta":[],"categories":[9],"tags":[],"_links":{"self":[{"href":"https:\/\/jananews.cz\/index.php\/wp-json\/wp\/v2\/posts\/124"}],"collection":[{"href":"https:\/\/jananews.cz\/index.php\/wp-json\/wp\/v2\/posts"}],"about":[{"href":"https:\/\/jananews.cz\/index.php\/wp-json\/wp\/v2\/types\/post"}],"author":[{"embeddable":true,"href":"https:\/\/jananews.cz\/index.php\/wp-json\/wp\/v2\/users\/1"}],"replies":[{"embeddable":true,"href":"https:\/\/jananews.cz\/index.php\/wp-json\/wp\/v2\/comments?post=124"}],"version-history":[{"count":1,"href":"https:\/\/jananews.cz\/index.php\/wp-json\/wp\/v2\/posts\/124\/revisions"}],"predecessor-version":[{"id":519,"href":"https:\/\/jananews.cz\/index.php\/wp-json\/wp\/v2\/posts\/124\/revisions\/519"}],"wp:featuredmedia":[{"embeddable":true,"href":"https:\/\/jananews.cz\/index.php\/wp-json\/wp\/v2\/media\/398"}],"wp:attachment":[{"href":"https:\/\/jananews.cz\/index.php\/wp-json\/wp\/v2\/media?parent=124"}],"wp:term":[{"taxonomy":"category","embeddable":true,"href":"https:\/\/jananews.cz\/index.php\/wp-json\/wp\/v2\/categories?post=124"},{"taxonomy":"post_tag","embeddable":true,"href":"https:\/\/jananews.cz\/index.php\/wp-json\/wp\/v2\/tags?post=124"}],"curies":[{"name":"wp","href":"https:\/\/api.w.org\/{rel}","templated":true}]}}