{"id":125,"date":"2016-03-31T00:29:51","date_gmt":"2016-03-30T22:29:51","guid":{"rendered":"http:\/\/www.jananews.cz\/WP\/index.php\/2016\/03\/31\/dan-barta-nejen-zpiva-do-knihy-fotil-vazky\/"},"modified":"2020-08-16T22:39:37","modified_gmt":"2020-08-16T20:39:37","slug":"dan-barta-nejen-zpiva-do-knihy-fotil-vazky","status":"publish","type":"post","link":"https:\/\/jananews.cz\/index.php\/2016\/03\/31\/dan-barta-nejen-zpiva-do-knihy-fotil-vazky\/","title":{"rendered":"Dan B\u00e1rta nejen zp\u00edv\u00e1, do knihy fotil v\u00e1\u017eky"},"content":{"rendered":"<p style=\"margin: 0cm 0cm 0.0001pt; background-image: initial; background-attachment: initial; background-size: initial; background-origin: initial; background-clip: initial; background-position: initial; background-repeat: initial;\"><span lang=\"CS\" style=\"font-family: 'Arial','sans-serif'; mso-ansi-language: CS;\">PRAHA &#8211;\u00a0 <span style=\"border: none windowtext 1.0pt; mso-border-alt: none windowtext 0cm; padding: 0cm;\">V\u00e1\u017eky Insecta Odonata je n\u00e1zev knihy, kterou o minul\u00e9m t\u00fddnu pok\u0159tili v\u00a0pra\u017esk\u00e9m knihkupectv\u00ed Academia.\u00a0 Autory jsou Ale\u0161 Doln\u00fd a Filip Harabi\u0161, na obrazov\u00e9 \u010d\u00e1sti se pod\u00edlel i zp\u011bv\u00e1k a fotograf Dan B\u00e1rta.<\/span><\/span><\/p>\n<p><!--more--><\/p>\n<p class=\"MsoNormal\" style=\"vertical-align: baseline;\"><span lang=\"CS\" style=\"font-family: 'Arial','sans-serif'; border: none windowtext 1.0pt; mso-border-alt: none windowtext 0cm; padding: 0cm;\">Podle spoluautora knihy Ale\u0161e Doln\u00e9ho jsou v\u00e1\u017eky z<\/span><span lang=\"CS\" style=\"font-family: 'Arial','sans-serif';\">\u00a0<span style=\"border: none windowtext 1.0pt; mso-border-alt: none windowtext 0cm; padding: 0cm;\"><a href=\"http:\/\/www.enviweb.cz\/eslovnik\/50\"><span style=\"color: windowtext; border: none;\"><span style=\"border: none;\">ekologicky<\/span><\/span><\/a><\/span>\u00a0<span style=\"border: none windowtext 1.0pt; mso-border-alt: none windowtext 0cm; padding: 0cm;\">nejv\u00fdznamn\u011bj\u0161\u00edch skupin \u017eivo\u010dich\u016f v\u00a0cel\u00e9 Evropsk\u00e9 unii, jsou toti\u017e ukazatelem zm\u011bn v p\u0159\u00edrod\u011b i krajin\u011b. \u201e<\/span><\/span><span lang=\"CS\" style=\"font-family: 'Arial','sans-serif'; border: none windowtext 1.0pt; mso-border-alt: none windowtext 0cm; padding: 0cm; mso-fareast-language: EN-GB;\">\u00datl\u00e1 publikace m\u016f\u017ee p\u0159itom slou\u017eit jako ter\u00e9nn\u00ed p\u0159\u00edru\u010dka. Jej\u00ed obrazov\u00e1 \u010d\u00e1st obsahuje v\u0161ech 75 druh\u016f v\u00e1\u017eek vyskytuj\u00edc\u00edch se na \u00fazem\u00ed \u010cesk\u00e9 republiky,\u201c dodal fotograf B\u00e1rta.<\/span><\/p>\n<p class=\"MsoNormal\" style=\"vertical-align: baseline;\">Na knize je podle n\u011bj d\u016fle\u017eit\u00e9, \u017ee obsahuje kl\u00ed\u010d larev i dosp\u011blc\u016f v \u010cesk\u00e9 republice, jsou to aktualizovan\u00e9 \u00fadaje od na\u0161\u00ed monografie z roku 2008,\u201c dodal B\u00e1rta, kter\u00fd se v\u00e1\u017ek\u00e1m v\u011bnuje t\u00e9m\u011b\u0159 20 let. P\u0159i cest\u00e1ch za v\u00e1\u017ekami u\u017e nav\u0161t\u00edvil nap\u0159\u00edklad\u00a0 Ji\u017en\u00ed Ameriku, jihov\u00fdchodn\u00ed Asii, Jihoafrickou republiku nebo Namibii.<\/p>\n<p class=\"MsoNormal\" style=\"vertical-align: baseline;\">V\u00e1\u017eky ob\u00fdvaj\u00ed Zemi u\u017e 300 milion\u016f let a pat\u0159\u00ed mezi nejprob\u00e1dan\u011bj\u0161\u00ed skupiny hmyzu v Evrop\u011b. Jejich popularita st\u00e1le roste nejen mezi odbornou, ale i laickou ve\u0159ejnost\u00ed. I proto je nov\u00fd atlas ur\u010den \u0161irok\u00e9mu spektru \u010dten\u00e1\u0159\u016f. Profesion\u00e1ln\u00edm biolog\u016fm a pedagog\u016fm v p\u0159\u00edrodov\u011bdn\u00fdch oborech i ochr\u00e1nc\u016fm a milovn\u00edk\u016fm p\u0159\u00edrody.<\/p>\n<p class=\"MsoNormal\" style=\"vertical-align: baseline;\"><span style=\"font-size: 12.16px; line-height: 1.3em;\">-jkr-<\/span><\/p>\n","protected":false},"excerpt":{"rendered":"<p>PRAHA &#8211;\u00a0 V\u00e1\u017eky Insecta Odonata je n\u00e1zev knihy, kterou o minul\u00e9m t\u00fddnu pok\u0159tili v\u00a0pra\u017esk\u00e9m knihkupectv\u00ed Academia.\u00a0 Autory jsou Ale\u0161 Doln\u00fd a Filip Harabi\u0161, na obrazov\u00e9 \u010d\u00e1sti se pod\u00edlel i zp\u011bv\u00e1k a fotograf Dan B\u00e1rta.<\/p>\n","protected":false},"author":1,"featured_media":398,"comment_status":"open","ping_status":"open","sticky":false,"template":"","format":"standard","meta":[],"categories":[7],"tags":[],"_links":{"self":[{"href":"https:\/\/jananews.cz\/index.php\/wp-json\/wp\/v2\/posts\/125"}],"collection":[{"href":"https:\/\/jananews.cz\/index.php\/wp-json\/wp\/v2\/posts"}],"about":[{"href":"https:\/\/jananews.cz\/index.php\/wp-json\/wp\/v2\/types\/post"}],"author":[{"embeddable":true,"href":"https:\/\/jananews.cz\/index.php\/wp-json\/wp\/v2\/users\/1"}],"replies":[{"embeddable":true,"href":"https:\/\/jananews.cz\/index.php\/wp-json\/wp\/v2\/comments?post=125"}],"version-history":[{"count":1,"href":"https:\/\/jananews.cz\/index.php\/wp-json\/wp\/v2\/posts\/125\/revisions"}],"predecessor-version":[{"id":491,"href":"https:\/\/jananews.cz\/index.php\/wp-json\/wp\/v2\/posts\/125\/revisions\/491"}],"wp:featuredmedia":[{"embeddable":true,"href":"https:\/\/jananews.cz\/index.php\/wp-json\/wp\/v2\/media\/398"}],"wp:attachment":[{"href":"https:\/\/jananews.cz\/index.php\/wp-json\/wp\/v2\/media?parent=125"}],"wp:term":[{"taxonomy":"category","embeddable":true,"href":"https:\/\/jananews.cz\/index.php\/wp-json\/wp\/v2\/categories?post=125"},{"taxonomy":"post_tag","embeddable":true,"href":"https:\/\/jananews.cz\/index.php\/wp-json\/wp\/v2\/tags?post=125"}],"curies":[{"name":"wp","href":"https:\/\/api.w.org\/{rel}","templated":true}]}}