{"id":127,"date":"2016-03-31T14:28:54","date_gmt":"2016-03-31T12:28:54","guid":{"rendered":"http:\/\/www.jananews.cz\/WP\/index.php\/2016\/03\/31\/eu-propaguje-zenska-mista-na-parkovani-ohlasy-se-ruzni\/"},"modified":"2020-08-16T22:56:09","modified_gmt":"2020-08-16T20:56:09","slug":"eu-propaguje-zenska-mista-na-parkovani-ohlasy-se-ruzni","status":"publish","type":"post","link":"https:\/\/jananews.cz\/index.php\/2016\/03\/31\/eu-propaguje-zenska-mista-na-parkovani-ohlasy-se-ruzni\/","title":{"rendered":"EU propaguje \u201e\u017eensk\u00e1\u201c m\u00edsta na parkov\u00e1n\u00ed. Ohlasy se r\u016fzn\u00ed"},"content":{"rendered":"<p class=\"MsoNormal\" style=\"margin: 15.05pt 0cm 0.0001pt; line-height: normal; background-image: initial; background-attachment: initial; background-size: initial; background-origin: initial; background-clip: initial; background-position: initial; background-repeat: initial;\"><span lang=\"DE\" style=\"font-size: 9.0pt; font-family: 'Arial','sans-serif'; mso-fareast-font-family: 'Times New Roman'; mso-ansi-language: DE; mso-fareast-language: EN-GB; mso-bidi-font-weight: bold;\">BRUSEL\/PRAHA \u2013 Jedno z prvn\u00edch parkovi\u0161\u0165 v\u00fdhradn\u011b\u00a0 pro \u017eeny vzniklo <\/span><span lang=\"DE\" style=\"font-size: 9.0pt; font-family: 'Arial','sans-serif'; mso-ansi-language: DE;\">p\u0159ed prodejnou rychl\u00e9ho ob\u010derstven\u00ed McDonald&#8217;s v Horn\u00edch Po\u010dernic\u00edch. \u010ceskou raritu\u00a0 z\u0159\u00eddila nadn\u00e1rodn\u00ed spole\u010dnot na doporu\u010den\u00ed Evropk\u00e9 komise, kter\u00e1 parkovac\u00ed m\u00edsta pro \u017eeny propaguje u\u017e \u010dty\u0159i roky.<\/span><\/p>\n<p><!--more--><\/p>\n<p class=\"MsoNormal\" style=\"margin: 15.05pt 0cm 0.0001pt; line-height: normal; background-image: initial; background-attachment: initial; background-size: initial; background-origin: initial; background-clip: initial; background-position: initial; background-repeat: initial;\">\u201eOhlasy \u017een jsou dobr\u00e9, r\u00e1da bych takov\u00e1 m\u00edsta vid\u011bla i jinde. Parkovi\u0161t\u011b u n\u00e1kupn\u00edch center jsou ale v\u011bt\u0161inou soukrom\u00e1, tak\u017ee z\u00e1le\u017e\u00ed na v\u016fli majitel\u016f,&#8220; uvedla\u00a0<span style=\"font-size: 12.16px;\">pro server Tyden.cz\u00a0<\/span><span style=\"font-size: 12.16px;\">po\u010dernick\u00e1 starostka Hana Moravcov\u00e1, kter\u00e1 je velkou podoprovatelkou tohoto kroku. \u201ePln\u00e9 n\u00e1kupn\u00ed voz\u00edky tla\u010d\u00ed p\u0159edev\u0161\u00edm \u017eeny. Proto si taky zaslou\u017e\u00ed zvl\u00e1\u0161tn\u00ed parkovac\u00ed m\u00edsta, aby n\u00e1kupy nemusely nosit p\u0159\u00edli\u0161 daleko,\u201c dodala.<\/span><\/p>\n<p style=\"margin: 14.4pt 0cm 0.0001pt; background-image: initial; background-attachment: initial; background-size: initial; background-origin: initial; background-clip: initial; background-position: initial; background-repeat: initial;\"><span lang=\"DE\" style=\"font-family: 'Arial','sans-serif'; mso-fareast-font-family: Calibri; mso-ansi-language: DE; mso-fareast-language: EN-US;\">Podle <\/span><span lang=\"DE\" style=\"font-family: 'Arial','sans-serif'; mso-ansi-language: DE;\">mluv\u010d\u00ed McDonald&#8217;s pro \u010ceskou republiku Zuzany Svobodov\u00e9 jsou ale sly\u0161et sp\u00ed\u0161e negativn\u00ed n\u00e1zory. \u201eJedin\u00e9 ohlasy, kter\u00e9 m\u00e1me, jsou od mu\u017e\u016f, kte\u0159\u00ed se c\u00edt\u00ed b\u00fdt diskriminov\u00e1ni. \u017den\u00e1m se ta m\u00edsta ur\u010dit\u011b l\u00edb\u00ed, ale nemaj\u00ed pot\u0159ebu za to n\u011bkomu d\u011bkovat,\u201c uvedla.<\/span><\/p>\n<p style=\"margin: 14.4pt 0cm 0.0001pt; background-image: initial; background-attachment: initial; background-size: initial; background-origin: initial; background-clip: initial; background-position: initial; background-repeat: initial;\"><span lang=\"DE\" style=\"font-family: 'Arial','sans-serif'; mso-ansi-language: DE;\">Negativn\u00ed reakce mu\u017e\u016f tak veden\u00ed \u010desk\u00e9 pobo\u010dky \u0159et\u011bzce pon\u011bkud zbrzdily v p\u016fvodn\u011b sm\u011bl\u00fdch pl\u00e1nech. \u201eJe pravda, \u017ee jsme parkovi\u0161t\u011b pro \u017eeny cht\u011bli z\u0159\u00eddit na mnoha pobo\u010dk\u00e1ch. V tuhle chv\u00edli o tom ale neuva\u017eujeme,&#8220;\u00a0p\u0159izn\u00e1v\u00e1 Svobodov\u00e1.<\/span><\/p>\n<p style=\"margin: 14.4pt 0cm 0.0001pt; background-image: initial; background-attachment: initial; background-size: initial; background-origin: initial; background-clip: initial; background-position: initial; background-repeat: initial;\"><span lang=\"DE\" style=\"font-family: 'Arial','sans-serif'; mso-ansi-language: DE;\">Starostka Moravcov\u00e1 si z kritiky \u0159idi\u010d\u016f-mu\u017e\u016f mnoho ned\u011bl\u00e1. N\u011bkter\u00e9 jejich reakce na soci\u00e1ln\u00edch s\u00edt\u00edch nicm\u00e9n\u011b odsuzuje. \u201eTe\u010f u\u017e jenom zajistit, aby na m\u00edsta s n\u00e1pisem \u017dENY nechodily blond\u00fdny \u010durat,&#8220; nechal se sly\u0161et jeden z anonym\u016f na s\u00edti. Jin\u00ed mu\u017ei naopak tvrd\u00ed, \u017ee je to pro n\u011b vlastn\u011b sp\u00e1sa, kdy\u017e te\u010f \u017eeny parkuj\u00ed samostatn\u011b: \u201eKone\u010dn\u011b nebudu riskovat, \u017ee mi \u017eensk\u00fd vod\u0159ou lak a nabouraj blatn\u00edky,\u201c\u00a0 uvedl dal\u0161\u00ed diskut\u00e9r. <\/span><\/p>\n<p style=\"margin: 14.4pt 0cm 0.0001pt; background-image: initial; background-attachment: initial; background-size: initial; background-origin: initial; background-clip: initial; background-position: initial; background-repeat: initial;\"><span lang=\"DE\" style=\"font-family: 'Arial','sans-serif'; mso-ansi-language: DE;\">Libu\u0161e \u010capkov\u00e1\u00a0<\/span><\/p>\n<p class=\"MsoNormal\" style=\"margin: 15.05pt 0cm 0.0001pt; line-height: normal; background-image: initial; background-attachment: initial; background-size: initial; background-origin: initial; background-clip: initial; background-position: initial; background-repeat: initial;\">\n","protected":false},"excerpt":{"rendered":"<p>BRUSEL\/PRAHA \u2013 Jedno z prvn\u00edch parkovi\u0161\u0165 v\u00fdhradn\u011b\u00a0 pro \u017eeny vzniklo p\u0159ed prodejnou rychl\u00e9ho ob\u010derstven\u00ed McDonald&#8217;s v Horn\u00edch Po\u010dernic\u00edch. \u010ceskou raritu\u00a0 z\u0159\u00eddila nadn\u00e1rodn\u00ed spole\u010dnot na doporu\u010den\u00ed Evropk\u00e9 komise, kter\u00e1 parkovac\u00ed m\u00edsta pro \u017eeny propaguje u\u017e \u010dty\u0159i roky.<\/p>\n","protected":false},"author":1,"featured_media":398,"comment_status":"open","ping_status":"open","sticky":false,"template":"","format":"standard","meta":[],"categories":[9],"tags":[],"_links":{"self":[{"href":"https:\/\/jananews.cz\/index.php\/wp-json\/wp\/v2\/posts\/127"}],"collection":[{"href":"https:\/\/jananews.cz\/index.php\/wp-json\/wp\/v2\/posts"}],"about":[{"href":"https:\/\/jananews.cz\/index.php\/wp-json\/wp\/v2\/types\/post"}],"author":[{"embeddable":true,"href":"https:\/\/jananews.cz\/index.php\/wp-json\/wp\/v2\/users\/1"}],"replies":[{"embeddable":true,"href":"https:\/\/jananews.cz\/index.php\/wp-json\/wp\/v2\/comments?post=127"}],"version-history":[{"count":1,"href":"https:\/\/jananews.cz\/index.php\/wp-json\/wp\/v2\/posts\/127\/revisions"}],"predecessor-version":[{"id":517,"href":"https:\/\/jananews.cz\/index.php\/wp-json\/wp\/v2\/posts\/127\/revisions\/517"}],"wp:featuredmedia":[{"embeddable":true,"href":"https:\/\/jananews.cz\/index.php\/wp-json\/wp\/v2\/media\/398"}],"wp:attachment":[{"href":"https:\/\/jananews.cz\/index.php\/wp-json\/wp\/v2\/media?parent=127"}],"wp:term":[{"taxonomy":"category","embeddable":true,"href":"https:\/\/jananews.cz\/index.php\/wp-json\/wp\/v2\/categories?post=127"},{"taxonomy":"post_tag","embeddable":true,"href":"https:\/\/jananews.cz\/index.php\/wp-json\/wp\/v2\/tags?post=127"}],"curies":[{"name":"wp","href":"https:\/\/api.w.org\/{rel}","templated":true}]}}