{"id":128,"date":"2016-03-31T14:40:16","date_gmt":"2016-03-31T12:40:16","guid":{"rendered":"http:\/\/www.jananews.cz\/WP\/index.php\/2016\/03\/31\/prazsti-zastupitele-budou-mit-nad-hlavami-vcely\/"},"modified":"2020-08-16T22:55:39","modified_gmt":"2020-08-16T20:55:39","slug":"prazsti-zastupitele-budou-mit-nad-hlavami-vcely","status":"publish","type":"post","link":"https:\/\/jananews.cz\/index.php\/2016\/03\/31\/prazsti-zastupitele-budou-mit-nad-hlavami-vcely\/","title":{"rendered":"Pra\u017e\u0161t\u00ed zastupitel\u00e9 budou m\u00edt nad hlavami v\u010dely"},"content":{"rendered":"<p class=\"MsoNormal\" style=\"line-height: normal; vertical-align: baseline; margin: 3.35pt 0cm .0001pt 0cm;\"><span lang=\"DE\" style=\"font-size: 9.0pt; font-family: 'Arial','sans-serif'; mso-fareast-font-family: 'Times New Roman'; border: none windowtext 1.0pt; mso-border-alt: none windowtext 0cm; padding: 0cm; mso-ansi-language: DE; mso-fareast-language: EN-GB;\">PRAHA \u2013 S novou eko iniciativou p\u0159i\u0161li \u00fa\u0159edn\u00edci pra\u017esk\u00e9ho magistr\u00e1tu. <\/span><span style=\"font-size: 9.0pt; font-family: 'Arial','sans-serif'; mso-fareast-font-family: 'Times New Roman'; border: none windowtext 1.0pt; mso-border-alt: none windowtext 0cm; padding: 0cm; mso-fareast-language: EN-GB;\">Na st\u0159e\u0161e historick\u00e9 budovy na Mari\u00e1nsk\u00e9m n\u00e1m\u011bst\u00ed v sam\u00e9m centru metropole cht\u011bj\u00ed m\u00edt v\u010del\u00ed \u00faly. Vypl\u00fdv\u00e1 to ze z\u00e1m\u011bru zve\u0159ejn\u011bn\u00e9ho na \u00fa\u0159edn\u00ed desce. Pro v\u010delstva bude na st\u0159e\u0161e vy\u010dlen\u011bno \u0161est metr\u016f \u010dtvere\u010dn\u00fdch. Chovatel, jeho\u017e \u00fa\u0159edn\u00edci vyberou, z\u00edsk\u00e1 smlouvu na dobu neru\u010ditou. <\/span><\/p>\n<p><!--more--><\/p>\n<p class=\"MsoNormal\" style=\"font-size: 12.16px; margin: 3.35pt 0cm 0.0001pt; line-height: normal; vertical-align: baseline;\"><span style=\"font-size: 9pt; font-family: Arial, sans-serif; border: 1pt none windowtext; padding: 0cm;\">St\u0159echa magistr\u00e1tu je podle odborn\u00edk\u016f vhodn\u00fdm m\u00edstem, medonosn\u00e9mu hmyzu se v m\u011bstsk\u00e9m prost\u0159ed\u00ed da\u0159\u00ed. I proto u\u017e v Praze stoj\u00ed v\u010del\u00edny na n\u011bkolika m\u00edstech, nap\u0159\u00edklad v Mil\u00ed\u010dovsk\u00e9m lese, Prokopsk\u00e9m \u00fadol\u00ed, Divok\u00e9 \u0160\u00e1rce, Kam\u00fdku \u010di v Hostiva\u0159sk\u00e9m lesoparku. V\u010del\u00ed \u00faly jsou ale i na st\u0159e\u0161e obchodn\u00edho centra nebo hotelu \u010di Botanick\u00e9 zahrad\u011b v Troji.<\/span><\/p>\n<p class=\"MsoNormal\" style=\"font-size: 12.16px; margin: 3.35pt 0cm 0.0001pt; line-height: normal; vertical-align: baseline;\"><span style=\"font-size: 9pt; font-family: Arial, sans-serif; border: 1pt none windowtext; padding: 0cm;\">V\u010dela\u0159en\u00ed a v\u010dela\u0159sk\u00e9 osv\u011bt\u011b se v metropoli v\u011bnuje mimo jin\u00e9 v\u010dela\u0159sk\u00fd spolek M\u00e1ja v Ruzyni. M\u011bstsk\u00e9 prost\u0159ed\u00ed podle odborn\u00edk\u016f poskytuje v\u010del\u00e1m pestrou \u0161k\u00e1lu zelen\u011b a rostlin k opylov\u00e1n\u00ed. Medonosn\u00fd hmyz nav\u00edc nen\u00ed ohro\u017een<\/span><span style=\"font-size: 9pt; font-family: Arial, sans-serif;\">\u00a0<span style=\"border: 1pt none windowtext; padding: 0cm;\"><a href=\"http:\/\/www.enviweb.cz\/eslovnik\/957\"><span style=\"color: windowtext; border: none;\"><span style=\"border: none;\">pesticidy<\/span><\/span><\/a>, jak tomu b\u00fdv\u00e1 v zem\u011bd\u011blsk\u00e9 krajin\u011b.<\/span><\/span><\/p>\n<p class=\"MsoNormal\" style=\"font-size: 12.16px; margin: 3.35pt 0cm 0.0001pt; line-height: normal; vertical-align: baseline;\">Zat\u00edmco mimo Prahu po\u010dty v\u010dela\u0159\u016f za posledn\u00edch n\u011bkolik let vzrostly, v Praze pokra\u010duje klesaj\u00edc\u00ed trend. Za posledn\u00edch deset let se po\u010det v\u010dela\u0159\u016f I v\u010delstev sn\u00ed\u017eil na polovinu. Dnes jich zb\u00fdv\u00e1 u\u017e jen 350, kte\u0159\u00ed se starj\u00ed o 3 200 v\u010delstev.<\/p>\n<p class=\"MsoNormal\" style=\"font-size: 12.16px; margin: 3.35pt 0cm 0.0001pt; line-height: normal; vertical-align: baseline;\">Za \u00fabytek m\u016f\u017ee krom\u011b zm\u011bny \u017eivotn\u00edho stylu Pra\u017ean\u016f, nebo zastavov\u00e1n\u00ed prostoru v okrajov\u00fdch \u010d\u00e1stech metropole, kde d\u0159\u00edve byly t\u0159eba zahr\u00e1dky. V cel\u00e9m \u010cesku je zhruba 53 000 v\u010dela\u0159\u016f, kte\u0159\u00ed maj\u00ed p\u0159es p\u016fl milionu v\u010delstev, a v posledn\u00edch letech jejich po\u010dty nar\u016fstaly. Ro\u010dn\u011b vyprodukuj\u00ed zhruba 8000 tun medu, jedno v\u010delstvo mezi deseti a dvaceti kilogramy.<\/p>\n<p class=\"MsoNormal\" style=\"font-size: 12.16px; margin: 3.35pt 0cm 0.0001pt; line-height: normal; vertical-align: baseline;\">Libu\u0161e \u010capkov\u00e1<\/p>\n","protected":false},"excerpt":{"rendered":"<p>PRAHA \u2013 S novou eko iniciativou p\u0159i\u0161li \u00fa\u0159edn\u00edci pra\u017esk\u00e9ho magistr\u00e1tu. Na st\u0159e\u0161e historick\u00e9 budovy na Mari\u00e1nsk\u00e9m n\u00e1m\u011bst\u00ed v sam\u00e9m centru metropole cht\u011bj\u00ed m\u00edt v\u010del\u00ed \u00faly. Vypl\u00fdv\u00e1 to ze z\u00e1m\u011bru zve\u0159ejn\u011bn\u00e9ho na \u00fa\u0159edn\u00ed desce. Pro v\u010delstva bude na st\u0159e\u0161e vy\u010dlen\u011bno \u0161est metr\u016f \u010dtvere\u010dn\u00fdch. Chovatel, jeho\u017e \u00fa\u0159edn\u00edci vyberou, z\u00edsk\u00e1 smlouvu na dobu neru\u010ditou.<\/p>\n","protected":false},"author":1,"featured_media":398,"comment_status":"open","ping_status":"open","sticky":false,"template":"","format":"standard","meta":[],"categories":[9],"tags":[],"_links":{"self":[{"href":"https:\/\/jananews.cz\/index.php\/wp-json\/wp\/v2\/posts\/128"}],"collection":[{"href":"https:\/\/jananews.cz\/index.php\/wp-json\/wp\/v2\/posts"}],"about":[{"href":"https:\/\/jananews.cz\/index.php\/wp-json\/wp\/v2\/types\/post"}],"author":[{"embeddable":true,"href":"https:\/\/jananews.cz\/index.php\/wp-json\/wp\/v2\/users\/1"}],"replies":[{"embeddable":true,"href":"https:\/\/jananews.cz\/index.php\/wp-json\/wp\/v2\/comments?post=128"}],"version-history":[{"count":1,"href":"https:\/\/jananews.cz\/index.php\/wp-json\/wp\/v2\/posts\/128\/revisions"}],"predecessor-version":[{"id":516,"href":"https:\/\/jananews.cz\/index.php\/wp-json\/wp\/v2\/posts\/128\/revisions\/516"}],"wp:featuredmedia":[{"embeddable":true,"href":"https:\/\/jananews.cz\/index.php\/wp-json\/wp\/v2\/media\/398"}],"wp:attachment":[{"href":"https:\/\/jananews.cz\/index.php\/wp-json\/wp\/v2\/media?parent=128"}],"wp:term":[{"taxonomy":"category","embeddable":true,"href":"https:\/\/jananews.cz\/index.php\/wp-json\/wp\/v2\/categories?post=128"},{"taxonomy":"post_tag","embeddable":true,"href":"https:\/\/jananews.cz\/index.php\/wp-json\/wp\/v2\/tags?post=128"}],"curies":[{"name":"wp","href":"https:\/\/api.w.org\/{rel}","templated":true}]}}