{"id":130,"date":"2016-04-01T13:56:56","date_gmt":"2016-04-01T11:56:56","guid":{"rendered":"http:\/\/www.jananews.cz\/WP\/index.php\/2016\/04\/01\/prazsky-hrad-zahaji-turistickou-sezonu-otevre-ji-cisar-karel-iv\/"},"modified":"2020-08-16T22:39:18","modified_gmt":"2020-08-16T20:39:18","slug":"prazsky-hrad-zahaji-turistickou-sezonu-otevre-ji-cisar-karel-iv","status":"publish","type":"post","link":"https:\/\/jananews.cz\/index.php\/2016\/04\/01\/prazsky-hrad-zahaji-turistickou-sezonu-otevre-ji-cisar-karel-iv\/","title":{"rendered":"Pra\u017esk\u00fd hrad zah\u00e1j\u00ed turistickou sezonu. Otev\u0159e ji c\u00edsa\u0159 Karel IV."},"content":{"rendered":"<p class=\"MsoNormal\" style=\"margin-bottom: .0001pt; line-height: normal;\"><span style=\"font-size: 9.0pt; font-family: 'Arial','sans-serif';\">PRAHA\u00a0 Bohat\u00fdm kulturn\u00edm programem zah\u00e1j\u00ed v ned\u011bli 3. dubna letn\u00ed turistickou sezonu na Pra\u017esk\u00e9m hrad\u011b. Otev\u0159en\u00ed nejv\u00fdznam\u011bj\u0161\u00edch n\u00e1v\u0161t\u011bvnick\u00fdch objekt\u016f a uk\u00e1zky s tematikou \u017eivota a doby c\u00edsa\u0159e a kr\u00e1le Karla IV. Sou\u010dasn\u011b za\u010dnou oslavy 700. v\u00fdro\u010d\u00ed c\u00edsa\u0159ova narozen\u00ed.<\/span><\/p>\n<p><!--more--><\/p>\n<p class=\"MsoNormal\" style=\"margin-bottom: .0001pt; line-height: normal;\">N\u00e1v\u0161t\u011bvn\u00edci si budou moci prohl\u00e9dnout program na t\u0159ech hradn\u00edch n\u00e1dvo\u0159\u00edch i Nejvy\u0161\u0161\u00edm purkrabstv\u00ed. Na prvn\u00edm n\u00e1dvo\u0159\u00ed prob\u011bhne slavnostn\u00ed zah\u00e1jen\u00ed s des\u00edtkami kost\u00fdmov\u00fdch \u00fa\u010dastn\u00edk\u016f, na druh\u00e9m n\u00e1dvo\u0159\u00ed si budou moci z\u00e1jemci vyzkou\u0161et st\u0159edov\u011bk na vlastn\u00ed k\u016f\u017ei.\u00a0 Z\u00e1jemce obl\u00e9kneme do filmov\u00fdch kost\u00fdm\u016f a za mal\u00fd poplatek je tak\u00e9 vyfotografujeme,\u201d uvedla \u0161\u00e9fka barrandovsk\u00e9 kostym\u00e9rny V\u011bra Kr\u00e1tk\u00e1.<\/p>\n<p class=\"MsoNormal\" style=\"margin-bottom: .0001pt; line-height: normal;\">Krom\u011b \u00favodn\u00edhi dne, v jeho\u017e r\u00e1mci se budou od deseti hodin na III. n\u00e1dvo\u0159\u00ed st\u0159\u00eddat vystoupen\u00ed historick\u00e9ho pr\u016fvodu s koncerty, historick\u00fdm \u0161ermem, tancem a dal\u0161\u00edmi atrakcemi, bude v\u00fdjime\u010dn\u00e1 i cel\u00e1 leto\u0161n\u00ed sezona.<\/p>\n<p class=\"MsoNormal\" style=\"margin-bottom: .0001pt; line-height: normal;\">Jedn\u00edm z nejv\u011bt\u0161\u00edch l\u00e1kadel bude ve druh\u00e9 polovin\u011b kv\u011btna v\u00fdstava korunova\u010dn\u00edch klenot\u016f, kter\u00e1 se jinak kon\u00e1 jen u p\u0159\u00edle\u017eitosti volby prezidenta. V pr\u016fb\u011bhu letn\u00ed sezony bude are\u00e1l Pra\u017esk\u00e9ho hradu otev\u0159en denn\u011b od 6 do 22, hodin, n\u00e1v\u0161t\u011bvnick\u00e9 objekty pak od 9 do 17 hodin.<\/p>\n<p class=\"MsoNormal\" style=\"margin-bottom: .0001pt; line-height: normal;\">P\u0159i ned\u011bln\u00edm zah\u00e1jen\u00ed sezony budou m\u00edt z\u00e1jemci mo\u017enost prohl\u00e9dnout si n\u011bkter\u00e9 objekty zdrama. Bude to Star\u00fd kr\u00e1lovsk\u00fd pal\u00e1c s Vladislavsk\u00fdm s\u00e1lem, expozice P\u0159\u00edb\u011bh Pra\u017esk\u00e9ho hradu, bazilika svat\u00e9ho Ji\u0159\u00ed, Zlat<span style=\"font-size: 12.16px;\">\u00e1<\/span><span style=\"font-size: 12.16px;\">\u00a0uli\u010dka a katedr\u00e1la svat\u00e9ho V\u00edta.<\/span><\/p>\n<p class=\"MsoNormal\" style=\"margin-bottom: .0001pt; line-height: normal;\">Libu\u0161e \u010capkov\u00e1<\/p>\n","protected":false},"excerpt":{"rendered":"<p>PRAHA\u00a0 Bohat\u00fdm kulturn\u00edm programem zah\u00e1j\u00ed v ned\u011bli 3. dubna letn\u00ed turistickou sezonu na Pra\u017esk\u00e9m hrad\u011b. Otev\u0159en\u00ed nejv\u00fdznam\u011bj\u0161\u00edch n\u00e1v\u0161t\u011bvnick\u00fdch objekt\u016f a uk\u00e1zky s tematikou \u017eivota a doby c\u00edsa\u0159e a kr\u00e1le Karla IV. Sou\u010dasn\u011b za\u010dnou oslavy 700. v\u00fdro\u010d\u00ed c\u00edsa\u0159ova narozen\u00ed.<\/p>\n","protected":false},"author":1,"featured_media":398,"comment_status":"open","ping_status":"open","sticky":false,"template":"","format":"standard","meta":[],"categories":[7],"tags":[],"_links":{"self":[{"href":"https:\/\/jananews.cz\/index.php\/wp-json\/wp\/v2\/posts\/130"}],"collection":[{"href":"https:\/\/jananews.cz\/index.php\/wp-json\/wp\/v2\/posts"}],"about":[{"href":"https:\/\/jananews.cz\/index.php\/wp-json\/wp\/v2\/types\/post"}],"author":[{"embeddable":true,"href":"https:\/\/jananews.cz\/index.php\/wp-json\/wp\/v2\/users\/1"}],"replies":[{"embeddable":true,"href":"https:\/\/jananews.cz\/index.php\/wp-json\/wp\/v2\/comments?post=130"}],"version-history":[{"count":1,"href":"https:\/\/jananews.cz\/index.php\/wp-json\/wp\/v2\/posts\/130\/revisions"}],"predecessor-version":[{"id":490,"href":"https:\/\/jananews.cz\/index.php\/wp-json\/wp\/v2\/posts\/130\/revisions\/490"}],"wp:featuredmedia":[{"embeddable":true,"href":"https:\/\/jananews.cz\/index.php\/wp-json\/wp\/v2\/media\/398"}],"wp:attachment":[{"href":"https:\/\/jananews.cz\/index.php\/wp-json\/wp\/v2\/media?parent=130"}],"wp:term":[{"taxonomy":"category","embeddable":true,"href":"https:\/\/jananews.cz\/index.php\/wp-json\/wp\/v2\/categories?post=130"},{"taxonomy":"post_tag","embeddable":true,"href":"https:\/\/jananews.cz\/index.php\/wp-json\/wp\/v2\/tags?post=130"}],"curies":[{"name":"wp","href":"https:\/\/api.w.org\/{rel}","templated":true}]}}