{"id":131,"date":"2016-04-01T14:39:40","date_gmt":"2016-04-01T12:39:40","guid":{"rendered":"http:\/\/www.jananews.cz\/WP\/index.php\/2016\/04\/01\/ze-sklepa-do-sklepa-nabidne-padesat-otevrenych-sklipku\/"},"modified":"2020-08-16T22:38:57","modified_gmt":"2020-08-16T20:38:57","slug":"ze-sklepa-do-sklepa-nabidne-padesat-otevrenych-sklipku","status":"publish","type":"post","link":"https:\/\/jananews.cz\/index.php\/2016\/04\/01\/ze-sklepa-do-sklepa-nabidne-padesat-otevrenych-sklipku\/","title":{"rendered":"Ze sklepa do sklepa nab\u00eddne pades\u00e1t otev\u0159en\u00fdch skl\u00edpk\u016f"},"content":{"rendered":"<p class=\"MsoNormal\" style=\"margin-bottom: 0.0001pt; line-height: normal; background-image: initial; background-attachment: initial; background-size: initial; background-origin: initial; background-clip: initial; background-position: initial; background-repeat: initial;\"><span style=\"font-size: 9.0pt; font-family: 'Arial','sans-serif'; mso-fareast-font-family: 'Times New Roman'; color: black; mso-fareast-language: EN-GB; mso-bidi-font-weight: bold;\">VELK\u00c9 B\u00cdLOVICE \u2013 Nejv\u011bt\u0161\u00ed ochutn\u00e1vka v\u00edn leto\u0161n\u00edho roku \u010dek\u00e1 n\u00e1v\u0161t\u011bvn\u00edky 11. ro\u010dn\u00edku akce Ze sklepa do sklepa ve Velk\u00fdch B\u00edlovic\u00edch na B\u0159eclavsku. V sobotu 2. dubna se milovn\u00edk\u016fm v\u00edna otev\u0159e jednapades\u00e1t vina\u0159sk\u00fdch sklep\u016f, kter\u00e9 nab\u00eddnou to nejlep\u0161\u00ed ze sv\u00e9 \u00farody.<br \/>\n<\/span><\/p>\n<p><!--more--><\/p>\n<p class=\"MsoNormal\" style=\"font-size: 12.16px; margin-bottom: 0.0001pt; line-height: normal; background-image: initial; background-attachment: initial; background-size: initial; background-origin: initial; background-clip: initial; background-position: initial; background-repeat: initial;\"><span style=\"font-size: 9pt; font-family: Arial, sans-serif; color: black;\">\u201c<\/span><span style=\"font-size: 9pt; font-family: Arial, sans-serif; color: black;\">Stovky vyt\u0159\u00edben\u00fdch \u010derven\u00fdch, b\u00edl\u00fdch i r\u016f\u017eov\u00fdch v\u00edn, s p\u0159\u00edvlastky i bez, vyzna\u010duj\u00edc\u00ed se vynikaj\u00edc\u00ed chut\u00ed a v\u016fn\u00ed si lze vychutnat v\u017edy jen jednou d roka, pr\u00e1v\u011b na t\u00e9to akci. Putov\u00e1n\u00ed za skv\u011bl\u00fdmi v\u00edny dokresl\u00ed atmosf\u00e9ra nejv\u011bt\u0161\u00ed vina\u0159sk\u00e9 obce u n\u00e1s, t\u00f3ny tradi\u010dn\u00ed cimb\u00e1lov\u00e9 muziky, ale i dokonal\u00e1 organizace,\u201d uvedl Stanislav Hrabal z po\u0159\u00e1daj\u00edc\u00ed spole\u010dnosti B\u00edlovi\u010dt\u00ed vina\u0159i.<\/span><\/p>\n<p class=\"MsoNormal\" style=\"font-size: 12.16px; margin-bottom: 0.0001pt; line-height: normal; background-image: initial; background-attachment: initial; background-size: initial; background-origin: initial; background-clip: initial; background-position: initial; background-repeat: initial;\">Ka\u017ed\u00fd n\u00e1v\u0161t\u011bvn\u00edk podle n\u011bj obdr\u017e\u00ed p\u0159i sv\u00e9m vstupu skl\u00edpku katalog z\u00fa\u010dastn\u011bn\u00fdch vina\u0159\u016f s mapou, kapsi\u010dku na krk s logem a dal\u0161\u00ed nutn\u00e9 vybaven\u00ed, bez kter\u00e9ho se neobejde.<\/p>\n<p class=\"MsoNormal\" style=\"font-size: 12.16px; margin-bottom: 0.0001pt; line-height: normal; background-image: initial; background-attachment: initial; background-size: initial; background-origin: initial; background-clip: initial; background-position: initial; background-repeat: initial;\">Samoz\u0159ejmost\u00ed je voln\u00e1 degustace v pades\u00e1ti sklepech, pro p\u0159emis\u0165ov\u00e1n\u00ed mezi vina\u0159sk\u00fdmi oblastmi mohou n\u00e1v\u0161t\u011bvn\u00edci vyu\u017e\u00edt zdarma pendluj\u00edc\u00ed autobusy. Ty budou m\u00edt i \u010dasovou n\u00e1vaznost na vlakov\u00e9 mezim\u011bstsk\u00e9 spoje. Ka\u017ed\u00fd n\u00e1v\u0161t\u011bvn\u00edk si pak odveze v\u00edna dle vlastn\u00edho v\u00fdb\u011bru v hodnot\u011b 600 korun.<\/p>\n<p class=\"MsoNormal\" style=\"font-size: 12.16px; margin-bottom: 0.0001pt; line-height: normal; background-image: initial; background-attachment: initial; background-size: initial; background-origin: initial; background-clip: initial; background-position: initial; background-repeat: initial;\">V lo\u0148sk\u00e9m roce si nenechalo z\u00e1\u017eitek Ze sklepa do sklepa uj\u00edt p\u0159es p\u011bt tis\u00edc lid\u00ed, informace k tomu leto\u0161n\u00edmu najdou z\u00e1jemci na\u00a0webov\u00fdch str\u00e1nk\u00e1ch\u00a0<a href=\"http:\/\/www.velkebilovice.com\/\">www.velkebilovice.com<\/a>.<\/p>\n<p class=\"MsoNormal\" style=\"font-size: 12.16px; margin-bottom: 0.0001pt; line-height: normal; background-image: initial; background-attachment: initial; background-size: initial; background-origin: initial; background-clip: initial; background-position: initial; background-repeat: initial;\">Ji\u0159\u00ed K. R\u016f\u017ei\u010dka<\/p>\n","protected":false},"excerpt":{"rendered":"<p>VELK\u00c9 B\u00cdLOVICE \u2013 Nejv\u011bt\u0161\u00ed ochutn\u00e1vka v\u00edn leto\u0161n\u00edho roku \u010dek\u00e1 n\u00e1v\u0161t\u011bvn\u00edky 11. ro\u010dn\u00edku akce Ze sklepa do sklepa ve Velk\u00fdch B\u00edlovic\u00edch na B\u0159eclavsku. V sobotu 2. dubna se milovn\u00edk\u016fm v\u00edna otev\u0159e jednapades\u00e1t vina\u0159sk\u00fdch sklep\u016f, kter\u00e9 nab\u00eddnou to nejlep\u0161\u00ed ze sv\u00e9 \u00farody.<\/p>\n","protected":false},"author":1,"featured_media":398,"comment_status":"open","ping_status":"open","sticky":false,"template":"","format":"standard","meta":[],"categories":[7],"tags":[],"_links":{"self":[{"href":"https:\/\/jananews.cz\/index.php\/wp-json\/wp\/v2\/posts\/131"}],"collection":[{"href":"https:\/\/jananews.cz\/index.php\/wp-json\/wp\/v2\/posts"}],"about":[{"href":"https:\/\/jananews.cz\/index.php\/wp-json\/wp\/v2\/types\/post"}],"author":[{"embeddable":true,"href":"https:\/\/jananews.cz\/index.php\/wp-json\/wp\/v2\/users\/1"}],"replies":[{"embeddable":true,"href":"https:\/\/jananews.cz\/index.php\/wp-json\/wp\/v2\/comments?post=131"}],"version-history":[{"count":1,"href":"https:\/\/jananews.cz\/index.php\/wp-json\/wp\/v2\/posts\/131\/revisions"}],"predecessor-version":[{"id":489,"href":"https:\/\/jananews.cz\/index.php\/wp-json\/wp\/v2\/posts\/131\/revisions\/489"}],"wp:featuredmedia":[{"embeddable":true,"href":"https:\/\/jananews.cz\/index.php\/wp-json\/wp\/v2\/media\/398"}],"wp:attachment":[{"href":"https:\/\/jananews.cz\/index.php\/wp-json\/wp\/v2\/media?parent=131"}],"wp:term":[{"taxonomy":"category","embeddable":true,"href":"https:\/\/jananews.cz\/index.php\/wp-json\/wp\/v2\/categories?post=131"},{"taxonomy":"post_tag","embeddable":true,"href":"https:\/\/jananews.cz\/index.php\/wp-json\/wp\/v2\/tags?post=131"}],"curies":[{"name":"wp","href":"https:\/\/api.w.org\/{rel}","templated":true}]}}