{"id":132,"date":"2016-04-02T09:24:28","date_gmt":"2016-04-02T07:24:28","guid":{"rendered":"http:\/\/www.jananews.cz\/WP\/index.php\/2016\/04\/02\/v-kladrubech-zahajuje-sezonu-opraveny-zamek-i-narodni-hrebcin\/"},"modified":"2020-08-16T22:38:34","modified_gmt":"2020-08-16T20:38:34","slug":"v-kladrubech-zahajuje-sezonu-opraveny-zamek-i-narodni-hrebcin","status":"publish","type":"post","link":"https:\/\/jananews.cz\/index.php\/2016\/04\/02\/v-kladrubech-zahajuje-sezonu-opraveny-zamek-i-narodni-hrebcin\/","title":{"rendered":"V Kladrubech v\u00edt\u00e1 n\u00e1v\u0161t\u011bvn\u00edky opraven\u00fd z\u00e1mek i n\u00e1rodn\u00ed h\u0159eb\u010d\u00edn"},"content":{"rendered":"<p class=\"MsoNormal\" style=\"margin-bottom: 12.55pt; line-height: normal;\"><span style=\"font-size: 9.0pt; font-family: 'Arial','sans-serif';\">KLADRUBY NAD LABEM \u2013 Prvn\u00ed v\u00edkend si mohou z\u00e1jemci prohl\u00e9dnout zrekonstruovan\u00fd z\u00e1mek,<\/span><span style=\"font-size: 9.0pt; font-family: 'Arial','sans-serif'; mso-fareast-font-family: 'Times New Roman'; mso-fareast-language: EN-GB; mso-bidi-font-weight: bold;\"> kde pob\u00fdvala c\u00edsa\u0159ovna Sissi s c\u00edsa\u0159em Franti\u0161kem Josefem II. Otev\u0159en\u00e9 jsou i st\u00e1je s ko\u0148mi, kter\u00e9 jsou n\u00e1rodn\u00ed kulturn\u00ed pam\u00e1tkou.<\/span><\/p>\n<p><!--more--><\/p>\n<p class=\"MsoNormal\" style=\"margin-bottom: 12.55pt; line-height: normal;\"><span style=\"font-size: 9.0pt; font-family: 'Arial','sans-serif'; mso-fareast-font-family: 'Times New Roman'; mso-fareast-language: EN-GB;\">Rekonstruovan\u00e9 z\u00e1meck\u00e9 pokoje ukazuj\u00ed \u017eivot c\u00edsa\u0159e i c\u00edsa\u0159ovny. K vid\u011bn\u00ed jsou reprezentativn\u00ed prostory, j\u00eddelna, pracovna, lo\u017enice nebo p\u0159\u00edj\u00edmac\u00ed salony.\u00a0A samoz\u0159ejm\u011b tak\u00e9 st\u00e1je, kter\u00e9 jsou v bezprost\u0159edn\u00ed bl\u00edzkosti z\u00e1mku. C\u00edsa\u0159ovna Sissi byla velkou milovnic\u00ed kon\u00ed, ale i vynikaj\u00edc\u00ed jezdkyn\u00ed, kter\u00e1 dok\u00e1zala porazit nejednoho mu\u017ee.<\/span><\/p>\n<p class=\"MsoNormal\" style=\"margin-bottom: 12.55pt; line-height: normal;\"><span style=\"font-size: 9.0pt; font-family: 'Arial','sans-serif';\">\u201cStarokladrub\u00e1ci jsou \u017eivou pam\u00e1tkou, co\u017e je ojedin\u011bl\u00e1 v\u011bc na cel\u00e9m sv\u011bt\u011b,\u201c uvedl\u00a0\u00a0Radek V\u00e1clav\u00edk z kladrubsk\u00e9ho h\u0159eb\u010d\u00edna, jeho\u017e b\u011blou\u0161i jsou od roku 2012 n\u00e1rodn\u00ed kulturn\u00ed pam\u00e1tkou. \u201cZdej\u0161\u00ed kon\u011b jsou velmi klidn\u00ed a dob\u0159e ovladateln\u00ed. Jak v sedle, tak v ko\u010d\u00e1\u0159e,\u201c dodal.\u00a0<\/span><\/p>\n<p class=\"MsoNormal\" style=\"margin-bottom: 12.55pt; line-height: normal;\"><span style=\"font-size: 9.0pt; font-family: 'Arial','sans-serif';\">V Kladrubech se ro\u010dn\u011b narod\u00ed zhruba 70 h\u0159\u00edbat, v\u011bt\u0161inu z nich si v h\u0159eb\u010d\u00edn\u011b nechaj\u00ed. Z\u016fstane tu i h\u0159\u00edb\u011b klisny Ermeja, kter\u00e1 zem\u0159ela u porodu. \u201cPije su\u0161en\u00e9 ko\u0148sk\u00e9 ml\u00e9ko, je to maz\u00e1nek, m\u00e1me ho v\u0161ichni r\u00e1di,\u201c popisuje Milena Markyt\u00e1nov\u00e1, kter\u00e1 se o h\u0159\u00edb\u011b star\u00e1.\u00a0<\/span><\/p>\n<p style=\"margin: 0cm 0cm 12.55pt 0cm;\"><span style=\"font-size: 9.0pt; font-family: 'Arial','sans-serif';\">Kladrubsk\u00fd h\u0159eb\u010d\u00edn lze nav\u0161t\u00edvit ka\u017ed\u00fd den krom\u011b pond\u011bl\u00ed a\u017e do konce \u0159\u00edjna.<\/span><\/p>\n<p style=\"font-size: 12.16px; line-height: 15.808px;\"><span style=\"font-size: 9.0pt; line-height: 115%; font-family: 'Arial','sans-serif'; mso-fareast-font-family: Calibri; mso-ansi-language: EN-GB; mso-fareast-language: EN-US; mso-bidi-language: AR-SA;\">-li\u010d- \u00a0<\/span><\/p>\n","protected":false},"excerpt":{"rendered":"<p>KLADRUBY NAD LABEM \u2013 Prvn\u00ed v\u00edkend si mohou z\u00e1jemci prohl\u00e9dnout zrekonstruovan\u00fd z\u00e1mek, kde pob\u00fdvala c\u00edsa\u0159ovna Sissi s c\u00edsa\u0159em Franti\u0161kem Josefem II. Otev\u0159en\u00e9 jsou i st\u00e1je s ko\u0148mi, kter\u00e9 jsou n\u00e1rodn\u00ed kulturn\u00ed pam\u00e1tkou.<\/p>\n","protected":false},"author":1,"featured_media":398,"comment_status":"open","ping_status":"open","sticky":false,"template":"","format":"standard","meta":[],"categories":[7],"tags":[],"_links":{"self":[{"href":"https:\/\/jananews.cz\/index.php\/wp-json\/wp\/v2\/posts\/132"}],"collection":[{"href":"https:\/\/jananews.cz\/index.php\/wp-json\/wp\/v2\/posts"}],"about":[{"href":"https:\/\/jananews.cz\/index.php\/wp-json\/wp\/v2\/types\/post"}],"author":[{"embeddable":true,"href":"https:\/\/jananews.cz\/index.php\/wp-json\/wp\/v2\/users\/1"}],"replies":[{"embeddable":true,"href":"https:\/\/jananews.cz\/index.php\/wp-json\/wp\/v2\/comments?post=132"}],"version-history":[{"count":1,"href":"https:\/\/jananews.cz\/index.php\/wp-json\/wp\/v2\/posts\/132\/revisions"}],"predecessor-version":[{"id":488,"href":"https:\/\/jananews.cz\/index.php\/wp-json\/wp\/v2\/posts\/132\/revisions\/488"}],"wp:featuredmedia":[{"embeddable":true,"href":"https:\/\/jananews.cz\/index.php\/wp-json\/wp\/v2\/media\/398"}],"wp:attachment":[{"href":"https:\/\/jananews.cz\/index.php\/wp-json\/wp\/v2\/media?parent=132"}],"wp:term":[{"taxonomy":"category","embeddable":true,"href":"https:\/\/jananews.cz\/index.php\/wp-json\/wp\/v2\/categories?post=132"},{"taxonomy":"post_tag","embeddable":true,"href":"https:\/\/jananews.cz\/index.php\/wp-json\/wp\/v2\/tags?post=132"}],"curies":[{"name":"wp","href":"https:\/\/api.w.org\/{rel}","templated":true}]}}