{"id":133,"date":"2016-04-02T17:47:20","date_gmt":"2016-04-02T15:47:20","guid":{"rendered":"http:\/\/www.jananews.cz\/WP\/index.php\/2016\/04\/02\/ve-valasskem-mezirici-jsou-k-videni-dila-nejvyznamnejsich-ceskych-maliru\/"},"modified":"2020-08-16T22:38:18","modified_gmt":"2020-08-16T20:38:18","slug":"ve-valasskem-mezirici-jsou-k-videni-dila-nejvyznamnejsich-ceskych-maliru","status":"publish","type":"post","link":"https:\/\/jananews.cz\/index.php\/2016\/04\/02\/ve-valasskem-mezirici-jsou-k-videni-dila-nejvyznamnejsich-ceskych-maliru\/","title":{"rendered":"Ve Vala\u0161sk\u00e9m Mezi\u0159\u00ed\u010d\u00ed jsou k vid\u011bn\u00ed d\u00edla nejv\u00fdznamn\u011bj\u0161\u00edch \u010desk\u00fdch mal\u00ed\u0159\u016f"},"content":{"rendered":"<p class=\"articleperex\" style=\"margin-bottom: .0001pt;\"><span style=\"font-size: 9.0pt; font-family: 'Arial','sans-serif'; mso-bidi-font-weight: bold;\">VALA\u0160SK\u00c9 MEZI\u0158\u00cd\u010c\u00cd \u2013 A\u017e do 5. \u010dervna budou v <\/span><span style=\"font-size: 9.0pt; font-family: 'Arial','sans-serif';\">z\u00e1mku \u017derot\u00edn\u016f ve Vala\u0161sk\u00e9m Mezi\u0159\u00ed\u010d\u00ed vystavena d\u00edla nejv\u00fdznamn\u011bj\u0161\u00edch \u010desk\u00fdch mal\u00ed\u0159\u016f z druh\u00e9 poloviny 19. a prvn\u00ed poloviny 20. stolet\u00ed. Milovn\u00edci v\u00fdtvarn\u00e9ho um\u011bn\u00ed tu mohou vid\u011bt nap\u0159\u00edklad obrazy Franti\u0161ka \u017den\u00ed\u0161ka, Maxe \u0160vabinsk\u00e9ho nebo Lu\u010fka Marolda.<\/span><\/p>\n<p><!--more--><\/p>\n<p class=\"articleperex\" style=\"margin-bottom: .0001pt;\">\u00a0Stovku d\u011bl v\u00fdznamn\u00fdch \u010desk\u00fdch mal\u00ed\u0159\u016f zap\u016fj\u010dila do Vala\u0161sk\u00e9ho Mezi\u0159\u00ed\u010d\u00ed \u010cesk\u00e1 spo\u0159itelna, kter\u00e1 shrom\u00e1\u017edila z\u0159ejm\u011b nejucelenej\u0161\u00ed sb\u00edrku sv\u00e9ho druhu v cel\u00e9 \u010cesk\u00e9 republice. Tak trochu pradoxem je skute\u010dnost, \u017ee m\u011bstsk\u00e9 a profesn\u00ed spo\u0159itelny kupovaly tato d\u00edla \u201cpouze\u201d pro v\u00fdzdobu sv\u00fdch interi\u00e9r\u016f.<\/p>\n<p style=\"font-size: 12.16px; line-height: 15.808px; margin: 0cm 0cm 0.0001pt;\">Podle Martina Ben\u00ed\u010dka z po\u0159\u00e1daj\u00edc\u00edho Muzejn\u00edho a galerijn\u00edho centra p\u0159eva\u017euj\u00ed krajinomalby, kter\u00e1 se v dan\u00e9m obdob\u00ed zna\u010dn\u011b rozv\u00edjela. Nejstar\u0161\u00edm autorem, jeho\u017e d\u00edlo p\u0159edstavuj\u00edc\u00ed po\u010d\u00e1tky romantismu bude mo\u017en\u00e9 vid\u011bt, je n\u011bmeck\u00fd mal\u00ed\u0159 August Bed\u0159ich Piepenhagen, kter\u00fd<span class=\"apple-converted-space\">\u00a0<\/span><a>\u017eil<\/a><span class=\"apple-converted-space\">\u00a0<\/span>n\u011bjak\u00fd \u010das v \u010cech\u00e1ch.<\/p>\n<p style=\"font-size: 12.16px; line-height: 15.808px; margin: 0cm 0cm 0.0001pt;\">V\u00fdznamn\u00e9 zastoupen\u00ed zde maj\u00ed \u017e\u00e1ci pra\u017esk\u00e9 Akademie Adolf Kos\u00e1rek nebo Anton\u00edn Waldhauser, ale i dal\u0161\u00ed v\u00fdznamn\u00ed krajin\u00e1\u0159i jako Julius Ma\u0159\u00e1k, Anton\u00edn Slav\u00ed\u010dek nebo V\u00e1clav \u0160p\u00e1la.<\/p>\n<p style=\"font-size: 12.16px; line-height: 15.808px; margin: 0cm 0cm 0.0001pt;\">Figur\u00e1ln\u00ed mal\u00ed\u0159stv\u00ed na v\u00fdstav\u011b Mitrovsk\u00e1 d\u00edla ze sb\u00edrek \u010cesk\u00e9 spo\u0159itelny zastupuj\u00ed nap\u0159. V\u00e1clav Bro\u017e\u00edk, Vojt\u011bch Hynais nebo Franti\u0161ek \u017den\u00ed\u0161ek \u010di kresby Jakuba Schikanedera, tedy mal\u00ed\u0159\u016f pat\u0159\u00edc\u00edch k tzv. generaci<span class=\"apple-converted-space\">\u00a0<\/span><a>N\u00e1rodn\u00edho<\/a><span class=\"apple-converted-space\">\u00a0<\/span>divadla, jejich\u017e \u017e\u00e1ky byli vynikaj\u00edc\u00ed mal\u00ed\u0159i jako Max \u0160vabinsk\u00fd,<span class=\"apple-converted-space\">\u00a0<\/span><a>Jan<\/a><span class=\"apple-converted-space\">\u00a0<\/span>Presiler \u010di Viktor Stretti.<\/p>\n<p style=\"font-size: 12.16px; line-height: 15.808px; margin: 0cm 0cm 0.0001pt;\">Ji\u0159\u00ed K. R\u016f\u017ei\u010dka<\/p>\n","protected":false},"excerpt":{"rendered":"<p>VALA\u0160SK\u00c9 MEZI\u0158\u00cd\u010c\u00cd \u2013 A\u017e do 5. \u010dervna budou v z\u00e1mku \u017derot\u00edn\u016f ve Vala\u0161sk\u00e9m Mezi\u0159\u00ed\u010d\u00ed vystavena d\u00edla nejv\u00fdznamn\u011bj\u0161\u00edch \u010desk\u00fdch mal\u00ed\u0159\u016f z druh\u00e9 poloviny 19. a prvn\u00ed poloviny 20. stolet\u00ed. Milovn\u00edci v\u00fdtvarn\u00e9ho um\u011bn\u00ed tu mohou vid\u011bt nap\u0159\u00edklad obrazy Franti\u0161ka \u017den\u00ed\u0161ka, Maxe \u0160vabinsk\u00e9ho nebo Lu\u010fka Marolda.<\/p>\n","protected":false},"author":1,"featured_media":398,"comment_status":"open","ping_status":"open","sticky":false,"template":"","format":"standard","meta":[],"categories":[7],"tags":[],"_links":{"self":[{"href":"https:\/\/jananews.cz\/index.php\/wp-json\/wp\/v2\/posts\/133"}],"collection":[{"href":"https:\/\/jananews.cz\/index.php\/wp-json\/wp\/v2\/posts"}],"about":[{"href":"https:\/\/jananews.cz\/index.php\/wp-json\/wp\/v2\/types\/post"}],"author":[{"embeddable":true,"href":"https:\/\/jananews.cz\/index.php\/wp-json\/wp\/v2\/users\/1"}],"replies":[{"embeddable":true,"href":"https:\/\/jananews.cz\/index.php\/wp-json\/wp\/v2\/comments?post=133"}],"version-history":[{"count":1,"href":"https:\/\/jananews.cz\/index.php\/wp-json\/wp\/v2\/posts\/133\/revisions"}],"predecessor-version":[{"id":487,"href":"https:\/\/jananews.cz\/index.php\/wp-json\/wp\/v2\/posts\/133\/revisions\/487"}],"wp:featuredmedia":[{"embeddable":true,"href":"https:\/\/jananews.cz\/index.php\/wp-json\/wp\/v2\/media\/398"}],"wp:attachment":[{"href":"https:\/\/jananews.cz\/index.php\/wp-json\/wp\/v2\/media?parent=133"}],"wp:term":[{"taxonomy":"category","embeddable":true,"href":"https:\/\/jananews.cz\/index.php\/wp-json\/wp\/v2\/categories?post=133"},{"taxonomy":"post_tag","embeddable":true,"href":"https:\/\/jananews.cz\/index.php\/wp-json\/wp\/v2\/tags?post=133"}],"curies":[{"name":"wp","href":"https:\/\/api.w.org\/{rel}","templated":true}]}}