{"id":135,"date":"2016-04-02T18:09:30","date_gmt":"2016-04-02T16:09:30","guid":{"rendered":"http:\/\/www.jananews.cz\/WP\/index.php\/2016\/04\/02\/do-zlatych-hor-opet-miri-zlatokopove\/"},"modified":"2020-08-16T22:37:04","modified_gmt":"2020-08-16T20:37:04","slug":"do-zlatych-hor-opet-miri-zlatokopove","status":"publish","type":"post","link":"https:\/\/jananews.cz\/index.php\/2016\/04\/02\/do-zlatych-hor-opet-miri-zlatokopove\/","title":{"rendered":"Do Zlat\u00fdch Hor op\u011bt m\u00ed\u0159\u00ed zlatokopov\u00e9"},"content":{"rendered":"<p style=\"margin: 0cm 0cm 0.0001pt; background-image: initial; background-attachment: initial; background-size: initial; background-origin: initial; background-clip: initial; background-position: initial; background-repeat: initial;\"><strong><span style=\"font-size: 9.0pt; font-family: 'Arial','sans-serif'; font-weight: normal; mso-bidi-font-weight: bold;\">ZLAT<\/span><\/strong><span style=\"font-size: 9pt; font-family: Arial, sans-serif; color: #252525; background-image: initial; background-attachment: initial; background-size: initial; background-origin: initial; background-clip: initial; background-position: initial; background-repeat: initial;\">\u00c9<\/span><strong><span style=\"font-size: 9.0pt; font-family: 'Arial','sans-serif'; font-weight: normal; mso-bidi-font-weight: bold;\"> HORY \u2013 Nov\u00e1 zlatokopeck\u00e1 sezona o tomto v\u00edkendu zahajuje ve Zlat\u00fdch Hor\u00e1ch na Jesenicku. V sobotu se milovn\u00edci dobrodru\u017estv\u00ed letos poprv\u00e9 se\u0161li, aby p\u0159ekonali<\/span><\/strong> <em><span style=\"font-size: 9.0pt; font-family: 'Arial','sans-serif'; font-style: normal; mso-bidi-font-style: italic;\">P\u0159\u00ed\u010dnou horu a na z\u00e1v\u011br si vyr\u00fd\u017eovali zlato z potoka. Po zah\u00e1jen\u00ed si te\u010f milovn\u00edci jesenick\u00e9ho Klondiku budou u\u017e\u00edvat po celou sezonu. \u00a0<\/span><\/em><\/p>\n<p><!--more--><\/p>\n<p style=\"font-size: 12.16px; line-height: 15.808px; margin: 0cm 0cm 0.0001pt; background-image: initial; background-attachment: initial; background-size: initial; background-origin: initial; background-clip: initial; background-position: initial; background-repeat: initial;\"><span style=\"font-size: 9pt; font-family: Arial, sans-serif;\">A\u017e do podzimu mohou nav\u0161t\u00edvit\u00a0<\/span><span style=\"font-size: 9pt; font-family: Arial, sans-serif;\">\u00dadol\u00ed Ztracen\u00fdch \u0161tol kolem \u0159\u00ed\u010dky Ole\u0161nice u Zlat\u00fdch Hor. \u0158\u00ed\u010dka na sv\u00e9m dn\u011b po miliony let ukl\u00e1dala zlato, kter\u00e9 se tu t\u011b\u017eilo ji\u017e v d\u00e1vn\u00fdch dob\u00e1ch.\u00a0<\/span><\/p>\n<p style=\"font-size: 12.16px; line-height: 15.808px; margin: 0cm 0cm 0.0001pt; background-image: initial; background-attachment: initial; background-size: initial; background-origin: initial; background-clip: initial; background-position: initial; background-repeat: initial;\"><span style=\"font-size: 9pt; font-family: Arial, sans-serif;\">\u00a0<\/span><\/p>\n<p style=\"font-size: 12.16px; line-height: 15.808px; margin: 0cm 0cm 0.0001pt; background-image: initial; background-attachment: initial; background-size: initial; background-origin: initial; background-clip: initial; background-position: initial; background-repeat: initial;\"><span style=\"font-size: 9pt; font-family: Arial, sans-serif;\">\u201cP\u0159edstavu o tom, jak takov\u00e1 t\u011b\u017eba kdysi vypadala, ukazuje replika st\u0159edov\u011bk\u00e9ho hornick\u00e9ho m\u011bste\u010dka se dv\u011bma sruby a zlatorudn\u00fdm ml\u00fdnem zhotoven\u00fdmi podle dobov\u00fdch n\u00e1kres\u016f,\u201d uvedla Gabriela Kotasov\u00e1 z M\u011bstsk\u00e9ho kulturn\u00edho za\u0159\u00edzen\u00ed.<span class=\"apple-converted-space\">\u00a0<\/span>Okol\u00edm vede tak\u00e9 nau\u010dn\u00e1 stezka a\u017e k m\u00edstu, kde se kv\u016fli optick\u00e9mu klamu zd\u00e1, \u017ee voda te\u010de do kopce.<\/span><\/p>\n<p style=\"font-size: 12.16px; line-height: 15.808px; margin: 0cm 0cm 0.0001pt; background-image: initial; background-attachment: initial; background-size: initial; background-origin: initial; background-clip: initial; background-position: initial; background-repeat: initial;\"><span style=\"font-size: 9pt; font-family: Arial, sans-serif;\">\u00a0<\/span><\/p>\n<p style=\"font-size: 12.16px; line-height: 15.808px; margin: 0cm 0cm 0.0001pt; background-image: initial; background-attachment: initial; background-size: initial; background-origin: initial; background-clip: initial; background-position: initial; background-repeat: initial;\"><span style=\"font-size: 9pt; font-family: Arial, sans-serif;\">Zlat\u00e9 Hory jsou pro vyznava\u010de dobrodru\u017estv\u00ed a netradi\u010dn\u00edch z\u00e1\u017eitk\u016f kultovn\u00edm m\u00edstem, o \u010dem\u017e sv\u011bd\u010d\u00ed i fakt, \u017ee se tu konalo mistrovstv\u00ed Evropy v r\u00fd\u017eov\u00e1n\u00ed zlata a ka\u017ed\u00fd rok zde prob\u00edh\u00e1 sout\u011b\u017e o Zlatou p\u00e1nev starosty m\u011bsta.<\/span><\/p>\n<p style=\"font-size: 12.16px; line-height: 15.808px; margin: 0cm 0cm 0.0001pt; background-image: initial; background-attachment: initial; background-size: initial; background-origin: initial; background-clip: initial; background-position: initial; background-repeat: initial;\"><span style=\"font-size: 9pt; font-family: Arial, sans-serif;\">\u00a0<\/span><\/p>\n<p style=\"font-size: 12.16px; line-height: 15.808px; margin: 0cm 0cm 0.0001pt; background-image: initial; background-attachment: initial; background-size: initial; background-origin: initial; background-clip: initial; background-position: initial; background-repeat: initial;\"><span style=\"font-size: 9pt; font-family: Arial, sans-serif;\">(-li\u010d-)\u00a0<\/span><\/p>\n","protected":false},"excerpt":{"rendered":"<p>ZLAT\u00c9 HORY \u2013 Nov\u00e1 zlatokopeck\u00e1 sezona o tomto v\u00edkendu zahajuje ve Zlat\u00fdch Hor\u00e1ch na Jesenicku. V sobotu se milovn\u00edci dobrodru\u017estv\u00ed letos poprv\u00e9 se\u0161li, aby p\u0159ekonali P\u0159\u00ed\u010dnou horu a na z\u00e1v\u011br si vyr\u00fd\u017eovali zlato z potoka. Po zah\u00e1jen\u00ed si te\u010f milovn\u00edci jesenick\u00e9ho Klondiku budou u\u017e\u00edvat po celou sezonu. \u00a0<\/p>\n","protected":false},"author":1,"featured_media":398,"comment_status":"open","ping_status":"open","sticky":false,"template":"","format":"standard","meta":[],"categories":[7],"tags":[],"_links":{"self":[{"href":"https:\/\/jananews.cz\/index.php\/wp-json\/wp\/v2\/posts\/135"}],"collection":[{"href":"https:\/\/jananews.cz\/index.php\/wp-json\/wp\/v2\/posts"}],"about":[{"href":"https:\/\/jananews.cz\/index.php\/wp-json\/wp\/v2\/types\/post"}],"author":[{"embeddable":true,"href":"https:\/\/jananews.cz\/index.php\/wp-json\/wp\/v2\/users\/1"}],"replies":[{"embeddable":true,"href":"https:\/\/jananews.cz\/index.php\/wp-json\/wp\/v2\/comments?post=135"}],"version-history":[{"count":1,"href":"https:\/\/jananews.cz\/index.php\/wp-json\/wp\/v2\/posts\/135\/revisions"}],"predecessor-version":[{"id":485,"href":"https:\/\/jananews.cz\/index.php\/wp-json\/wp\/v2\/posts\/135\/revisions\/485"}],"wp:featuredmedia":[{"embeddable":true,"href":"https:\/\/jananews.cz\/index.php\/wp-json\/wp\/v2\/media\/398"}],"wp:attachment":[{"href":"https:\/\/jananews.cz\/index.php\/wp-json\/wp\/v2\/media?parent=135"}],"wp:term":[{"taxonomy":"category","embeddable":true,"href":"https:\/\/jananews.cz\/index.php\/wp-json\/wp\/v2\/categories?post=135"},{"taxonomy":"post_tag","embeddable":true,"href":"https:\/\/jananews.cz\/index.php\/wp-json\/wp\/v2\/tags?post=135"}],"curies":[{"name":"wp","href":"https:\/\/api.w.org\/{rel}","templated":true}]}}