{"id":141,"date":"2016-04-05T06:03:42","date_gmt":"2016-04-05T04:03:42","guid":{"rendered":"http:\/\/www.jananews.cz\/WP\/index.php\/2016\/04\/05\/stat-by-mel-vic-podporit-cestovni-ruch-nelze-na-nej-cerpat-evropske-dotace\/"},"modified":"2020-08-16T22:55:16","modified_gmt":"2020-08-16T20:55:16","slug":"stat-by-mel-vic-podporit-cestovni-ruch-nelze-na-nej-cerpat-evropske-dotace","status":"publish","type":"post","link":"https:\/\/jananews.cz\/index.php\/2016\/04\/05\/stat-by-mel-vic-podporit-cestovni-ruch-nelze-na-nej-cerpat-evropske-dotace\/","title":{"rendered":"St\u00e1t by m\u011bl v\u00edc podpo\u0159it cestovn\u00ed ruch, nelze na n\u011bj \u010derpat evropsk\u00e9 dotace"},"content":{"rendered":"<p>PRAHA &#8211; Cestovn\u00ed ruch \u010di vyd\u00e1v\u00e1n\u00ed ob\u010dansk\u00fdch pr\u016fkaz\u016f. O tom mimo jin\u00e9 debatovali starostky a starostov\u00e9 Karlovarsk\u00e9ho kraje na sv\u00e9m Krajsk\u00e9m setk\u00e1n\u00ed. Na Krajsk\u00e9m \u00fa\u0159ad\u011b ho tradi\u010dn\u011b uspo\u0159\u00e1dal Svaz m\u011bst a obc\u00ed \u010cesk\u00e9 republiky. Zazn\u011bla cel\u00e1 \u0159ada informac\u00ed p\u0159edev\u0161\u00edm z oblasti legislativy, kter\u00e1 se neust\u00e1le m\u011bn\u00ed, samospr\u00e1v\u00e1m p\u0159ib\u00fdvaj\u00ed povinnosti, s kter\u00fdmi se v\u0161ak nenesou kompetence ani pot\u0159ebn\u00e9 finan\u010dn\u00ed prost\u0159edky.<\/p>\n<p><!--more--><\/p>\n<p>\u201eKrajsk\u00e1 setk\u00e1n\u00ed jsou jedine\u010dnou p\u0159\u00edle\u017eitost\u00ed pro diskusi a p\u0159enos informac\u00ed. Z\u00edsk\u00e1v\u00e1me zde tolik d\u016fle\u017eitou zp\u011btnou vazbu, kterou m\u016f\u017eeme vyu\u017e\u00edt pro jedn\u00e1n\u00ed se st\u00e1tem,\u201c \u0159\u00edk\u00e1 m\u00edstop\u0159edseda Svazu m\u011bst a obc\u00ed \u010cR pro evropsk\u00e9 z\u00e1le\u017eitosti a prim\u00e1tor Karlov\u00fdch Var\u016f Petr Kulh\u00e1nek a dod\u00e1v\u00e1: \u201eVelk\u00fdm t\u00e9matem v na\u0161em kraji je logicky cestovn\u00ed ruch a evropsk\u00e9 dotace. Smutn\u00e9 je, \u017ee z Evropsk\u00e9 unie nelze na tuto oblast \u010derpat v aktu\u00e1ln\u00edm programov\u00e9m obdob\u00ed ani korunu, proto intenzivn\u011b jedn\u00e1me s Ministerstvem pro m\u00edstn\u00ed rozvoj, aby se pos\u00edlily n\u00e1rodn\u00ed zdroje. A tak\u00e9 \u0159e\u0161ily m\u00edstn\u00ed poplatky tak, aby z nich m\u011bla v\u011bt\u0161\u00ed prosp\u011bch m\u00edsta, kde se vyb\u00edraj\u00ed. Rovn\u011b\u017e je t\u0159eba jasn\u011b stanovit pravidla pro cestovn\u00ed ruch, ide\u00e1ln\u011b formou diskutovan\u00e9ho z\u00e1kona o cestovn\u00edm ruchu.\u201c<\/p>\n<p>\u201ePro Karlovarsk\u00fd kraj je cestovn\u00ed ruch moc d\u016fle\u017eit\u00fd. Proto vznikla krajsk\u00e1 destina\u010dn\u00ed agentura, aby aktivn\u011b a efektivn\u00edm zp\u016fsobem dok\u00e1zala p\u0159il\u00e1kat do regionu je\u0161t\u011b v\u00edce n\u00e1v\u0161t\u011bvn\u00edk\u016f a p\u0159edstavila turist\u016fm jeho atraktivity,&#8220; \u0159\u00edk\u00e1 hejtman Karlovarsk\u00e9ho kraje Martin Havel a dod\u00e1v\u00e1: \u201eMus\u00ed samoz\u0159ejm\u011b velmi \u00fazce spolupracovat s m\u011bsty a obcemi s c\u00edlem: maxim\u00e1ln\u011b udr\u017eet n\u00e1v\u0161t\u011bvn\u00edka v na\u0161em kraji. Zab\u00fdv\u00e1me se samoz\u0159ejm\u011b i dal\u0161\u00edmi t\u00e9maty m\u011bst a obc\u00ed, \u010dasto jsou spole\u010dn\u00e1 s kraji. Hodn\u011b aktu\u00e1ln\u00ed je nap\u0159\u00edklad spolupr\u00e1ce v oblasti integrovan\u00e9ho z\u00e1chrann\u00e9ho syst\u00e9mu tak, abychom p\u0159i mimo\u0159\u00e1dn\u00fdch ud\u00e1lostech od policie a z\u00e1chran\u00e1\u0159\u016f v\u010das v\u011bd\u011bli, co se d\u011bje a mohli informovat ve\u0159ejnost. Upravuje to spole\u010dn\u00e9 memorandum v lednu podepsan\u00e9 v Brn\u011b. Podobn\u011b spolupracujeme v oblasti \u0161kolstv\u00ed, \u010di co se t\u00fd\u010de c\u00edrkevn\u00edch restituc\u00ed.\u201c<\/p>\n<p>Svaz m\u011bsta obc\u00ed \u010cR i v t\u00e9to souvislosti oce\u0148uje p\u0159\u00edkladnou spolupr\u00e1ci s Ministerstvem vnitra. Na v\u0161ech krajsk\u00fdch setk\u00e1n\u00edch je jeho z\u00e1stupce, kter\u00fd informuje o koordina\u010dn\u00ed roli resortu ve vztahu k samospr\u00e1v\u00e1m a tak\u00e9 o aktu\u00e1ln\u00edm d\u011bn\u00ed a z\u00e1m\u011brech na poli legislativy v gesci vnitra. V Karlov\u00fdch Varech tak mimo jin\u00e9 zazn\u011bl z\u00e1m\u011br resortu vyd\u00e1vat ob\u010dansk\u00e9 pr\u016fkazy (OP) s \u010dipem. Tyto OP by m\u011bly b\u00fdt pro ob\u010dany povinn\u00e9 a vyd\u00e1vat se zdarma. Jejich sou\u010d\u00e1st\u00ed by byly r\u016fzn\u00e9 aplikace, pr\u016fkaz by tedy slou\u017eil jako elektronick\u00e1 identita ob\u010dana. U lid\u00ed nad 70 let by nov\u00e9 ob\u010dansk\u00e9 pr\u016fkazy m\u011bly m\u00edt platnost 30 let.<\/p>\n<p>V souvislosti s velmi debatovan\u00fdm a d\u0159\u00edve zmi\u0148ovan\u00fdm cestovn\u00edm ruchem pak zazn\u011blo, \u017ee u\u017e dnes se daj\u00ed vydat cestovn\u00ed pasy do \u0161esti dn\u016f. Stoj\u00ed to ale v\u00edce pen\u011bz \u2013 z logistick\u00fdch i praktick\u00fdch d\u016fvod\u016f, aby lid\u00e9 v\u0161e nenech\u00e1vali na posledn\u00ed chv\u00edli. I tak by Ministerstvo vnitra cht\u011blo lh\u016ftu d\u00e1le zkracovat &#8211; na t\u0159i dny.<\/p>\n<p>Gener\u00e1ln\u00edmi partnery Krajsk\u00fdch setk\u00e1n\u00ed 2016 je \u010cesk\u00e1 spo\u0159itelna a \u010cEZ. Hlavn\u00edm partnerem Generali Poji\u0161\u0165ovna. Partnery spole\u010dnosti Asekol, Archconsulting, \u010cesk\u00e1 telekomunika\u010dn\u00ed infrastruktura, Colmex, \u010cesk\u00e1 po\u0161ta, EKO-KOM, Empemont, Moram CZ, Rieder Beton, Wolters Kluwer, Zeppelin CZ. Medi\u00e1ln\u00edmi partnery jsou Lidov\u00e9 noviny, Parlamentn\u00ed listy, Ve\u0159ejn\u00e1 spr\u00e1va a \u010dasopis Svazu Informa\u010dn\u00ed Servis (InS).<\/p>\n<p>Svaz m\u011bst a obc\u00ed \u010cesk\u00e9 republiky je celost\u00e1tn\u00ed, dobrovolnou, nepolitickou a nevl\u00e1dn\u00ed organizac\u00ed. \u010cleny Svazu jsou obce a m\u011bsta. Svaz m\u011bst a obc\u00ed \u010cR je partnerem pro vl\u00e1dn\u00ed i parlamentn\u00ed politickou reprezentaci. Pod\u00edl\u00ed se na p\u0159\u00edprav\u011b a tvorb\u011b n\u00e1vrh\u016f legislativn\u00edch i nelegislativn\u00edch opat\u0159en\u00ed v oblastech t\u00fdkaj\u00edc\u00edch se kompetenc\u00ed obc\u00ed a to jak na n\u00e1rodn\u00ed, tak evropsk\u00e9 \u00farovni. \u010cinnost Svazu je zalo\u017eena p\u0159edev\u0161\u00edm na aktivit\u011b starost\u016f, prim\u00e1tor\u016f a \u010dlen\u016f zastupitelstev obc\u00ed a m\u011bst, kte\u0159\u00ed se nad r\u00e1mec sv\u00fdch povinnost\u00ed v\u011bnuj\u00ed i obecn\u00fdm probl\u00e9m\u016fm samospr\u00e1vy. Svaz sdru\u017euje v\u00edce ne\u017e 2 600 m\u011bst a obc\u00ed a sv\u00fdmi \u010dleny tak \u010d\u00edt\u00e1 v\u00edce ne\u017e 8 milion\u016f obyvatel \u010cesk\u00e9 republiky. V\u00edce na <a href=\"http:\/\/www.smocr.cz\">www.smocr.cz<\/a> a na facebooku.<\/p>\n<p>V\u00edce informac\u00ed v\u010detn\u011b harmonogramu a programu Krajsk\u00fdch setk\u00e1n\u00ed 2016 najdete na <a href=\"http:\/\/www.smocr.cz\/cz\/nase-akce\/krajska-setkani\/krajska-setkani-2016\/krajska-setkani-2016.aspx\">http:\/\/www.smocr.cz\/cz\/nase-akce\/krajska-setkani\/krajska-setkani-2016\/krajska-setkani-2016.aspx<\/a>. Dal\u0161\u00ed akce &#8211; pro Olomouck\u00fd kraj &#8211; se kon\u00e1 pr\u00e1v\u011b dnes, tedy v \u00fater\u00fd 5. dubna, v Olomouci.<\/p>\n<p>\u0160t\u011bp\u00e1nka Filipov\u00e1<\/p>\n","protected":false},"excerpt":{"rendered":"<p>PRAHA &#8211; Cestovn\u00ed ruch \u010di vyd\u00e1v\u00e1n\u00ed ob\u010dansk\u00fdch pr\u016fkaz\u016f. O tom mimo jin\u00e9 debatovali starostky a starostov\u00e9 Karlovarsk\u00e9ho kraje na sv\u00e9m Krajsk\u00e9m setk\u00e1n\u00ed. Na Krajsk\u00e9m \u00fa\u0159ad\u011b ho tradi\u010dn\u011b uspo\u0159\u00e1dal Svaz m\u011bst a obc\u00ed \u010cesk\u00e9 republiky. Zazn\u011bla cel\u00e1 \u0159ada informac\u00ed p\u0159edev\u0161\u00edm z oblasti legislativy, kter\u00e1 se neust\u00e1le m\u011bn\u00ed, samospr\u00e1v\u00e1m p\u0159ib\u00fdvaj\u00ed povinnosti, s kter\u00fdmi se v\u0161ak nenesou kompetence<\/p>\n","protected":false},"author":1,"featured_media":398,"comment_status":"open","ping_status":"open","sticky":false,"template":"","format":"standard","meta":[],"categories":[9],"tags":[],"_links":{"self":[{"href":"https:\/\/jananews.cz\/index.php\/wp-json\/wp\/v2\/posts\/141"}],"collection":[{"href":"https:\/\/jananews.cz\/index.php\/wp-json\/wp\/v2\/posts"}],"about":[{"href":"https:\/\/jananews.cz\/index.php\/wp-json\/wp\/v2\/types\/post"}],"author":[{"embeddable":true,"href":"https:\/\/jananews.cz\/index.php\/wp-json\/wp\/v2\/users\/1"}],"replies":[{"embeddable":true,"href":"https:\/\/jananews.cz\/index.php\/wp-json\/wp\/v2\/comments?post=141"}],"version-history":[{"count":1,"href":"https:\/\/jananews.cz\/index.php\/wp-json\/wp\/v2\/posts\/141\/revisions"}],"predecessor-version":[{"id":515,"href":"https:\/\/jananews.cz\/index.php\/wp-json\/wp\/v2\/posts\/141\/revisions\/515"}],"wp:featuredmedia":[{"embeddable":true,"href":"https:\/\/jananews.cz\/index.php\/wp-json\/wp\/v2\/media\/398"}],"wp:attachment":[{"href":"https:\/\/jananews.cz\/index.php\/wp-json\/wp\/v2\/media?parent=141"}],"wp:term":[{"taxonomy":"category","embeddable":true,"href":"https:\/\/jananews.cz\/index.php\/wp-json\/wp\/v2\/categories?post=141"},{"taxonomy":"post_tag","embeddable":true,"href":"https:\/\/jananews.cz\/index.php\/wp-json\/wp\/v2\/tags?post=141"}],"curies":[{"name":"wp","href":"https:\/\/api.w.org\/{rel}","templated":true}]}}