{"id":142,"date":"2016-04-05T20:12:35","date_gmt":"2016-04-05T18:12:35","guid":{"rendered":"http:\/\/www.jananews.cz\/WP\/index.php\/2016\/04\/05\/nizozemske-dny-lakaji-na-vetrne-mlyny-drevaky-nebo-holandske-kroje-zavoni-tu-i-syry-a-tradicni-jidla\/"},"modified":"2020-08-16T22:35:19","modified_gmt":"2020-08-16T20:35:19","slug":"nizozemske-dny-lakaji-na-vetrne-mlyny-drevaky-nebo-holandske-kroje-zavoni-tu-i-syry-a-tradicni-jidla","status":"publish","type":"post","link":"https:\/\/jananews.cz\/index.php\/2016\/04\/05\/nizozemske-dny-lakaji-na-vetrne-mlyny-drevaky-nebo-holandske-kroje-zavoni-tu-i-syry-a-tradicni-jidla\/","title":{"rendered":"Nizozemsk\u00e9 dny l\u00e1kaj\u00ed na v\u011btrn\u00e9 ml\u00fdny, d\u0159ev\u00e1ky nebo holandsk\u00e9 kroje. Zavon\u00ed tu i s\u00fdry a tradi\u010dn\u00ed j\u00eddla"},"content":{"rendered":"<p>KROM\u011a\u0158\u00cd\u017d \u2013 Cel\u00fd tento t\u00fdden p\u0159edstavuj\u00ed v Krom\u011b\u0159\u00ed\u017ei Nizozemsko. A\u017e do p\u00e1tku mohou z\u00e1jemci poznat zemi tulip\u00e1n\u016f prost\u0159ednictv\u00edm p\u0159edn\u00e1\u0161ek, besed, v\u00fdstav, prom\u00edt\u00e1n\u00ed film\u016f nebo ochutn\u00e1vkou typick\u00fdch holandsk\u00fdch j\u00eddel.<\/p>\n<p><!--more--><\/p>\n<p>&#8222;Nizozemsko nen\u00ed pro \u010desk\u00e9 turisty nezn\u00e1mou zem\u00ed. Ka\u017ed\u00fd si nejsp\u00ed\u0161 vybav\u00ed v\u011btrn\u00e9 ml\u00fdny, vodn\u00ed kan\u00e1ly, tulip\u00e1ny, s\u00fdry nebo d\u0159ev\u00e1ky. P\u0159i Evropsk\u00fdch dnech se v\u0161ak poka\u017ed\u00e9 sna\u017e\u00edme \u0159\u00edci o zem\u00edch, kter\u00e9 p\u0159edsedaj\u00ed Rad\u011b Evropsk\u00e9 unie, v\u00edce, ne\u017e je b\u011b\u017en\u011b zn\u00e1m\u00e9, a uk\u00e1zat je z r\u016fzn\u00fdch stran,&#8220; uvedla europoslankyn\u011b Olga Sehnalov\u00e1, kter\u00e1 po\u0159\u00e1d\u00e1 &#8222;Evropsk\u00e9 dny&#8220; ji\u017e od podzimu roku 2010.<\/p>\n<p>Mezi nejv\u011bt\u0161\u00ed tah\u00e1ky akce za\u0161t\u00edt\u011bn\u00e9 velvyslancem Nizozemsk\u00e9ho kr\u00e1lovstv\u00ed v \u010cesk\u00e9 republice Eduardem Hoeksem bude vedle besedy o Janu Amosi Komensk\u00e9m, uk\u00e1zky z nejv\u011bt\u0161\u00ed sv\u011btov\u00e9 sb\u00edrky s\u00fdrov\u00fdch etiket, p\u0159edstaven\u00ed kroj\u016f nebo vypr\u00e1v\u011bn\u00ed o \u017eivot\u011b na tulip\u00e1nov\u00e9 farm\u011b, \u010di ochutn\u00e1vky nizozemsk\u00fdch s\u00fdr\u016f pat\u0159it denn\u00ed menu Restaurace a kav\u00e1rny Sc\u00e9na.<\/p>\n<p>N\u00e1v\u0161t\u011bvn\u00edci se mohou t\u011b\u0161it na stamppot, du\u0161enou kapustu se zel\u00edm, kroupami, bramborami a uzen\u00fd masem, \u010di tradi\u010dn\u00ed masov\u00e9 koule bitterballen, kter\u00e9 jsou dodnes obl\u00edben\u00e9 i na \u00fazem\u00ed b\u00fdval\u00fdch nizozemsk\u00fdch koloni\u00ed.<\/p>\n<p>Ji\u0159\u00ed K. R\u016f\u017ei\u010dka<\/p>\n","protected":false},"excerpt":{"rendered":"<p>KROM\u011a\u0158\u00cd\u017d \u2013 Cel\u00fd tento t\u00fdden p\u0159edstavuj\u00ed v Krom\u011b\u0159\u00ed\u017ei Nizozemsko. A\u017e do p\u00e1tku mohou z\u00e1jemci poznat zemi tulip\u00e1n\u016f prost\u0159ednictv\u00edm p\u0159edn\u00e1\u0161ek, besed, v\u00fdstav, prom\u00edt\u00e1n\u00ed film\u016f nebo ochutn\u00e1vkou typick\u00fdch holandsk\u00fdch j\u00eddel.<\/p>\n","protected":false},"author":1,"featured_media":398,"comment_status":"open","ping_status":"open","sticky":false,"template":"","format":"standard","meta":[],"categories":[7],"tags":[],"_links":{"self":[{"href":"https:\/\/jananews.cz\/index.php\/wp-json\/wp\/v2\/posts\/142"}],"collection":[{"href":"https:\/\/jananews.cz\/index.php\/wp-json\/wp\/v2\/posts"}],"about":[{"href":"https:\/\/jananews.cz\/index.php\/wp-json\/wp\/v2\/types\/post"}],"author":[{"embeddable":true,"href":"https:\/\/jananews.cz\/index.php\/wp-json\/wp\/v2\/users\/1"}],"replies":[{"embeddable":true,"href":"https:\/\/jananews.cz\/index.php\/wp-json\/wp\/v2\/comments?post=142"}],"version-history":[{"count":1,"href":"https:\/\/jananews.cz\/index.php\/wp-json\/wp\/v2\/posts\/142\/revisions"}],"predecessor-version":[{"id":481,"href":"https:\/\/jananews.cz\/index.php\/wp-json\/wp\/v2\/posts\/142\/revisions\/481"}],"wp:featuredmedia":[{"embeddable":true,"href":"https:\/\/jananews.cz\/index.php\/wp-json\/wp\/v2\/media\/398"}],"wp:attachment":[{"href":"https:\/\/jananews.cz\/index.php\/wp-json\/wp\/v2\/media?parent=142"}],"wp:term":[{"taxonomy":"category","embeddable":true,"href":"https:\/\/jananews.cz\/index.php\/wp-json\/wp\/v2\/categories?post=142"},{"taxonomy":"post_tag","embeddable":true,"href":"https:\/\/jananews.cz\/index.php\/wp-json\/wp\/v2\/tags?post=142"}],"curies":[{"name":"wp","href":"https:\/\/api.w.org\/{rel}","templated":true}]}}