{"id":144,"date":"2016-04-05T20:15:47","date_gmt":"2016-04-05T18:15:47","guid":{"rendered":"http:\/\/www.jananews.cz\/WP\/index.php\/2016\/04\/05\/v-budvaru-oziji-stare-casy\/"},"modified":"2020-08-16T22:34:27","modified_gmt":"2020-08-16T20:34:27","slug":"v-budvaru-oziji-stare-casy","status":"publish","type":"post","link":"https:\/\/jananews.cz\/index.php\/2016\/04\/05\/v-budvaru-oziji-stare-casy\/","title":{"rendered":"V Budvaru o\u017eij\u00ed star\u00e9 \u010dasy"},"content":{"rendered":"<p>\u010cESK\u00c9 BUD\u011aJOVICE \u2013 Ji\u017e ve st\u0159edu 6. dubna si mohou milovn\u00edci piva, a nejen oni, letos poprv\u00e9 u\u017e\u00edt mimo\u0159\u00e1dnou divadeln\u00ed prohl\u00eddku v historick\u00fdch kost\u00fdmech prohl\u00eddku \u010deskobud\u011bjovick\u00e9ho Budvaru. N\u00e1v\u0161t\u011bvnick\u00e9 centrum Bud\u011bjovick\u00e9ho Budvaru p\u0159ipravilo v r\u00e1mci lo\u0148sk\u00fdch oslav 120. v\u00fdro\u010d\u00ed zalo\u017een\u00ed pivovaru.<\/p>\n<p><!--more--><\/p>\n<p>\u201cRoli pr\u016fvodc\u016f p\u0159evzali herci v realistick\u00e9m dobov\u00e9m oble\u010den\u00ed, kte\u0159\u00ed prost\u0159ednictv\u00edm hran\u00fdch sc\u00e9n p\u0159en\u00e1\u0161ej\u00ed n\u00e1v\u0161t\u011bvn\u00edky do doby zalo\u017een\u00ed \u010cesk\u00e9ho akciov\u00e9ho pivovaru i do dal\u0161\u00edch kl\u00ed\u010dov\u00fdch okam\u017eik\u016f v jeho dlouh\u00e9 historii,\u201d uvedl Tom\u00e1\u0161 Olejn\u00edk z n\u00e1v\u0161t\u011bvnick\u00e9ho centra. Dal\u0161\u00ed prohl\u00eddky podle n\u011bj budou v\u017edy od p\u016fl osm\u00e9 ve\u010der\u00a0 je\u0161t\u011b 13., 20. a 27. dubna.<\/p>\n<p>\u201eV lo\u0148sk\u00e9m roce jsme p\u016fvodn\u011b pl\u00e1novali pouze p\u011bt prohl\u00eddek, ale kv\u016fli obrovsk\u00e9mu z\u00e1jmu jich nakonec prob\u011bhlo deset a z\u00fa\u010dastnilo se jich p\u0159es 800 lid\u00ed. Proto letos tyto v\u00fdlety \u010dasem zopakujeme,\u201c dodal. Na dal\u0161\u00ed prohl\u00eddky si budou muset ale milovn\u00edci piva a historie po\u010dkat do \u0159\u00edjna, na kdy jsou napl\u00e1novan\u00e9 dal\u0161\u00ed \u010dty\u0159i prohl\u00eddky.<\/p>\n<p>N\u00e1v\u0161t\u011bvnick\u00e9 centrum Bud\u011bjovick\u00e9ho Budvaru nab\u00edz\u00ed ji\u017e od roku 2005 z\u00e1bavu i pou\u010den\u00ed a poskytuje \u0159adu dal\u0161\u00edch slu\u017eeb. Loni ho nav\u0161t\u00edvilo t\u00e9m\u011b\u0159 52 000 lid\u00ed. P\u0159\u00edmo v are\u00e1lu funguje Pivnice Budvar, ve kter\u00e9 mohou n\u00e1v\u0161t\u011bvn\u00edci krom\u011b dokonale o\u0161et\u0159en\u00e9ho piva ochutnat tak\u00e9 gastronomick\u00e9 speciality tradi\u010dn\u00ed \u010desk\u00e9 kuchyn\u011b. Nab\u00eddku slu\u017eeb dopl\u0148uje prodejna piva a suven\u00fdr\u016f a tak\u00e9 komplexn\u011b vybaven\u00e9 prostory pro firemn\u00ed \u0161kolen\u00ed \u010di spole\u010densk\u00e9 akce.<\/p>\n<p>Ji\u0159\u00ed K. R\u016f\u017ei\u010dka<\/p>\n","protected":false},"excerpt":{"rendered":"<p>\u010cESK\u00c9 BUD\u011aJOVICE \u2013 Ji\u017e ve st\u0159edu 6. dubna si mohou milovn\u00edci piva, a nejen oni, letos poprv\u00e9 u\u017e\u00edt mimo\u0159\u00e1dnou divadeln\u00ed prohl\u00eddku v historick\u00fdch kost\u00fdmech prohl\u00eddku \u010deskobud\u011bjovick\u00e9ho Budvaru. N\u00e1v\u0161t\u011bvnick\u00e9 centrum Bud\u011bjovick\u00e9ho Budvaru p\u0159ipravilo v r\u00e1mci lo\u0148sk\u00fdch oslav 120. v\u00fdro\u010d\u00ed zalo\u017een\u00ed pivovaru.<\/p>\n","protected":false},"author":1,"featured_media":398,"comment_status":"open","ping_status":"open","sticky":false,"template":"","format":"standard","meta":[],"categories":[7],"tags":[],"_links":{"self":[{"href":"https:\/\/jananews.cz\/index.php\/wp-json\/wp\/v2\/posts\/144"}],"collection":[{"href":"https:\/\/jananews.cz\/index.php\/wp-json\/wp\/v2\/posts"}],"about":[{"href":"https:\/\/jananews.cz\/index.php\/wp-json\/wp\/v2\/types\/post"}],"author":[{"embeddable":true,"href":"https:\/\/jananews.cz\/index.php\/wp-json\/wp\/v2\/users\/1"}],"replies":[{"embeddable":true,"href":"https:\/\/jananews.cz\/index.php\/wp-json\/wp\/v2\/comments?post=144"}],"version-history":[{"count":1,"href":"https:\/\/jananews.cz\/index.php\/wp-json\/wp\/v2\/posts\/144\/revisions"}],"predecessor-version":[{"id":479,"href":"https:\/\/jananews.cz\/index.php\/wp-json\/wp\/v2\/posts\/144\/revisions\/479"}],"wp:featuredmedia":[{"embeddable":true,"href":"https:\/\/jananews.cz\/index.php\/wp-json\/wp\/v2\/media\/398"}],"wp:attachment":[{"href":"https:\/\/jananews.cz\/index.php\/wp-json\/wp\/v2\/media?parent=144"}],"wp:term":[{"taxonomy":"category","embeddable":true,"href":"https:\/\/jananews.cz\/index.php\/wp-json\/wp\/v2\/categories?post=144"},{"taxonomy":"post_tag","embeddable":true,"href":"https:\/\/jananews.cz\/index.php\/wp-json\/wp\/v2\/tags?post=144"}],"curies":[{"name":"wp","href":"https:\/\/api.w.org\/{rel}","templated":true}]}}