{"id":145,"date":"2016-04-06T10:09:21","date_gmt":"2016-04-06T08:09:21","guid":{"rendered":"http:\/\/www.jananews.cz\/WP\/index.php\/2016\/04\/06\/cemat-2016-s-klicovym-tematem-logistics-it\/"},"modified":"2020-08-19T22:15:23","modified_gmt":"2020-08-19T20:15:23","slug":"cemat-2016-s-klicovym-tematem-logistics-it","status":"publish","type":"post","link":"https:\/\/jananews.cz\/index.php\/2016\/04\/06\/cemat-2016-s-klicovym-tematem-logistics-it\/","title":{"rendered":"CeMAT 2016 s kl\u00ed\u010dov\u00fdm t\u00e9matem Logistics IT"},"content":{"rendered":"<p>HANNOVER &#8211;\u00a0Mezin\u00e1rodn\u00ed odborn\u00fd veletrh CeMAT 2016 se bude konat v term\u00ednu 31. kv\u011btna &#8211; 3. \u010dervna 2016 na v\u00fdstavi\u0161ti v Hannoveru.S p\u0159ib\u00fdvaj\u00edc\u00ed digitalizac\u00ed mnoha bran\u017e\u00ed stoupaj\u00ed po\u017eadavky na syst\u00e9my IT. Podle aktu\u00e1ln\u00ed studie BVL \u201eLogistika a IT jako motor inovac\u00ed pro hospod\u00e1\u0159stv\u00ed N\u011bmecka\u201c vede individualizace produkt\u016f a dynamizace v\u00fdroby a obchodu k atomizovan\u00fdm a st\u00e1le kol\u00edsav\u011bj\u0161\u00edm tok\u016fm zbo\u017e\u00ed.\u00a0 Logistika proto mus\u00ed reagovat st\u00e1le dynami\u010dt\u011bji a flexibiln\u011bji a p\u0159edev\u0161\u00edm prost\u0159ednictv\u00edm st\u00e1le v\u011bt\u0161\u00edho propojen\u00ed a pot\u0159ebuje syst\u00e9my podporovan\u00e9 IT.\u00a0 K tomu je\u0161t\u011b p\u0159istupuje koncepce Pr\u016fmysl 4.0. Komplexn\u00ed a dynamick\u00e9 logistick\u00e9 s\u00edt\u011b bude mo\u017eno do budoucna utv\u00e1\u0159et a \u0159\u00eddit pomoc\u00ed koncepc\u00ed a technologi\u00ed Logistiky 4.0\u00a0\u00a0 v\u00fdrazn\u011b efektivn\u011bji.<\/p>\n<p><!--more--><\/p>\n<p>\u201eTento v\u00fdvoj sm\u011b\u0159uj\u00edc\u00ed ke \u010dtvrt\u00e9 pr\u016fmyslov\u00e9 revoluci bude na veletrhu CeMAT 2016 hr\u00e1t v\u00fdznamnou \u00falohu. Proto jsme roz\u0161\u00ed\u0159ili gr\u00e9mia veletrhu CeMAT se zvl\u00e1\u0161tn\u00edm d\u016frazem na Logistics IT,\u201c \u0159\u00edk\u00e1 Dr. Andreas Gruchow, \u010dlen p\u0159edstavenstva veletr\u017en\u00ed spr\u00e1vy Deutsche Messe AG. Prof. Dr. Uwe Kubach, Vice President IoT Enablement, SAP SE, a Michael Baranowski, jednatel spole\u010dnosti TEAM GmbH, kte\u0159\u00ed byli povol\u00e1ni do prez\u00eddia CeMAT, jsou osv\u011bd\u010den\u00ed odborn\u00edci. Prof. Kubach vede ve spole\u010dnosti SAP v\u00fdvoj technologi\u00ed pro internet v\u011bc\u00ed. Ze sv\u00e9 pozice odpov\u00edd\u00e1 za inovace a v\u00fdvoj v oblasti komunikace machine-to-machine a technologick\u00e9 platformy pro internet v\u011bc\u00ed: \u201eS Logistikou 4.0 vstupuj\u00ed do logistick\u00fdch proces\u016f nov\u00e9 kl\u00ed\u010dov\u00e9 technologie jako internet v\u011bc\u00ed, Cloud a Big Data. T\u00edm vznik\u00e1 velk\u00fd potenci\u00e1l pro optimalizaci st\u00e1vaj\u00edc\u00edch podnikov\u00fdch proces\u016f a zaveden\u00ed nov\u00fdch podnikov\u00fdch model\u016f. Kl\u00ed\u010dov\u00e1 v\u00fdstavn\u00ed oblast Logistics IT je pro CeMAT nejlep\u0161\u00ed p\u0159\u00edle\u017eitost\u00ed, jak pouk\u00e1zat na tento potenci\u00e1l.\u201c<\/p>\n<p>Michael Baranowski je jednatel ve spole\u010dnosti TEAM GmbH z Paderbornu, st\u0159edn\u011b velk\u00e9ho podniku se zam\u011b\u0159en\u00edm na IT. Jeho firma, kter\u00e1 u\u017e p\u0159es 30 let aktivn\u011b p\u016fsob\u00ed na trhu intralogistick\u00fdch syst\u00e9m\u016f, je v N\u011bmecku jedn\u00edm z p\u0159edn\u00edch partner\u016f spole\u010dnosti Oracle.\u00a0\u00a0 \u201eTrh syst\u00e9m\u016f IT aktu\u00e1ln\u011b proch\u00e1z\u00ed procesem velk\u00fdch zm\u011bn.\u00a0 Ve spojen\u00ed s Logistikou 4.0 nyn\u00ed vznikaj\u00ed zcela nov\u00e9 koncepce a \u0159e\u0161en\u00ed, kter\u00e1 zm\u011bn\u00ed z\u00e1sadn\u011b procesy v intralogistice. Veletrh CeMAT nab\u00eddne v Hannoveru vynikaj\u00edc\u00ed platformu, kde bude mo\u017eno za\u017e\u00edt trendy IT a vize pro logistiku,\u201c \u0159\u00edk\u00e1 M. Baranowski.<\/p>\n<p>Veletr\u017en\u00ed spr\u00e1va Deutsche Messe AG zalo\u017eila pracovn\u00ed t\u00fdm Logistics IT, do kter\u00e9ho pat\u0159\u00ed tak\u00e9 Wolfgang Albrecht, \u0159editel IT Solutions, SSI Sch\u00e4fer: \u201eModern\u00ed syst\u00e9my IT jsou u\u017e \u0159adu let kl\u00ed\u010dov\u00fdm prvkem mnoha inovac\u00ed v intralogistice.\u00a0\u00a0 Logistika 4.0 posouv\u00e1 IT je\u0161t\u011b v\u00edce do st\u0159edu pozornosti a sou\u010dasn\u011b je z\u00e1kladem pro dal\u0161\u00ed d\u00e1vku efektivity a flexibility v intralogistice. Z toho logicky vypl\u00fdv\u00e1, pro\u010d veletrh CeMAT poskytuje je\u0161t\u011b v\u00edce m\u00edsta IT. Na veletrhu CeMAT 2016 budou moci n\u00e1v\u0161t\u011bvn\u00edci za\u017e\u00edt live nejr\u016fzn\u011bj\u0161\u00ed \u0159e\u0161en\u00ed IT pro logistick\u00e9 \u00fakoly.\u201c<\/p>\n<p>Hlavn\u00ed prostor pro Logistics IT bude v hale \u010d. 27 v p\u0159\u00edm\u00e9m sousedstv\u00ed s logistick\u00fdmi syst\u00e9my. St\u011b\u017eejn\u00ed \u010d\u00e1st\u00ed v\u00fdstavn\u00ed sekce bude u\u017eivatelsk\u00e9 f\u00f3rum \u201eLogistics IT\u201c.<\/p>\n<p>O veletrhu CeMAT<br \/>\nVeletrhy CeMAT \u2013 to je vynikaj\u00edc\u00ed platforma, kterou veletr\u017en\u00ed spr\u00e1va Deutsche Messe poskytuje bran\u017ei intralogistiky na nejv\u00fdznamn\u011bj\u0161\u00edch trz\u00edch sv\u011bta pro prezentaci produkt\u016f a inovac\u00ed v p\u0159\u00edslu\u0161n\u00fdch zem\u00edch a regionech.\u00a0 V\u0161echny jsou odno\u017e\u00ed veletrhu CeMAT v Hannoveru, nejv\u00fdznamn\u011bj\u0161\u00edho sv\u011btov\u00e9ho veletrhu intralogistiky a \u0159\u00edzen\u00ed dodavatelsk\u00e9ho \u0159et\u011bzce.\u00a0\u00a0\u00a0 Veletrh CeMAT se kon\u00e1 ka\u017ed\u00e9 dva roky. P\u0159\u00ed\u0161t\u00ed veletrh se uskute\u010dn\u00ed od 31. kv\u011btna do 3. \u010dervna 2016. Na veletrhu CeMAT v Hannoveru jsou zastoupeny v\u0161echny segmenty intralogistiky \u2013 od inovativn\u00edch, energeticky \u00fasporn\u00fdch vysokozdvi\u017en\u00fdch voz\u00edk\u016f a pozemn\u00edch dopravn\u00edch prost\u0159edk\u016f, komplexn\u00edch pln\u011b automatizovan\u00fdch p\u0159epravn\u00edch syst\u00e9m\u016f, reg\u00e1lov\u00fdch a skladov\u00fdch syst\u00e9m\u016f a\u017e po nejnov\u011bj\u0161\u00ed \u0159\u00eddic\u00ed syst\u00e9my a inovace v r\u00e1mci sekce Logistics IT.\u00a0 Paletu v\u00fdstavn\u00edch expon\u00e1t\u016f dopln\u00ed je\u0159\u00e1by, zvedac\u00ed technika a zvedac\u00ed pracovn\u00ed plo\u0161iny,\u00a0 Auto-ID syst\u00e9my, robotizovan\u00e1 logistick\u00e1 pracovi\u0161t\u011b a bal\u00edc\u00ed technika vyu\u017e\u00edvan\u00e1 v intralogistice.<\/p>\n<p>Deutsche Messe AG<br \/>\nVeletr\u017en\u00ed spr\u00e1va Deutsche Messe AG dos\u00e1hla v roce 2014 obratu 280 milion\u016f eur. Pat\u0159\u00ed tak k deseti nejv\u011bt\u0161\u00edm sv\u011btov\u00fdm veletr\u017en\u00edm spole\u010dnostem. V obchodn\u00edm roce 2014 veletr\u017en\u00ed spr\u00e1va Deutsche Messe AG vytvo\u0159ila, napl\u00e1novala a realizovala celkem 134 veletrh\u016f a kongres\u016f v N\u011bmecku a dal\u0161\u00edch zem\u00edch, kter\u00fdch se z\u00fa\u010dastnilo v\u00edce ne\u017e 41 000 vystavovatel\u016f a 3,6 milion\u016f n\u00e1v\u0161t\u011bvn\u00edk\u016f. Sou\u010d\u00e1st\u00ed jej\u00edho portfolia jsou p\u0159edn\u00ed mezin\u00e1rodn\u00ed veletrhy jako CeBIT (Digitale Business), HANNOVER MESSE (pr\u016fmyslov\u00e9 technologie), BIOTECHNICA\/LABVOLUTION (biotechnologie, laboratorn\u00ed technika),\u00a0 CeMAT (intralogistika), didacta (vzd\u011bl\u00e1v\u00e1n\u00ed),\u00a0 DOMOTEX (koberce a podlahov\u00e9 krytiny), INTERSCHUTZ (protipo\u017e\u00e1rn\u00ed ochrana a z\u00e1chrann\u00e1 slu\u017eba) a LIGNA (d\u0159evozpracuj\u00edc\u00ed pr\u016fmysl a lesn\u00ed hospod\u00e1\u0159stv\u00ed). Veletr\u017en\u00ed spr\u00e1va Deutsche Messe AG m\u00e1 okolo 1 200 zam\u011bstnanc\u016f a 66 zastoupen\u00ed, dce\u0159in\u00fdch spole\u010dnost\u00ed a pobo\u010dek ve v\u00edce ne\u017e 100 zem\u00edch.<\/p>\n<p><a href=\"http:\/\/www.cemat.de\/presseservice\">www.cemat.de\/presseservice<\/a><\/p>\n<p>Eva V\u00e1clav\u00edkov\u00e1<\/p>\n","protected":false},"excerpt":{"rendered":"<p>HANNOVER &#8211;\u00a0Mezin\u00e1rodn\u00ed odborn\u00fd veletrh CeMAT 2016 se bude konat v term\u00ednu 31. kv\u011btna &#8211; 3. \u010dervna 2016 na v\u00fdstavi\u0161ti v Hannoveru.S p\u0159ib\u00fdvaj\u00edc\u00ed digitalizac\u00ed mnoha bran\u017e\u00ed stoupaj\u00ed po\u017eadavky na syst\u00e9my IT. Podle aktu\u00e1ln\u00ed studie BVL \u201eLogistika a IT jako motor inovac\u00ed pro hospod\u00e1\u0159stv\u00ed N\u011bmecka\u201c vede individualizace produkt\u016f a dynamizace v\u00fdroby a obchodu k atomizovan\u00fdm a st\u00e1le<\/p>\n","protected":false},"author":1,"featured_media":398,"comment_status":"open","ping_status":"open","sticky":false,"template":"","format":"standard","meta":[],"categories":[8],"tags":[],"_links":{"self":[{"href":"https:\/\/jananews.cz\/index.php\/wp-json\/wp\/v2\/posts\/145"}],"collection":[{"href":"https:\/\/jananews.cz\/index.php\/wp-json\/wp\/v2\/posts"}],"about":[{"href":"https:\/\/jananews.cz\/index.php\/wp-json\/wp\/v2\/types\/post"}],"author":[{"embeddable":true,"href":"https:\/\/jananews.cz\/index.php\/wp-json\/wp\/v2\/users\/1"}],"replies":[{"embeddable":true,"href":"https:\/\/jananews.cz\/index.php\/wp-json\/wp\/v2\/comments?post=145"}],"version-history":[{"count":1,"href":"https:\/\/jananews.cz\/index.php\/wp-json\/wp\/v2\/posts\/145\/revisions"}],"predecessor-version":[{"id":534,"href":"https:\/\/jananews.cz\/index.php\/wp-json\/wp\/v2\/posts\/145\/revisions\/534"}],"wp:featuredmedia":[{"embeddable":true,"href":"https:\/\/jananews.cz\/index.php\/wp-json\/wp\/v2\/media\/398"}],"wp:attachment":[{"href":"https:\/\/jananews.cz\/index.php\/wp-json\/wp\/v2\/media?parent=145"}],"wp:term":[{"taxonomy":"category","embeddable":true,"href":"https:\/\/jananews.cz\/index.php\/wp-json\/wp\/v2\/categories?post=145"},{"taxonomy":"post_tag","embeddable":true,"href":"https:\/\/jananews.cz\/index.php\/wp-json\/wp\/v2\/tags?post=145"}],"curies":[{"name":"wp","href":"https:\/\/api.w.org\/{rel}","templated":true}]}}