{"id":147,"date":"2016-04-06T14:41:12","date_gmt":"2016-04-06T12:41:12","guid":{"rendered":"http:\/\/www.jananews.cz\/WP\/index.php\/2016\/04\/06\/sp-cr-vyraznejsi-rust-mezd-zajisti-pracovni-mista-s-vyssi-pridanou-hodnotou\/"},"modified":"2020-08-16T22:54:49","modified_gmt":"2020-08-16T20:54:49","slug":"sp-cr-vyraznejsi-rust-mezd-zajisti-pracovni-mista-s-vyssi-pridanou-hodnotou","status":"publish","type":"post","link":"https:\/\/jananews.cz\/index.php\/2016\/04\/06\/sp-cr-vyraznejsi-rust-mezd-zajisti-pracovni-mista-s-vyssi-pridanou-hodnotou\/","title":{"rendered":"SP \u010cR: V\u00fdrazn\u011bj\u0161\u00ed r\u016fst mezd zajist\u00ed pracovn\u00ed m\u00edsta s vy\u0161\u0161\u00ed p\u0159idanou hodnotou"},"content":{"rendered":"<p>PRAHA &#8211; Vhodnou cestou k r\u016fstu pr\u016fm\u011brn\u00fdch mezd podle zam\u011bstnavatel\u016f je zm\u011bna struktury pracovn\u00edch m\u00edst v\u010detn\u011b zaveden\u00ed pob\u00eddek pro vytv\u00e1\u0159en\u00ed pracovn\u00edch p\u0159\u00edle\u017eitost\u00ed s vy\u0161\u0161\u00ed p\u0159idanou hodnotou \u010di zaveden\u00ed iniciativy Pr\u016fmysl 4.0. Dnes to uvedl viceprezident Svazu pr\u016fmyslu a dopravy \u010cR (SP \u010cR) Jan Rafaj na semin\u00e1\u0159i s n\u00e1zvem Konvergence mezd mezi star\u00fdmi a nov\u00fdmi \u010dleny EU, \u00faloha a c\u00edle odbor\u016f v tomto procesu, kter\u00fd v Praze uspo\u0159\u00e1dala \u010ceskomoravsk\u00e1 konfederace odborov\u00fdch svaz\u016f (\u010cMKOS).<\/p>\n<p><!--more--><\/p>\n<p>Odbor\u00e1\u0159i po\u017eaduj\u00ed v leto\u0161n\u00edm roce p\u011btiprocentn\u00ed r\u016fst mezd. Uv\u00e1d\u011bj\u00ed, \u017ee jimi navr\u017een\u00fd v\u00fdvoj mezd povede k pozitivn\u00ed zm\u011bn\u011b atmosf\u00e9ry ve spole\u010dnosti a bude p\u0159\u00ednosem pro ekonomick\u00fd r\u016fst i ve\u0159ejn\u00e9 finance v \u010cR.<\/p>\n<p>Podle p\u0159edb\u011b\u017en\u00fdch v\u00fdsledk\u016f \u0161et\u0159en\u00ed SP \u010cR a \u010cesk\u00e9 n\u00e1rodn\u00ed banky za prvn\u00ed \u010dtvrtlet\u00ed 2016 p\u0159edpokl\u00e1daj\u00ed zam\u011bstnavatel\u00e9 v \u010cesk\u00e9 republice pr\u016fm\u011brn\u00fd r\u016fst mezd pro leto\u0161n\u00ed rok zhruba 2 %.<\/p>\n<p>Viceprezident Rafaj uvedl, \u017ee i SP \u010cR vid\u00ed prostor pro r\u016fst pr\u016fm\u011brn\u00fdch mezd, doporu\u010duje v\u0161ak k n\u011bmu dosp\u011bt jin\u00fdmi cestami ne\u017e navrhuj\u00ed odbor\u00e1\u0159i, a sice zejm\u00e9na zm\u011bnou struktury pracovn\u00edch m\u00edst. \u201eJednak vyu\u017eit\u00edm sm\u011bru, kter\u00fd jsme nastavili na Mezin\u00e1rodn\u00edm stroj\u00edrensk\u00e9m veletrhu Brno, a sice iniciativy Pr\u016fmysl 4.0,\u201c \u0159ekl Jan Rafaj. \u201ePreferujeme tak\u00e9 st\u00e1tn\u00ed pob\u00eddky pro um\u00edst\u011bn\u00ed inova\u010dn\u00edch center nadn\u00e1rodn\u00edch spole\u010dnost\u00ed, zaveden\u00ed pob\u00eddek pro vytv\u00e1\u0159en\u00ed pracovn\u00edch p\u0159\u00edle\u017eitost\u00ed s vy\u0161\u0161\u00ed p\u0159idanou hodnotou, stejn\u011b jako n\u00e1rodn\u00ed strategii z\u00edsk\u00e1v\u00e1n\u00ed investor\u016f nab\u00edzej\u00edc\u00edch tyto pozice,\u201c konstatoval.<\/p>\n<p>Viceprezident SP \u010cR vyzval odbor\u00e1\u0159e ke spole\u010dn\u00e9mu tlaku na vl\u00e1du v oblasti pos\u00edlen\u00ed podpory aplikovan\u00e9ho v\u00fdzkumu, zm\u011bn ve \u0161kolstv\u00ed a vymahatelnosti pr\u00e1va. \u201eJe to n\u00e1\u0161 spole\u010dn\u00fd z\u00e1jem,\u201c uvedl. \u201eSou\u010dasn\u00fd v\u00fdvoj potvrzuje, \u017ee produktivita pr\u00e1ce neroste rychleji ne\u017e n\u00e1r\u016fst mezd, co\u017e dokl\u00e1d\u00e1, \u017ee skute\u010dn\u00fd probl\u00e9m je ve struktu\u0159e pracovn\u00edch m\u00edst,\u201c prohl\u00e1sil d\u00e1le Jan Rafaj.<\/p>\n<p>Odbor\u00e1\u0159i rovn\u011b\u017e poukazuj\u00ed na hor\u0161\u00ed podm\u00ednky \u010desk\u00fdch zam\u011bstnanc\u016f ve srovn\u00e1n\u00ed se zam\u011bstnanci v sousedn\u00edch zem\u00edch. \u201eMus\u00edme ov\u0161em uv\u00e9st, \u017ee to je do jist\u00e9 m\u00edry ovlivn\u011bno i oslaben\u00edm m\u011bny, kter\u00e9 nejsp\u00ed\u0161, tak jak sly\u0161\u00edme, bude jen na omezen\u00e9 obdob\u00ed, tak\u017ee i tento rozd\u00edl by se m\u011bl \u010dasem st\u00edrat,\u201c dodal.<\/p>\n<p><a href=\"http:\/\/www.spcr.cz\">www.spcr.cz<\/a><\/p>\n<p>Zdroj: SP \u010cR<\/p>\n<p>(-jh-)<\/p>\n","protected":false},"excerpt":{"rendered":"<p>PRAHA &#8211; Vhodnou cestou k r\u016fstu pr\u016fm\u011brn\u00fdch mezd podle zam\u011bstnavatel\u016f je zm\u011bna struktury pracovn\u00edch m\u00edst v\u010detn\u011b zaveden\u00ed pob\u00eddek pro vytv\u00e1\u0159en\u00ed pracovn\u00edch p\u0159\u00edle\u017eitost\u00ed s vy\u0161\u0161\u00ed p\u0159idanou hodnotou \u010di zaveden\u00ed iniciativy Pr\u016fmysl 4.0. Dnes to uvedl viceprezident Svazu pr\u016fmyslu a dopravy \u010cR (SP \u010cR) Jan Rafaj na semin\u00e1\u0159i s n\u00e1zvem Konvergence mezd mezi star\u00fdmi a nov\u00fdmi \u010dleny<\/p>\n","protected":false},"author":1,"featured_media":398,"comment_status":"open","ping_status":"open","sticky":false,"template":"","format":"standard","meta":[],"categories":[9],"tags":[],"_links":{"self":[{"href":"https:\/\/jananews.cz\/index.php\/wp-json\/wp\/v2\/posts\/147"}],"collection":[{"href":"https:\/\/jananews.cz\/index.php\/wp-json\/wp\/v2\/posts"}],"about":[{"href":"https:\/\/jananews.cz\/index.php\/wp-json\/wp\/v2\/types\/post"}],"author":[{"embeddable":true,"href":"https:\/\/jananews.cz\/index.php\/wp-json\/wp\/v2\/users\/1"}],"replies":[{"embeddable":true,"href":"https:\/\/jananews.cz\/index.php\/wp-json\/wp\/v2\/comments?post=147"}],"version-history":[{"count":1,"href":"https:\/\/jananews.cz\/index.php\/wp-json\/wp\/v2\/posts\/147\/revisions"}],"predecessor-version":[{"id":514,"href":"https:\/\/jananews.cz\/index.php\/wp-json\/wp\/v2\/posts\/147\/revisions\/514"}],"wp:featuredmedia":[{"embeddable":true,"href":"https:\/\/jananews.cz\/index.php\/wp-json\/wp\/v2\/media\/398"}],"wp:attachment":[{"href":"https:\/\/jananews.cz\/index.php\/wp-json\/wp\/v2\/media?parent=147"}],"wp:term":[{"taxonomy":"category","embeddable":true,"href":"https:\/\/jananews.cz\/index.php\/wp-json\/wp\/v2\/categories?post=147"},{"taxonomy":"post_tag","embeddable":true,"href":"https:\/\/jananews.cz\/index.php\/wp-json\/wp\/v2\/tags?post=147"}],"curies":[{"name":"wp","href":"https:\/\/api.w.org\/{rel}","templated":true}]}}