{"id":153,"date":"2016-04-10T09:12:24","date_gmt":"2016-04-10T07:12:24","guid":{"rendered":"http:\/\/www.jananews.cz\/WP\/index.php\/2016\/04\/10\/lucie-bila-ma-nove-album-hana\/"},"modified":"2020-08-16T22:29:19","modified_gmt":"2020-08-16T20:29:19","slug":"lucie-bila-ma-nove-album-hana","status":"publish","type":"post","link":"https:\/\/jananews.cz\/index.php\/2016\/04\/10\/lucie-bila-ma-nove-album-hana\/","title":{"rendered":"Lucie B\u00edl\u00e1 m\u00e1 nov\u00e9 album Hana"},"content":{"rendered":"<p>PRAHA &#8211; Zp\u011bva\u010dce Lucie B\u00edl\u00e9 vy\u0161lo nov\u00e9 album s n\u00e1zvem &#8222;Hana&#8220;. Album vy\u0161lo 7. dubna, po \u010dty\u0159ech letech od posledn\u00ed studiov\u00e9 nahr\u00e1vky Modi a je ji mo\u017eno ch\u00e1pat jako z\u00e1sadn\u00ed album jej\u00ed p\u011bveck\u00e9 kari\u00e9ry.<\/p>\n<p><!--more--><\/p>\n<p>M\u00edsto mo\u017en\u00e1 o\u010dek\u00e1van\u00e9 s\u00e1zky na jistotu, kdy se v podobn\u00fdch situac\u00edch mnoz\u00ed um\u011blci obrac\u00ed k \u00faprav\u00e1m osv\u011bd\u010den\u00fdch sv\u011btov\u00fdch hit\u016f, se Lucie B\u00edl\u00e1 rozhodla odv\u00e1\u017en\u011b vstoupit do zcela nov\u00e9ho prost\u0159ed\u00ed a oslovila ohledn\u011b spolupr\u00e1ce na nov\u00e9m albu o generaci mlad\u0161\u00ed autory a tv\u016frce. Album Hana je pln\u00e9 p\u0159ekvapen\u00ed a ne\u010dekan\u00fdch spojen\u00ed. Spole\u010dn\u011b s Martinem \u0160r\u00e1mkem se pr\u00e1v\u011b tady autorsky v n\u011bkolika p\u00edsn\u00edch potk\u00e1v\u00e1 nap\u0159\u00edklad popul\u00e1rn\u00ed slovensk\u00e1 zp\u011bva\u010dka Katar\u00edna Knechtov\u00e1, kter\u00e1 je nav\u00edc autorkou tituln\u00ed p\u00edsn\u011b alba &#8211; skladby &#8222;Hana&#8220;. Album vznikalo na Slovensku, kde B\u00edl\u00e1 v posledn\u00edm obdob\u00ed \u010dasto pob\u00fdvala.<\/p>\n<p>Do tane\u010dn\u00ed p\u00edsni\u010dky &#8222;Primadonna&#8220; pak sv\u00fdm rapem p\u0159isp\u011bla dokonce i Celeste Buckingham. Jej\u00ed angli\u010dtina v t\u00e9to p\u00edsni nen\u00ed na albu osamocena, proto\u017ee samotn\u00fd &#8222;Maxo&#8220; \u0160r\u00e1mek jako skv\u011bl\u00fd zp\u011bv\u00e1k uplat\u0148uje sv\u016fj jedine\u010dn\u00fd anglick\u00fd vok\u00e1l hned ve dvou spole\u010dn\u00fdch p\u00edsn\u00edch s Luci\u00ed &#8211; &#8222;Hr\u00e1ze&#8220; a &#8222;Poprv\u00e9&#8220;.<\/p>\n<p>Zdroj: Supraphon<\/p>\n<p>Jana Henychov\u00e1<\/p>\n","protected":false},"excerpt":{"rendered":"<p>PRAHA &#8211; Zp\u011bva\u010dce Lucie B\u00edl\u00e9 vy\u0161lo nov\u00e9 album s n\u00e1zvem &#8222;Hana&#8220;. Album vy\u0161lo 7. dubna, po \u010dty\u0159ech letech od posledn\u00ed studiov\u00e9 nahr\u00e1vky Modi a je ji mo\u017eno ch\u00e1pat jako z\u00e1sadn\u00ed album jej\u00ed p\u011bveck\u00e9 kari\u00e9ry.<\/p>\n","protected":false},"author":1,"featured_media":398,"comment_status":"open","ping_status":"open","sticky":false,"template":"","format":"standard","meta":[],"categories":[7],"tags":[],"_links":{"self":[{"href":"https:\/\/jananews.cz\/index.php\/wp-json\/wp\/v2\/posts\/153"}],"collection":[{"href":"https:\/\/jananews.cz\/index.php\/wp-json\/wp\/v2\/posts"}],"about":[{"href":"https:\/\/jananews.cz\/index.php\/wp-json\/wp\/v2\/types\/post"}],"author":[{"embeddable":true,"href":"https:\/\/jananews.cz\/index.php\/wp-json\/wp\/v2\/users\/1"}],"replies":[{"embeddable":true,"href":"https:\/\/jananews.cz\/index.php\/wp-json\/wp\/v2\/comments?post=153"}],"version-history":[{"count":1,"href":"https:\/\/jananews.cz\/index.php\/wp-json\/wp\/v2\/posts\/153\/revisions"}],"predecessor-version":[{"id":471,"href":"https:\/\/jananews.cz\/index.php\/wp-json\/wp\/v2\/posts\/153\/revisions\/471"}],"wp:featuredmedia":[{"embeddable":true,"href":"https:\/\/jananews.cz\/index.php\/wp-json\/wp\/v2\/media\/398"}],"wp:attachment":[{"href":"https:\/\/jananews.cz\/index.php\/wp-json\/wp\/v2\/media?parent=153"}],"wp:term":[{"taxonomy":"category","embeddable":true,"href":"https:\/\/jananews.cz\/index.php\/wp-json\/wp\/v2\/categories?post=153"},{"taxonomy":"post_tag","embeddable":true,"href":"https:\/\/jananews.cz\/index.php\/wp-json\/wp\/v2\/tags?post=153"}],"curies":[{"name":"wp","href":"https:\/\/api.w.org\/{rel}","templated":true}]}}