{"id":155,"date":"2016-04-14T19:30:28","date_gmt":"2016-04-14T17:30:28","guid":{"rendered":"http:\/\/www.jananews.cz\/WP\/index.php\/2016\/04\/14\/michal-pavlicek-byl-uveden-do-sine-slavy-akademie-popularni-hudby\/"},"modified":"2016-04-14T19:30:28","modified_gmt":"2016-04-14T17:30:28","slug":"michal-pavlicek-byl-uveden-do-sine-slavy-akademie-popularni-hudby","status":"publish","type":"post","link":"https:\/\/jananews.cz\/index.php\/2016\/04\/14\/michal-pavlicek-byl-uveden-do-sine-slavy-akademie-popularni-hudby\/","title":{"rendered":"Michal Pavl\u00ed\u010dek byl uveden do S\u00edn\u011b sl\u00e1vy Akademie popul\u00e1rn\u00ed hudby"},"content":{"rendered":"<p>PRAHA &#8211;\u00a0Kytarista a skladatel Michal Pavl\u00ed\u010dek byl b\u011bhem slavnostn\u00edho ve\u010dera p\u0159ed\u00e1v\u00e1n\u00ed v\u00fdro\u010dn\u00edch cen And\u011bl 2015 uveden do S\u00edn\u011b sl\u00e1vy.<\/p>\n<p>  <!--more-->  <\/p>\n<p>Michal Pavl\u00ed\u010dek p\u016fsob\u00ed \u010di p\u016fsobil ve skupin\u00e1ch Pra\u017esk\u00fd v\u00fdb\u011br, Stromboli, Big Heads, BSP, Trio a Supergroup. Jako autor a interpret se pod\u00edlel na CD Jany Koubkov\u00e9, Zuzany Michnov\u00e9, Moniky Na\u010devy, B\u00e1ry Basikov\u00e9, Kamila St\u0159ihavky, Richarda M\u00fcllera a dal\u0161\u00edch. Je autorem nespo\u010dtu skladeb (Zem\u011b vzd\u00e1len\u00e1, Holka, \u010dapni draka, Velik\u00e9 lalul\u00e1, Osi\u0159ela ko\u0161ilela, Zubat\u00e1, Chvastoun, \u00d3 hory, \u00f3 hory, Jen bl\u00e1zni se radujou ad.), hudby k 16 celove\u010dern\u00edm film\u016fm (Pro\u010d?, Odch\u00e1zen\u00ed, P\u0159ijde letos Je\u017e\u00ed\u0161ek?, Ag\u00e1va ad.), k 10 televizn\u00edm seri\u00e1l\u016fm (\u010cerven\u00fd bedrn\u00edk , M\u00edsto naho\u0159e, M\u00edsto v \u017eivot\u011b, Cesty dom\u016f, \u0160pa\u010dkovi v s\u00edti \u010dasu ad.) a 35 televizn\u00edm inscenac\u00edm (P\u0159epaden\u00ed, D\u016fm u Zlat\u00e9ho \u00fasvitu, Had\u00ed tanec, Tat\u00ednkova hol\u010di\u010dka, Divnovl\u00e1sky ad.), napsal 4 muzik\u00e1ly (Klaun, Excalibur, Obraz Doriana Graye, D\u00e1ma s kam\u00e9liemi), 6 balet\u016f (Minotaurus, Kr\u00e1ska a zv\u00ed\u0159e, Mal\u00fd princ ad.), hudbu k 23 divadeln\u00edm p\u0159edstaven\u00edm (Akvabely &#8211; Klicperovo divadlo,Velice modr\u00fd pt\u00e1k &#8211; Husa nas prov\u00e1zku, Cyrano z Bergeracu \u2013 Divadlo v Celetn\u00e9, Vi\u0161\u0148ov\u00fd sad \u2013 Divadlo na Vinohradech ad.), byl akt\u00e9rem a spolutv\u016frcem 123 d\u00edl\u016f hudebn\u00edho cyklu Na Klobou\u010dku a mnoha dal\u0161\u00edch hudebn\u00edch projekt\u016f.<\/p>\n<p>Michal Pavl\u00ed\u010dek aktu\u00e1ln\u011b dokon\u010dil turn\u00e9 se skupinou Stromboli, vydal roz\u0161\u00ed\u0159enou reedici sv\u00e9 knihy Zem\u011b vzd\u00e1len\u00e9 a sv\u00e9 s\u00edly vkl\u00e1d\u00e1 do Pra\u017esk\u00e9ho v\u00fdb\u011bru, kter\u00fd p\u0159ipravuje nov\u00e9 album a velkolep\u00fd koncert eR \u2013 Last or Forever v O2 aren\u011b v Praze 7. prosince.<\/p>\n<p>Marcela\u00a0Ko\u010dandrlov\u00e1<br \/>Foto: Michaela Feuereislov\u00e1<\/p>\n<p><img loading=\"lazy\" class=\" size-full wp-image-154\" src=\"https:\/\/jananews.cz\/wp-content\/uploads\/2016\/04\/michalpavlicek_sinslavy.jpg\" alt=\"\" width=\"611\" height=\"414\" srcset=\"https:\/\/jananews.cz\/wp-content\/uploads\/2016\/04\/michalpavlicek_sinslavy.jpg 1024w, https:\/\/jananews.cz\/wp-content\/uploads\/2016\/04\/michalpavlicek_sinslavy-300x203.jpg 300w, https:\/\/jananews.cz\/wp-content\/uploads\/2016\/04\/michalpavlicek_sinslavy-768x521.jpg 768w\" sizes=\"(max-width: 611px) 100vw, 611px\" \/><br \/>\u00a0<\/p>\n","protected":false},"excerpt":{"rendered":"<p>PRAHA &#8211;\u00a0Kytarista a skladatel Michal Pavl\u00ed\u010dek byl b\u011bhem slavnostn\u00edho ve\u010dera p\u0159ed\u00e1v\u00e1n\u00ed v\u00fdro\u010dn\u00edch cen And\u011bl 2015 uveden do S\u00edn\u011b sl\u00e1vy.<\/p>\n","protected":false},"author":1,"featured_media":154,"comment_status":"open","ping_status":"open","sticky":false,"template":"","format":"standard","meta":[],"categories":[7],"tags":[],"_links":{"self":[{"href":"https:\/\/jananews.cz\/index.php\/wp-json\/wp\/v2\/posts\/155"}],"collection":[{"href":"https:\/\/jananews.cz\/index.php\/wp-json\/wp\/v2\/posts"}],"about":[{"href":"https:\/\/jananews.cz\/index.php\/wp-json\/wp\/v2\/types\/post"}],"author":[{"embeddable":true,"href":"https:\/\/jananews.cz\/index.php\/wp-json\/wp\/v2\/users\/1"}],"replies":[{"embeddable":true,"href":"https:\/\/jananews.cz\/index.php\/wp-json\/wp\/v2\/comments?post=155"}],"version-history":[{"count":0,"href":"https:\/\/jananews.cz\/index.php\/wp-json\/wp\/v2\/posts\/155\/revisions"}],"wp:featuredmedia":[{"embeddable":true,"href":"https:\/\/jananews.cz\/index.php\/wp-json\/wp\/v2\/media\/154"}],"wp:attachment":[{"href":"https:\/\/jananews.cz\/index.php\/wp-json\/wp\/v2\/media?parent=155"}],"wp:term":[{"taxonomy":"category","embeddable":true,"href":"https:\/\/jananews.cz\/index.php\/wp-json\/wp\/v2\/categories?post=155"},{"taxonomy":"post_tag","embeddable":true,"href":"https:\/\/jananews.cz\/index.php\/wp-json\/wp\/v2\/tags?post=155"}],"curies":[{"name":"wp","href":"https:\/\/api.w.org\/{rel}","templated":true}]}}