{"id":156,"date":"2016-04-20T06:40:19","date_gmt":"2016-04-20T04:40:19","guid":{"rendered":"http:\/\/www.jananews.cz\/WP\/index.php\/2016\/04\/20\/komise-vytycuje-cestu-k-digitalizaci-evropskeho-prumyslu\/"},"modified":"2020-08-19T22:19:40","modified_gmt":"2020-08-19T20:19:40","slug":"komise-vytycuje-cestu-k-digitalizaci-evropskeho-prumyslu","status":"publish","type":"post","link":"https:\/\/jananews.cz\/index.php\/2016\/04\/20\/komise-vytycuje-cestu-k-digitalizaci-evropskeho-prumyslu\/","title":{"rendered":"Komise vyty\u010duje cestu k digitalizaci evropsk\u00e9ho pr\u016fmyslu"},"content":{"rendered":"<p>BRUSEL &#8211; Komise pln\u00ed svou strategii pro vytvo\u0159en\u00ed jednotn\u00e9ho digit\u00e1ln\u00edho trhu. Dnes zve\u0159ejnila sv\u00e9 pl\u00e1ny, jak pomoci evropsk\u00e9mu pr\u016fmyslu, mal\u00fdm a st\u0159edn\u00edm podnik\u016fm, v\u011bdc\u016fm a ve\u0159ejn\u00fdm org\u00e1n\u016fm co nejl\u00e9pe vyu\u017e\u00edt nov\u00e9 technologie.<\/p>\n<p><!--more--><\/p>\n<p>Evropsk\u00e1 komise dnes p\u0159edlo\u017eila soubor opat\u0159en\u00ed, kter\u00e1 podporuj\u00ed a propojuj\u00ed vnitrost\u00e1tn\u00ed iniciativy v oblasti digitalizace pr\u016fmyslu a souvisej\u00edc\u00edch slu\u017eeb ve v\u0161ech odv\u011btv\u00edch a prost\u0159ednictv\u00edm strategick\u00fdch partnerstv\u00ed a s\u00edt\u00ed podn\u011bcuj\u00ed investice. Komise rovn\u011b\u017e navrhuje konkr\u00e9tn\u00ed opat\u0159en\u00ed k urychlen\u00ed v\u00fdvoje spole\u010dn\u00fdch standard\u016f v prioritn\u00edch oblastech, jako jsou 5G komunika\u010dn\u00ed s\u00edt\u011b nebo kybernetick\u00e1 bezpe\u010dnost, a modernizaci ve\u0159ejn\u00fdch slu\u017eeb. V r\u00e1mci dne\u0161n\u00edch pl\u00e1n\u016f Komise z\u0159\u00edd\u00ed evropsk\u00fd cloud, jeho\u017e prvn\u00edm c\u00edlem bude poskytnout 1,7 milionu evropsk\u00fdch v\u00fdzkumn\u00edk\u016f a 70 milion\u016fm v\u011bdeck\u00fdch a technick\u00fdch odborn\u00edk\u016f virtu\u00e1ln\u00ed prost\u0159ed\u00ed, v n\u011bm\u017e bude uchov\u00e1v\u00e1n, spravov\u00e1n, analyzov\u00e1n a op\u011btovn\u011b pou\u017e\u00edv\u00e1n velk\u00fd objem v\u00fdzkumn\u00fdch dat (tiskov\u00e1 zpr\u00e1va).<\/p>\n<p>Andrus Ansip, m\u00edstop\u0159edseda Komise pro jednotn\u00fd digit\u00e1ln\u00ed trh, k tomu uvedl: \u201ePr\u016fmyslov\u00e1 revoluce na\u0161\u00ed doby je digit\u00e1ln\u00ed. Technologie, jako je cloud computing, v\u011bda zalo\u017een\u00e1 na datech a internet v\u011bc\u00ed, mus\u00ed m\u00edt spr\u00e1vn\u00fd rozsah, aby dos\u00e1hly sv\u00e9ho pln\u00e9ho potenci\u00e1lu. Jeliko\u017e se podniky sna\u017e\u00ed roz\u0161\u00ed\u0159it svou \u010dinnost v r\u00e1mci jednotn\u00e9ho trhu, m\u011bly by i ve\u0159ejn\u00e9 elektronick\u00e9 slu\u017eby vyhovovat sou\u010dasn\u00fdm pot\u0159eb\u00e1m: m\u011bly by b\u00fdt navr\u017eeny tak, aby byly digit\u00e1ln\u00ed, otev\u0159en\u00e9 a p\u0159eshrani\u010dn\u00ed. EU v t\u00e9to digit\u00e1ln\u00ed dob\u011b takov\u00fdm spr\u00e1vn\u00fdm rozsahem je.\u201c<\/p>\n<p>G\u00fcnther H. Oettinger, komisa\u0159 pro digit\u00e1ln\u00ed ekonomiku a spole\u010dnost, prohl\u00e1sil: \u201eEvropa m\u00e1 velmi konkurenceschopnou pr\u016fmyslovou z\u00e1kladnu a je sv\u011btov\u00fdm l\u00eddrem v d\u016fle\u017eit\u00fdch odv\u011btv\u00edch. Toto vedouc\u00ed postaven\u00ed si v\u0161ak dok\u00e1\u017ee udr\u017eet, pouze pokud sv\u016fj pr\u016fmysl \u00fasp\u011b\u0161n\u011b a rychle digitalizuje. C\u00edlem na\u0161ich n\u00e1vrh\u016f je zajistit, aby tomu tak bylo. Vy\u017eaduje to spole\u010dn\u00e9 \u00fasil\u00ed cel\u00e9 Evropy pro p\u0159il\u00e1k\u00e1n\u00ed investic, kter\u00e9 pot\u0159ebujeme pro r\u016fst v digit\u00e1ln\u00ed ekonomice.\u201c<\/p>\n<p>El\u017cbieta Bie\u0144kowska, komisa\u0159ka pro vnit\u0159n\u00ed trh, pr\u016fmysl, podnik\u00e1n\u00ed a mal\u00e9 a st\u0159edn\u00ed podniky, dodala: \u201eDigit\u00e1ln\u00ed ekonomika se prol\u00edn\u00e1 s re\u00e1lnou ekonomikou. Digit\u00e1ln\u00ed technologie si \u017e\u00e1daj\u00ed veden\u00ed a investice v oblastech, jako je vysp\u011bl\u00e1 v\u00fdroba, inteligentn\u00ed energetika, automatizovan\u00e9 \u0159\u00edzen\u00ed \u010di elektronick\u00e9 zdravotnictv\u00ed.\u201c<\/p>\n<p><span style=\"text-decoration: underline;\">Digitalizace pr\u016fmyslu\u00a0<\/span><\/p>\n<p>Zat\u00edmco mnoho sektor\u016f ekonomiky rychle p\u0159ijalo digit\u00e1ln\u00ed technologie a procesy, na evropsk\u00fd pr\u016fmysl nap\u0159\u00ed\u010d odv\u011btv\u00edmi a nehled\u011b na velikost spole\u010dnost\u00ed pln\u00e9 vyu\u017eit\u00ed p\u0159\u00edle\u017eitost\u00ed digitalizace teprve \u010dek\u00e1, m\u00e1-li b\u00fdt konkurenceschopn\u00fd v celosv\u011btov\u00e9m m\u011b\u0159\u00edtku. Tradi\u010dn\u00ed odv\u011btv\u00ed (nap\u0159. stavebnictv\u00ed, zem\u011bd\u011blsko-potravin\u00e1\u0159sk\u00fd, textiln\u00ed nebo ocel\u00e1\u0159sk\u00fd pr\u016fmysl) a mal\u00e9 a st\u0159edn\u00ed podniky ve sv\u00e9 digit\u00e1ln\u00ed transformaci obzvl\u00e1\u0161t\u011b zaost\u00e1vaj\u00ed. Ned\u00e1vn\u00e9 studie odhaduj\u00ed, \u017ee v p\u0159\u00ed\u0161t\u00edch p\u011bti letech p\u0159inese digitalizace produkt\u016f a slu\u017eeb pr\u016fmyslu v Evrop\u011b v\u00edce ne\u017e 110 miliard EUR p\u0159\u00edjm\u016f ro\u010dn\u011b.<\/p>\n<p>N\u011bkolik \u010dlensk\u00fdch st\u00e1t\u016f EU ji\u017e zah\u00e1jilo strategie na podporu digitalizace pr\u016fmyslu. Je v\u0161ak pot\u0159eba komplexn\u00ed p\u0159\u00edstup na evropsk\u00e9 \u00farovni, aby nedoch\u00e1zelo k t\u0159\u00ed\u0161t\u011bn\u00ed trh\u016f a aby bylo mo\u017en\u00e9 z\u00edskat p\u0159\u00ednosy z v\u00fdvoje v oblasti digitalizace, nap\u0159\u00edklad ty, je\u017e nab\u00edz\u00ed internet v\u011bc\u00ed.<\/p>\n<p>V r\u00e1mci tohoto p\u0159\u00edstupu Komise:<\/p>\n<p>&#8211; pom\u016f\u017ee koordinovat vnitrost\u00e1tn\u00ed a region\u00e1ln\u00ed iniciativy t\u00fdkaj\u00edc\u00ed se digitalizace pr\u016fmyslu, a to prost\u0159ednictv\u00edm trval\u00e9ho celoevropsk\u00e9ho dialogu se v\u0161emi z\u00fa\u010dastn\u011bn\u00fdmi stranami. R\u00e1mec \u0159\u00edzen\u00ed bude zaveden za \u00fa\u010dasti \u010dlensk\u00fdch st\u00e1t\u016f a p\u0159edstavitel\u016f pr\u016fmyslu,<\/p>\n<p>&#8211; zam\u011b\u0159\u00ed investice do evropsk\u00fdch partnerstv\u00ed ve\u0159ejn\u00e9ho a soukrom\u00e9ho sektoru a bude v\u00fdrazn\u011b podporovat vyu\u017e\u00edv\u00e1n\u00ed p\u0159\u00edle\u017eitost\u00ed, je\u017e nab\u00edz\u00ed investi\u010dn\u00ed pl\u00e1n EUa evropsk\u00e9 struktur\u00e1ln\u00ed a investi\u010dn\u00ed fondy,<\/p>\n<p>&#8211; investuje 500 milion\u016f EUR do celounijn\u00ed s\u00edt\u011b st\u0159edisek pro digit\u00e1ln\u00ed inovace (center technologick\u00e9 excelence), v nich\u017e budou podniky moci z\u00edskat poradenstv\u00ed a testovat digit\u00e1ln\u00ed inovace,<\/p>\n<p>&#8211; realizuje rozs\u00e1hl\u00e9 pilotn\u00ed projekty zam\u011b\u0159en\u00e9 na zdokonalen\u00ed internetu v\u011bc\u00ed, vysp\u011bl\u00e9 v\u00fdroby a technologi\u00ed pro inteligentn\u00ed m\u011bsta a dom\u00e1cnosti, propojen\u00e9 automobily a mobiln\u00ed zdravotnick\u00e9 slu\u017eby,<\/p>\n<p>&#8211; p\u0159ijme legislativu p\u0159ipravenou pro budoucnost, kter\u00e1 bude podporovat voln\u00fd tok dat a vyjasn\u00ed ot\u00e1zku vlastnictv\u00ed dat vytv\u00e1\u0159en\u00fdch senzory a inteligentn\u00edmi za\u0159\u00edzen\u00edmi. Komise rovn\u011b\u017e p\u0159ezkoum\u00e1 p\u0159edpisy o bezpe\u010dnosti a odpov\u011bdnosti autonomn\u00edch syst\u00e9m\u016f,<\/p>\n<p>&#8211; p\u0159edlo\u017e\u00ed agendu dovednost\u00ed EU, kter\u00e1 ob\u010dan\u016fm pom\u016f\u017ee z\u00edsk\u00e1vat dovednosti nutn\u00e9 pro pracovn\u00ed m\u00edsta v digit\u00e1ln\u00ed dob\u011b.<\/p>\n<p>Sou\u010d\u00e1st\u00ed tohoto bal\u00ed\u010dku je tak\u00e9 evropsk\u00e1 iniciativa v oblasti cloud computingu (tiskov\u00e1 zpr\u00e1va), kter\u00e1 Evrop\u011b pom\u016f\u017ee dostat se do \u010dela v glob\u00e1ln\u00ed ekonomice zalo\u017een\u00e9 na datech.<\/p>\n<p>Pl\u00e1ny, kter\u00e9 dnes p\u0159ij\u00edm\u00e1me, by m\u011bly na podporu digitalizace pr\u016fmyslu z ve\u0159ejn\u00fdch a soukrom\u00fdch investic zmobilizovat celkem v\u00edce ne\u017e 50 miliard EUR.<\/p>\n<p><span style=\"text-decoration: underline;\">Prioritn\u00ed standardy podporuj\u00edc\u00ed digit\u00e1ln\u00ed inovace<\/span><\/p>\n<p>Na jednotn\u00e9m digit\u00e1ln\u00edm trhu by m\u011bly bezpe\u010dn\u011b a hladce komunikovat miliardy propojen\u00fdch za\u0159\u00edzen\u00ed \u2013 v\u010detn\u011b telefon\u016f, po\u010d\u00edta\u010d\u016f a senzor\u016f \u2013 bez ohledu na jejich v\u00fdrobce, technick\u00e9 vlastnosti nebo zemi p\u016fvodu. K tomu pot\u0159ebuj\u00ed spole\u010dn\u00fd jazyk: standardy.<\/p>\n<p>Komise navrhuje konkr\u00e9tn\u00ed opat\u0159en\u00ed k urychlen\u00ed postupu stanovov\u00e1n\u00ed standard\u016f:<\/p>\n<p>&#8211; zam\u011b\u0159en\u00edm se na p\u011bt prioritn\u00edch oblast\u00ed, na n\u011b\u017e by se m\u011bli soust\u0159edit z\u00e1stupci pr\u016fmyslu a standardiza\u010dn\u00ed org\u00e1ny p\u0159i stanovov\u00e1n\u00ed standard\u016f. Jedn\u00e1 se o tyto oblasti: 5G, cloud computing, internet v\u011bc\u00ed, datov\u00e9 technologie a kybernetick\u00e1 bezpe\u010dnost,<\/p>\n<p>&#8211; spolufinancov\u00e1n\u00edm testov\u00e1n\u00ed technologi\u00ed a experimentov\u00e1n\u00ed s nimi k urychlen\u00ed stanovov\u00e1n\u00ed standard\u016f, a to i v r\u00e1mci p\u0159\u00edslu\u0161n\u00fdch partnerstv\u00ed ve\u0159ejn\u00e9ho a soukrom\u00e9ho sektoru. T\u00edm se zajist\u00ed v\u010dasn\u00e9 p\u0159edlo\u017een\u00ed standard\u016f na podporu inovac\u00ed a r\u016fstu podnik\u016f.<\/p>\n<p>Tento rychlej\u0161\u00ed a c\u00edlen\u011bj\u0161\u00ed p\u0159\u00edstup rovn\u011b\u017e urychl\u00ed v\u00fdvoj a zav\u00e1d\u011bn\u00ed technologi\u00ed v oblasti inteligentn\u00edch rozvodn\u00fdch s\u00edt\u00ed, mobiln\u00edch zdravotnick\u00fdch slu\u017eeb, propojen\u00fdch vozidel a dal\u0161\u00edch odv\u011btv\u00ed. EU hodl\u00e1 podpo\u0159it \u00fa\u010dast evropsk\u00fdch odborn\u00edk\u016f na rozhodov\u00e1n\u00ed o standardech na mezin\u00e1rodn\u00edch f\u00f3rech, aby evropsk\u00e9 n\u00e1pady p\u0159isp\u00edvaly ke glob\u00e1ln\u00edm \u0159e\u0161en\u00edm.<\/p>\n<p><span style=\"text-decoration: underline;\">Digit\u00e1ln\u00ed ve\u0159ejn\u00e9 slu\u017eby<\/span><\/p>\n<p>Lid\u00e9 a podniky st\u00e1le pln\u011b nevyu\u017e\u00edvaj\u00ed digit\u00e1ln\u00ed ve\u0159ejn\u00e9 slu\u017eby, kter\u00e9 by m\u011bly b\u00fdt bez probl\u00e9m\u016f k dispozici v cel\u00e9 EU. Dne\u0161n\u00ed ak\u010dn\u00ed pl\u00e1n pro \u201eeGovernment\u201c zmodernizuje digit\u00e1ln\u00ed ve\u0159ejn\u00e9 slu\u017eby. EU se tak stane lep\u0161\u00edm m\u00edstem k \u017eivotu, pr\u00e1ci a investic\u00edm.<\/p>\n<p>Komise p\u0159edlo\u017eila 20 opat\u0159en\u00ed, kter\u00e1 maj\u00ed b\u00fdt zah\u00e1jena do konce roku 2017.<\/p>\n<p><span style=\"text-decoration: underline;\">Komise zejm\u00e9na:<\/span><\/p>\n<p>&#8211; z\u0159\u00edd\u00ed jednotn\u00fd digit\u00e1ln\u00ed port\u00e1l umo\u017e\u0148uj\u00edc\u00ed u\u017eivatel\u016fm z\u00edskat ve\u0161ker\u00e9 informa\u010dn\u00ed, asisten\u010dn\u00ed a probl\u00e9my \u0159e\u0161\u00edc\u00ed slu\u017eby, je\u017e pot\u0159ebuj\u00ed k efektivn\u00edmu p\u016fsoben\u00ed nap\u0159\u00ed\u010d hranicemi,<\/p>\n<p>&#8211; propoj\u00ed v\u0161echny obchodn\u00ed a insolven\u010dn\u00ed rejst\u0159\u00edky a napoj\u00ed je na evropsk\u00fd justi\u010dn\u00ed port\u00e1l (e-justice), kter\u00fd se stane jednotn\u00fdm kontaktn\u00edm m\u00edstem,<\/p>\n<p>&#8211; zavede ve spolupr\u00e1ci se spr\u00e1vn\u00edmi \u00fa\u0159ady pilotn\u00ed projekt, kter\u00fd bude ve prosp\u011bch firem nap\u0159\u00ed\u010d hranicemi uplat\u0148ovat z\u00e1sadu \u201epouze jednou\u201c. To znamen\u00e1, \u017ee firmy budou muset p\u0159edlo\u017eit dokumenty ve\u0159ejn\u00fdm org\u00e1n\u016fm pouze v jedn\u00e9 zemi EU, a to i pokud p\u016fsob\u00ed v jin\u00fdch \u010dlensk\u00fdch st\u00e1tech EU,<\/p>\n<p>&#8211; pom\u016f\u017ee \u010dlensk\u00fdm st\u00e1t\u016fm EU p\u0159i rozv\u00edjen\u00ed p\u0159eshrani\u010dn\u00edch slu\u017eeb elektronick\u00e9ho zdravotnictv\u00ed, nap\u0159\u00edklad elektronick\u00fdch p\u0159edpis\u016f a zdravotn\u00edch z\u00e1znam\u016f pacient\u016f,<\/p>\n<p>&#8211; urychl\u00ed p\u0159echod na elektronick\u00e9 zad\u00e1v\u00e1n\u00ed ve\u0159ejn\u00fdch zak\u00e1zek, elektronick\u00e9 podpisy a uplat\u0148ov\u00e1n\u00ed z\u00e1sady \u201epouze jednou\u201c ve ve\u0159ejn\u00fdch zak\u00e1zk\u00e1ch.<\/p>\n<p><a href=\"http:\/\/www.evropska-komise.cz\">www.evropska-komise.cz<\/a><\/p>\n<p>(-jh-)<\/p>\n","protected":false},"excerpt":{"rendered":"<p>BRUSEL &#8211; Komise pln\u00ed svou strategii pro vytvo\u0159en\u00ed jednotn\u00e9ho digit\u00e1ln\u00edho trhu. Dnes zve\u0159ejnila sv\u00e9 pl\u00e1ny, jak pomoci evropsk\u00e9mu pr\u016fmyslu, mal\u00fdm a st\u0159edn\u00edm podnik\u016fm, v\u011bdc\u016fm a ve\u0159ejn\u00fdm org\u00e1n\u016fm co nejl\u00e9pe vyu\u017e\u00edt nov\u00e9 technologie.<\/p>\n","protected":false},"author":1,"featured_media":537,"comment_status":"open","ping_status":"open","sticky":false,"template":"","format":"standard","meta":[],"categories":[18],"tags":[],"_links":{"self":[{"href":"https:\/\/jananews.cz\/index.php\/wp-json\/wp\/v2\/posts\/156"}],"collection":[{"href":"https:\/\/jananews.cz\/index.php\/wp-json\/wp\/v2\/posts"}],"about":[{"href":"https:\/\/jananews.cz\/index.php\/wp-json\/wp\/v2\/types\/post"}],"author":[{"embeddable":true,"href":"https:\/\/jananews.cz\/index.php\/wp-json\/wp\/v2\/users\/1"}],"replies":[{"embeddable":true,"href":"https:\/\/jananews.cz\/index.php\/wp-json\/wp\/v2\/comments?post=156"}],"version-history":[{"count":1,"href":"https:\/\/jananews.cz\/index.php\/wp-json\/wp\/v2\/posts\/156\/revisions"}],"predecessor-version":[{"id":540,"href":"https:\/\/jananews.cz\/index.php\/wp-json\/wp\/v2\/posts\/156\/revisions\/540"}],"wp:featuredmedia":[{"embeddable":true,"href":"https:\/\/jananews.cz\/index.php\/wp-json\/wp\/v2\/media\/537"}],"wp:attachment":[{"href":"https:\/\/jananews.cz\/index.php\/wp-json\/wp\/v2\/media?parent=156"}],"wp:term":[{"taxonomy":"category","embeddable":true,"href":"https:\/\/jananews.cz\/index.php\/wp-json\/wp\/v2\/categories?post=156"},{"taxonomy":"post_tag","embeddable":true,"href":"https:\/\/jananews.cz\/index.php\/wp-json\/wp\/v2\/tags?post=156"}],"curies":[{"name":"wp","href":"https:\/\/api.w.org\/{rel}","templated":true}]}}