{"id":161,"date":"2016-04-22T20:37:21","date_gmt":"2016-04-22T18:37:21","guid":{"rendered":"http:\/\/www.jananews.cz\/WP\/index.php\/2016\/04\/22\/sdruzeni-pro-hracku-a-hru-usporadalo-seminar-o-projektu-samnic-z-programu-erasmus\/"},"modified":"2016-04-22T20:37:21","modified_gmt":"2016-04-22T18:37:21","slug":"sdruzeni-pro-hracku-a-hru-usporadalo-seminar-o-projektu-samnic-z-programu-erasmus","status":"publish","type":"post","link":"https:\/\/jananews.cz\/index.php\/2016\/04\/22\/sdruzeni-pro-hracku-a-hru-usporadalo-seminar-o-projektu-samnic-z-programu-erasmus\/","title":{"rendered":"Sdru\u017een\u00ed pro hra\u010dku a hru uspo\u0159\u00e1dalo semin\u00e1\u0159 o projektu SAMNIC z programu Erasmus"},"content":{"rendered":"<p>PRAHA &#8211; Sdru\u017een\u00ed pro hra\u010dku a hru je zapojeno do mezin\u00e1rodn\u00edho projektu\u00a0 SAMNIC z programu Erasmus+. Tento projekt vytv\u00e1\u0159\u00ed internetov\u00fd v\u00fdukov\u00fd n\u00e1stroj umo\u017e\u0148uj\u00edc\u00ed prost\u0159ednictv\u00edm videoklip\u016f a navazuj\u00edc\u00edch podklad\u016f, z\u00edskat p\u0159ehledn\u00e9 informace o podm\u00ednk\u00e1ch bezpe\u010dnosti hra\u010dek uv\u00e1d\u011bn\u00fdch na trh v zem\u00edch EU. Projekt bude voln\u011b p\u0159\u00edstupn\u00fd na internetu a registrovan\u00ed z\u00e1jemci budou m\u00edt mo\u017enost po jeho absolvov\u00e1n\u00ed slo\u017eit z\u00e1v\u011bre\u010dn\u00fd test a z\u00edskat certifik\u00e1t ov\u011b\u0159uj\u00edc\u00ed rozsah dosa\u017een\u00fdch znalost\u00ed. Partnery projektu jsou krom\u011b Sdru\u017een\u00ed pro hra\u010dku a hru, AIJU, \u0161pan\u011blsk\u00e9 technologick\u00e9 centrum zam\u011b\u0159en\u00e9 na hra\u010dky a v\u00fdrobky pro d\u011bti, Universita Alicante, Universita Padova a ANEC, evropsk\u00e9 asociace h\u00e1j\u00edc\u00ed z\u00e1jmy spot\u0159ebitel\u016f. Sou\u010d\u00e1st\u00ed projektu bude i otev\u0159en\u00e1 platforma, kdy si mohou registrovan\u00ed \u00fa\u010dastn\u00edci vym\u011b\u0148ovat n\u00e1zory a zodpov\u00eddat dotazy.<\/p>\n<p>  <!--more-->  <\/p>\n<p>Dne 20. dubna se na S\u010cMVD konal informativn\u00ed semin\u00e1\u0159 kde byli z\u00e1jemci sezn\u00e1meni s jeho principy a pr\u016fb\u011bhem, Semin\u00e1\u0159e se krom\u011b v\u00fdrobc\u016f z dru\u017estev a podnik\u016f z\u00fa\u010dastnili tak\u00e9 z\u00e1stupci, \u010cesk\u00e9 obchodn\u00ed inspekce, \u00daNMZ, zku\u0161ebn\u00edch \u00fastav\u016f ve Zl\u00edn\u011b, Brn\u011b a \u010cesk\u00fdch Bud\u011bjovic\u00edch, Kabinetu pro standardizaci a Asociace spot\u0159ebitel\u016f. Projekt bude uveden do provozu v listopadu leto\u0161n\u00edho roku.<\/p>\n<p><a href=\"http:\/\/www.sdruzenihracky.cz\">www.sdruzenihracky.cz<\/a><\/p>\n<p>Jana Henychov\u00e1<\/p>\n<p><img loading=\"lazy\" class=\" size-full wp-image-159\" src=\"https:\/\/jananews.cz\/wp-content\/uploads\/2016\/04\/erasmus.jpg\" alt=\"\" width=\"553\" height=\"158\" srcset=\"https:\/\/jananews.cz\/wp-content\/uploads\/2016\/04\/erasmus.jpg 1964w, https:\/\/jananews.cz\/wp-content\/uploads\/2016\/04\/erasmus-300x86.jpg 300w, https:\/\/jananews.cz\/wp-content\/uploads\/2016\/04\/erasmus-1024x292.jpg 1024w, https:\/\/jananews.cz\/wp-content\/uploads\/2016\/04\/erasmus-768x219.jpg 768w, https:\/\/jananews.cz\/wp-content\/uploads\/2016\/04\/erasmus-1536x439.jpg 1536w\" sizes=\"(max-width: 553px) 100vw, 553px\" \/><\/p>\n<p><img loading=\"lazy\" class=\" size-full wp-image-160\" src=\"https:\/\/jananews.cz\/wp-content\/uploads\/2016\/04\/samnic.jpg\" alt=\"\" width=\"429\" height=\"211\" \/><\/p>\n<p>\u00a0<\/p>\n","protected":false},"excerpt":{"rendered":"<p>PRAHA &#8211; Sdru\u017een\u00ed pro hra\u010dku a hru je zapojeno do mezin\u00e1rodn\u00edho projektu\u00a0 SAMNIC z programu Erasmus+. Tento projekt vytv\u00e1\u0159\u00ed internetov\u00fd v\u00fdukov\u00fd n\u00e1stroj umo\u017e\u0148uj\u00edc\u00ed prost\u0159ednictv\u00edm videoklip\u016f a navazuj\u00edc\u00edch podklad\u016f, z\u00edskat p\u0159ehledn\u00e9 informace o podm\u00ednk\u00e1ch bezpe\u010dnosti hra\u010dek uv\u00e1d\u011bn\u00fdch na trh v zem\u00edch EU. Projekt bude voln\u011b p\u0159\u00edstupn\u00fd na internetu a registrovan\u00ed z\u00e1jemci budou m\u00edt mo\u017enost po jeho<\/p>\n","protected":false},"author":1,"featured_media":159,"comment_status":"open","ping_status":"open","sticky":false,"template":"","format":"standard","meta":[],"categories":[18],"tags":[],"_links":{"self":[{"href":"https:\/\/jananews.cz\/index.php\/wp-json\/wp\/v2\/posts\/161"}],"collection":[{"href":"https:\/\/jananews.cz\/index.php\/wp-json\/wp\/v2\/posts"}],"about":[{"href":"https:\/\/jananews.cz\/index.php\/wp-json\/wp\/v2\/types\/post"}],"author":[{"embeddable":true,"href":"https:\/\/jananews.cz\/index.php\/wp-json\/wp\/v2\/users\/1"}],"replies":[{"embeddable":true,"href":"https:\/\/jananews.cz\/index.php\/wp-json\/wp\/v2\/comments?post=161"}],"version-history":[{"count":0,"href":"https:\/\/jananews.cz\/index.php\/wp-json\/wp\/v2\/posts\/161\/revisions"}],"wp:featuredmedia":[{"embeddable":true,"href":"https:\/\/jananews.cz\/index.php\/wp-json\/wp\/v2\/media\/159"}],"wp:attachment":[{"href":"https:\/\/jananews.cz\/index.php\/wp-json\/wp\/v2\/media?parent=161"}],"wp:term":[{"taxonomy":"category","embeddable":true,"href":"https:\/\/jananews.cz\/index.php\/wp-json\/wp\/v2\/categories?post=161"},{"taxonomy":"post_tag","embeddable":true,"href":"https:\/\/jananews.cz\/index.php\/wp-json\/wp\/v2\/tags?post=161"}],"curies":[{"name":"wp","href":"https:\/\/api.w.org\/{rel}","templated":true}]}}