{"id":162,"date":"2016-04-22T21:10:06","date_gmt":"2016-04-22T19:10:06","guid":{"rendered":"http:\/\/www.jananews.cz\/WP\/index.php\/2016\/04\/22\/o-prestizni-ceskou-cenu-za-architekturu-bude-bojovat-476-del\/"},"modified":"2020-08-16T22:33:46","modified_gmt":"2020-08-16T20:33:46","slug":"o-prestizni-ceskou-cenu-za-architekturu-bude-bojovat-476-del","status":"publish","type":"post","link":"https:\/\/jananews.cz\/index.php\/2016\/04\/22\/o-prestizni-ceskou-cenu-za-architekturu-bude-bojovat-476-del\/","title":{"rendered":"O presti\u017en\u00ed \u010ceskou cenu za architekturu bude bojovat 476 d\u011bl"},"content":{"rendered":"<p>PRAHA &#8211;\u00a0\u010cesk\u00e1 komora architekt\u016f letos v lednu vyhl\u00e1sila 1. ro\u010dn\u00edk sout\u011b\u017en\u00ed p\u0159ehl\u00eddky \u010cesk\u00e1 cena za architekturu (\u010cCA). O nov\u00e9 presti\u017en\u00ed ocen\u011bn\u00ed se nyn\u00ed uch\u00e1z\u00ed \u00factyhodn\u00fd po\u010det t\u00e9m\u011b\u0159 p\u011btistovky p\u0159ihl\u00e1\u0161en\u00fdch prac\u00ed, z nich\u017e porota slo\u017een\u00e1 z renomovan\u00fdch zahrani\u010dn\u00edch architekt\u016f nejprve vybere p\u0159ibli\u017en\u011b pades\u00e1t architektonick\u00fdch realizac\u00ed, kter\u00e9 budou p\u0159edstaveny na nomina\u010dn\u00edm ve\u010deru 14. \u010dervna v kulturn\u00edm prostoru La Fabrika. Slavnostn\u00ed galave\u010der, na n\u011bm\u017e z tohoto v\u00fdb\u011bru vzejde deset finalist\u016f, z nich\u017e jeden se stane historicky prvn\u00edm laure\u00e1tem \u010cesk\u00e9 ceny za architekturu, se uskute\u010dn\u00ed 7. listopadu v M\u00edst\u011b pro nov\u00e9 um\u011bn\u00ed \u2013 Jatka 78. V\u00fdstava v\u0161ech nominovan\u00fdch d\u011bl bude k vid\u011bn\u00ed v pr\u016fb\u011bhu listopadu a prosince v Centru sou\u010dasn\u00e9ho um\u011bn\u00ed DOX.<\/p>\n<p><!--more--><\/p>\n<p>C\u00edlem sout\u011b\u017en\u00ed p\u0159ehl\u00eddky realizovan\u00fdch staveb je podpora a propagace kvalitn\u00ed architektury. Do sout\u011b\u017ee se do 15. dubna mohly p\u0159ihl\u00e1sit realizace dokon\u010den\u00e9 na \u00fazem\u00ed \u010cesk\u00e9 republiky v letech 2011 a\u017e 2015. V sedmi\u010dlenn\u00e9 mezin\u00e1rodn\u00ed porot\u011b zasednou vynikaj\u00edc\u00ed architekti, dr\u017eitel\u00e9 presti\u017en\u00edch ocen\u011bn\u00ed za architekturu: Boris Be\u017ean (Slovinsko\/\u0160pan\u011blsko), Kees Kaan (Nizozem\u00ed), Ivan Kole\u010dek (\u010cesk\u00e1 republika\/\u0160v\u00fdcarsko), Miriam Li\u0161kov\u00e1 (Slovensko), Joe Morris (Velk\u00e1 Brit\u00e1nie), Martin Rein-Cano (Argentina\/N\u011bmecko) a Jan De Vylder (Belgie). Porota v pr\u016fb\u011bhu kv\u011btna vybere ze v\u0161ech p\u0159ihl\u00e1\u0161en\u00fdch d\u011bl p\u0159ibli\u017en\u011b pades\u00e1tku architektonick\u00fdch realizac\u00ed, kter\u00e9 budou prezentov\u00e1ny jako nominovan\u00e1 d\u00edla \u010cCA.\u00a0 V dal\u0161\u00edm kroku pak porota rozhodne o zhruba deseti finalistech, z nich\u017e se jeden stane laure\u00e1tem \u010cesk\u00e9 ceny za architekturu 2016.\u00a0 Krom\u011b hlavn\u00ed ceny bude je\u0161t\u011b ud\u011blena Cena za v\u00fdjime\u010dn\u00fd po\u010din, kterou ud\u011bluje Akademie \u010cCA ve spolupr\u00e1ci s Gr\u00e9miem \u010cCA, slo\u017een\u00fdm ze z\u00e1stupc\u016f \u010cesk\u00e9 komory architekt\u016f. Rovn\u011b\u017e mohou b\u00fdt ud\u011bleny Mimo\u0159\u00e1dn\u00e9 ceny partner\u016f sout\u011b\u017en\u00ed p\u0159ehl\u00eddky, kter\u00e9 schvaluje Gr\u00e9mium \u010cKA.<\/p>\n<p>V\u00edce informac\u00ed o 1. ro\u010dn\u00edku \u010cesk\u00e9 ceny za architekturu najdete v p\u0159ilo\u017een\u00e9 TZ a tak\u00e9 na webu <a href=\"http:\/\/www.2media.cz\">www.2media.cz<\/a>.<br \/>\nKompletn\u00ed seznam p\u0159ihl\u00e1\u0161en\u00fdch d\u011bl je k dispozici na tomto odkaze: <a href=\"http:\/\/www.ceskacenazaarchitekturu.cz\/projekty\/\">www.ceskacenazaarchitekturu.cz\/projekty\/<\/a>.<\/p>\n<p>Vladana Drvotov\u00e1<\/p>\n","protected":false},"excerpt":{"rendered":"<p>PRAHA &#8211;\u00a0\u010cesk\u00e1 komora architekt\u016f letos v lednu vyhl\u00e1sila 1. ro\u010dn\u00edk sout\u011b\u017en\u00ed p\u0159ehl\u00eddky \u010cesk\u00e1 cena za architekturu (\u010cCA). O nov\u00e9 presti\u017en\u00ed ocen\u011bn\u00ed se nyn\u00ed uch\u00e1z\u00ed \u00factyhodn\u00fd po\u010det t\u00e9m\u011b\u0159 p\u011btistovky p\u0159ihl\u00e1\u0161en\u00fdch prac\u00ed, z nich\u017e porota slo\u017een\u00e1 z renomovan\u00fdch zahrani\u010dn\u00edch architekt\u016f nejprve vybere p\u0159ibli\u017en\u011b pades\u00e1t architektonick\u00fdch realizac\u00ed, kter\u00e9 budou p\u0159edstaveny na nomina\u010dn\u00edm ve\u010deru 14. \u010dervna v kulturn\u00edm prostoru<\/p>\n","protected":false},"author":1,"featured_media":398,"comment_status":"open","ping_status":"open","sticky":false,"template":"","format":"standard","meta":[],"categories":[7],"tags":[],"_links":{"self":[{"href":"https:\/\/jananews.cz\/index.php\/wp-json\/wp\/v2\/posts\/162"}],"collection":[{"href":"https:\/\/jananews.cz\/index.php\/wp-json\/wp\/v2\/posts"}],"about":[{"href":"https:\/\/jananews.cz\/index.php\/wp-json\/wp\/v2\/types\/post"}],"author":[{"embeddable":true,"href":"https:\/\/jananews.cz\/index.php\/wp-json\/wp\/v2\/users\/1"}],"replies":[{"embeddable":true,"href":"https:\/\/jananews.cz\/index.php\/wp-json\/wp\/v2\/comments?post=162"}],"version-history":[{"count":1,"href":"https:\/\/jananews.cz\/index.php\/wp-json\/wp\/v2\/posts\/162\/revisions"}],"predecessor-version":[{"id":478,"href":"https:\/\/jananews.cz\/index.php\/wp-json\/wp\/v2\/posts\/162\/revisions\/478"}],"wp:featuredmedia":[{"embeddable":true,"href":"https:\/\/jananews.cz\/index.php\/wp-json\/wp\/v2\/media\/398"}],"wp:attachment":[{"href":"https:\/\/jananews.cz\/index.php\/wp-json\/wp\/v2\/media?parent=162"}],"wp:term":[{"taxonomy":"category","embeddable":true,"href":"https:\/\/jananews.cz\/index.php\/wp-json\/wp\/v2\/categories?post=162"},{"taxonomy":"post_tag","embeddable":true,"href":"https:\/\/jananews.cz\/index.php\/wp-json\/wp\/v2\/tags?post=162"}],"curies":[{"name":"wp","href":"https:\/\/api.w.org\/{rel}","templated":true}]}}