{"id":166,"date":"2016-04-29T08:22:26","date_gmt":"2016-04-29T06:22:26","guid":{"rendered":"http:\/\/www.jananews.cz\/WP\/index.php\/2016\/04\/29\/3dexpo-2016-nejvetsi-setkani-uzivatelu-osobnich-3d-tiskaren-hosti-od-10-kvetna-praha\/"},"modified":"2020-08-19T22:14:57","modified_gmt":"2020-08-19T20:14:57","slug":"3dexpo-2016-nejvetsi-setkani-uzivatelu-osobnich-3d-tiskaren-hosti-od-10-kvetna-praha","status":"publish","type":"post","link":"https:\/\/jananews.cz\/index.php\/2016\/04\/29\/3dexpo-2016-nejvetsi-setkani-uzivatelu-osobnich-3d-tiskaren-hosti-od-10-kvetna-praha\/","title":{"rendered":"3Dexpo 2016: Nejv\u011bt\u0161\u00ed setk\u00e1n\u00ed u\u017eivatel\u016f osobn\u00edch 3D tisk\u00e1ren host\u00ed od 10. kv\u011btna Praha"},"content":{"rendered":"<p>PRAHA &#8211; \u010cty\u0159denn\u00ed v\u00fdstavu ozdob\u00ed dvoudenn\u00ed odborn\u00e1 konference, velk\u00fd srovn\u00e1vac\u00ed test \u201esouboj 3D tisk\u00e1ren\u201c, m\u00f3dn\u00ed p\u0159ehl\u00eddka i praktick\u00e9 workshopy. Spolek 3D Ar\u00e9na, za podpory Vydavatelstv\u00ed Nov\u00e1 m\u00e9dia, zvou v\u0161echny z\u00e1jemce o 3D tisk a souvisej\u00edc\u00ed technologie na v\u00fdstavi\u0161t\u011b do pra\u017esk\u00fdch Let\u0148an, kde se od 10. do 13. kv\u011btna uskute\u010dn\u00ed ji\u017e t\u0159et\u00ed ro\u010dn\u00edk obl\u00edben\u00e9 v\u00fdstavy a konference 3Dexpo s bohat\u00fdm doprovodn\u00fdm programem.<\/p>\n<p><!--more--><\/p>\n<p>Na rovnou 500 metrech \u010dtvere\u010dn\u00fdch v\u00fdstavn\u00ed plochy a dal\u0161\u00edch 100 metrech pro doprovodn\u00fd program se p\u0159edstav\u00ed des\u00edtky vystavovatel\u016f a dodavatel\u016f cenov\u011b dostupn\u00fdch 3D technologi\u00ed z \u010cesk\u00e9 republiky, kter\u00e1 je l\u00edhn\u00ed nad\u011bjn\u00fdch a glob\u00e1ln\u011b \u00fasp\u011b\u0161n\u00fdch konstrukt\u00e9r\u016f 3D tisk\u00e1ren.<\/p>\n<p>\u201eC\u00edlem u\u017e t\u0159et\u00edho ro\u010dn\u00edku v\u00fdstavy 3Dexpo je nab\u00eddnout pr\u016f\u0159ez t\u00edm nejzaj\u00edmav\u011bj\u0161\u00edm, co se d\u011bje v oblastech stoln\u00edho 3D tisku, 3D skenov\u00e1n\u00ed a modelov\u00e1n\u00ed ve st\u0159edn\u00ed Evrop\u011b. Nab\u00edz\u00edme unik\u00e1tn\u00ed mo\u017enost setk\u00e1n\u00ed \u2013 jak za\u010d\u00e1te\u010dn\u00edk\u016fm, kte\u0159\u00ed si p\u0159ijdou vybrat svou prvn\u00ed 3D tisk\u00e1rnu a p\u0159\u00edslu\u0161enstv\u00ed, tak i nad\u0161enc\u016fm a profesion\u00e1l\u016fm, kte\u0159\u00ed mo\u017enostmi 3D tisku doslova \u017eij\u00ed,\u201c p\u0159ipom\u00edn\u00e1 k v\u00fdstav\u011b Petr Bl\u00e1ha, zakladatel z\u00e1jmov\u00e9ho spolku 3D Ar\u00e9na a inici\u00e1tor cel\u00e9 akce.<\/p>\n<p>Co um\u00ed sou\u010dasn\u00e9 stoln\u00ed 3D tisk\u00e1rny? Jak si vybrat tu spr\u00e1vnou? Co s nimi dok\u00e1\u017eou vyrobit talentovan\u00ed model\u00e1\u0159i, konstrukt\u00e9\u0159i \u010di m\u00f3dn\u00ed n\u00e1vrh\u00e1\u0159i? Jak se 3D tisk uplat\u0148uje ve v\u00fduce? Lze snadno p\u0159ev\u00e9st n\u00e1pad do 3D modelu? A jak s t\u00edm pom\u016f\u017ee 3D skenov\u00e1n\u00ed? Tyto i dal\u0161\u00ed ot\u00e1zky zodpov\u00ed dvoudenn\u00ed konference pln\u00e1 zaj\u00edmav\u00fdch jmen, kter\u00e1 startuje ve \u010dtvrtek 12. kv\u011btna.<\/p>\n<p>\u201eZcela novou \u00farove\u0148 setk\u00e1n\u00ed dod\u00e1v\u00e1 dvoudenn\u00ed s\u00e9rie p\u0159edn\u00e1\u0161ek, kter\u00e9 se i letos pokus\u00ed nejen vyvr\u00e1tit medi\u00e1ln\u011b vd\u011b\u010dn\u00e9 m\u00fdty okolo 3D tisku, ale tak\u00e9 nab\u00eddnou pestr\u00fd a zasv\u011bcen\u00fd p\u0159ehled t\u011bch nejnov\u011bj\u0161\u00edch trend\u016f \u2013 od nasazen\u00ed 3D tisku ve \u0161kolstv\u00ed p\u0159es prototypov\u00e1n\u00ed a malov\u00fdrobu a\u017e po model\u00e1\u0159stv\u00ed a dal\u0161\u00ed hobby,\u201c p\u0159ipom\u00edn\u00e1 konzultant v oblasti 3D technologi\u00ed Jan Homola, jeho\u017e Vydavatelstv\u00ed Nov\u00e1 m\u00e9dia se dlouhodob\u011b nejmodern\u011bj\u0161\u00edm technologi\u00edm, v\u010detn\u011b 3D tisku, intenzivn\u011b v\u011bnuje a v\u00fdstavu 3Dexpo ji\u017e dva roky podporuje.<\/p>\n<p>Hlavn\u00ed akc\u00ed zahajovac\u00edho dne v\u00fdstavy bude m\u00f3dn\u00ed p\u0159ehl\u00eddka, na kter\u00e9 se hned v \u00fater\u00fd 10. kv\u011btna p\u0159edstav\u00ed kolekce od\u011bvn\u00edch dopl\u0148k\u016f a \u0161perk\u016f \u010desk\u00fdch n\u00e1vrh\u00e1\u0159ek a n\u00e1vrh\u00e1\u0159\u016f vytvo\u0159en\u00fdch pomoc\u00ed 3D tisku. Druh\u00fd den prob\u011bhne velk\u00fd souboj 3D tisk\u00e1ren, kter\u00fd u\u017e podruh\u00e9 prov\u011b\u0159\u00ed nejen kvalitu samotn\u00fdch 3D tisk\u00e1ren, ale tak\u00e9 \u0161ikovnost jejich vystavovatel\u016f. Sv\u00e9 um\u011bn\u00ed budou muset p\u0159edv\u00e9st p\u0159\u00edmo p\u0159ed o\u010dima n\u00e1v\u0161t\u011bvn\u00edk\u016f \u2013 na tisku 3D modelu, se kter\u00fdm se sezn\u00e1m\u00ed a\u017e t\u011bsn\u011b p\u0159ed startem kl\u00e1n\u00ed.<br \/>\nVstup na v\u00fdstavu je po registraci bezplatn\u00fd, na konferenci si lze rezervovat m\u00edsto za nevelk\u00fd poplatek. N\u00e1v\u0161t\u011bvn\u00edci 3Dexpa budou moci vyhr\u00e1t \u0159adu zaj\u00edmav\u00fdch cen, v\u010detn\u011b dvou kvalitn\u00edch 3D tisk\u00e1ren. Jednak v sout\u011b\u017ei s nest\u00e1rnouc\u00ed postavi\u010dkou Igr\u00e1\u010dka za n\u00e1vrh nejzaj\u00edmav\u011bj\u0161\u00edho dopl\u0148ku pro tuto legend\u00e1rn\u00ed hra\u010dku, jednak v r\u00e1mci slosov\u00e1n\u00ed vstupenek na konferenci. V\u00edce informac\u00ed a registraci najdete na webu 3Dexpo.cz.<\/p>\n<p>Z\u00e1jmov\u00fd spolek 3D Ar\u00e9na vznikl s c\u00edlem popularizace aditivn\u00ed v\u00fdroby metodou 3D tisku. Dnes se pod\u00edl\u00ed nejen na po\u0159adatelstv\u00ed 3Dexpa \u010di pravideln\u00fdch kutilsk\u00fdch d\u00edlen v Praze, ale rozv\u00edj\u00ed tak\u00e9 konstrukci vlastn\u00ed 3D tisk\u00e1rny Kryal Cube.<\/p>\n<p>3Dexpo.cz<br \/>\n<a href=\"http:\/\/www.3Darena.cz\">www.3Darena.cz<\/a>.<br \/>\n<a href=\"http:\/\/www.novamedia.cz\">www.novamedia.cz<\/a>.<\/p>\n<p>Jan Homola<\/p>\n","protected":false},"excerpt":{"rendered":"<p>PRAHA &#8211; \u010cty\u0159denn\u00ed v\u00fdstavu ozdob\u00ed dvoudenn\u00ed odborn\u00e1 konference, velk\u00fd srovn\u00e1vac\u00ed test \u201esouboj 3D tisk\u00e1ren\u201c, m\u00f3dn\u00ed p\u0159ehl\u00eddka i praktick\u00e9 workshopy. Spolek 3D Ar\u00e9na, za podpory Vydavatelstv\u00ed Nov\u00e1 m\u00e9dia, zvou v\u0161echny z\u00e1jemce o 3D tisk a souvisej\u00edc\u00ed technologie na v\u00fdstavi\u0161t\u011b do pra\u017esk\u00fdch Let\u0148an, kde se od 10. do 13. kv\u011btna uskute\u010dn\u00ed ji\u017e t\u0159et\u00ed ro\u010dn\u00edk obl\u00edben\u00e9 v\u00fdstavy a<\/p>\n","protected":false},"author":1,"featured_media":398,"comment_status":"open","ping_status":"open","sticky":false,"template":"","format":"standard","meta":[],"categories":[8],"tags":[],"_links":{"self":[{"href":"https:\/\/jananews.cz\/index.php\/wp-json\/wp\/v2\/posts\/166"}],"collection":[{"href":"https:\/\/jananews.cz\/index.php\/wp-json\/wp\/v2\/posts"}],"about":[{"href":"https:\/\/jananews.cz\/index.php\/wp-json\/wp\/v2\/types\/post"}],"author":[{"embeddable":true,"href":"https:\/\/jananews.cz\/index.php\/wp-json\/wp\/v2\/users\/1"}],"replies":[{"embeddable":true,"href":"https:\/\/jananews.cz\/index.php\/wp-json\/wp\/v2\/comments?post=166"}],"version-history":[{"count":1,"href":"https:\/\/jananews.cz\/index.php\/wp-json\/wp\/v2\/posts\/166\/revisions"}],"predecessor-version":[{"id":533,"href":"https:\/\/jananews.cz\/index.php\/wp-json\/wp\/v2\/posts\/166\/revisions\/533"}],"wp:featuredmedia":[{"embeddable":true,"href":"https:\/\/jananews.cz\/index.php\/wp-json\/wp\/v2\/media\/398"}],"wp:attachment":[{"href":"https:\/\/jananews.cz\/index.php\/wp-json\/wp\/v2\/media?parent=166"}],"wp:term":[{"taxonomy":"category","embeddable":true,"href":"https:\/\/jananews.cz\/index.php\/wp-json\/wp\/v2\/categories?post=166"},{"taxonomy":"post_tag","embeddable":true,"href":"https:\/\/jananews.cz\/index.php\/wp-json\/wp\/v2\/tags?post=166"}],"curies":[{"name":"wp","href":"https:\/\/api.w.org\/{rel}","templated":true}]}}