{"id":170,"date":"2016-05-21T07:45:29","date_gmt":"2016-05-21T05:45:29","guid":{"rendered":"http:\/\/www.jananews.cz\/WP\/index.php\/2016\/05\/21\/rockopera-praha-behem-leta-zavita-do-svijan-ceskeho-sternberku-i-bosenske-tuzly\/"},"modified":"2020-08-16T22:32:54","modified_gmt":"2020-08-16T20:32:54","slug":"rockopera-praha-behem-leta-zavita-do-svijan-ceskeho-sternberku-i-bosenske-tuzly","status":"publish","type":"post","link":"https:\/\/jananews.cz\/index.php\/2016\/05\/21\/rockopera-praha-behem-leta-zavita-do-svijan-ceskeho-sternberku-i-bosenske-tuzly\/","title":{"rendered":"RockOpera Praha b\u011bhem l\u00e9ta zav\u00edt\u00e1 do Svijan, \u010cesk\u00e9ho \u0160ternberku i bosensk\u00e9 Tuzly"},"content":{"rendered":"<p>PRAHA \u2013 Divadeln\u00edmi pr\u00e1zdninami RockOpera Praha rozhodn\u011b nekon\u010d\u00ed. B\u011bhem l\u00e9ta se toti\u017e chyst\u00e1 na n\u011bkolik akc\u00ed u n\u00e1s v \u010cesk\u00e9 republice a vyjede i na sv\u00e9 prvn\u00ed zahrani\u010dn\u00ed turn\u00e9. V \u010dervenci pot\u011b\u0161\u00ed div\u00e1ky v \u010cesk\u00e9m \u0160ternberku v r\u00e1mci River Festu 4 a zav\u00edt\u00e1 i na Svijansk\u00e9 slavnosti piva ve Svijansk\u00e9m \u00dajezdu. Na p\u0159elomu srpna a z\u00e1\u0159\u00ed se pak se svou rockovou operou Faust p\u0159edstav\u00ed v p\u011bti bosensk\u00fdch m\u011bstech, jako je nap\u0159. Tuzla a Biha\u0107.<\/p>\n<p><!--more--><\/p>\n<p>\u201eNa l\u00e9to se t\u011b\u0161\u00edme, proto\u017ee se podobn\u011b jako vloni z\u00fa\u010dastn\u00edme n\u011bkolika skv\u011bl\u00fdch ud\u00e1lost\u00ed tady v \u010cesk\u00e9 republice a tak\u00e9 n\u00e1s \u010dek\u00e1 velk\u00e1 v\u00fdzva v podob\u011b na\u0161\u00ed prvn\u00ed zahrani\u010dn\u00ed \u0161tace. Chyst\u00e1me se do Bosny a Hercegoviny, kam n\u00e1s osobn\u011b pozval re\u017eis\u00e9r Damir Piri\u0107. Tam\u011bj\u0161\u00edmu publiku p\u0159edvedeme Fausta, ale p\u0159ipravujeme ho jako site specific projekt p\u0159\u00edmo pro dan\u00e9 prost\u0159ed\u00ed,\u201c p\u0159ibli\u017euje zakladatelka a um\u011bleck\u00e1 \u0161\u00e9fka RockOpery Praha Pavla Forest.<\/p>\n<p>P\u0159edstaven\u00ed Faust dostane neot\u0159elou podobu a prostor i v r\u00e1mci \u010desk\u00e9ho festivalu River Fest 4, kter\u00fd se kon\u00e1 pod \u0161ir\u00fdm nebem u \u0159eky S\u00e1zavy v prost\u0159ed\u00ed p\u0159\u00edrodn\u00edho t\u00e1bo\u0159i\u0161t\u011b u \u010cesk\u00e9ho \u0160ternberku v sobotu 23. \u010dervence 2016. O t\u00fdden d\u0159\u00edve, v sobotu 16. \u010dervence 2016, se RockOpera Praha je\u0161t\u011b vyprav\u00ed na Svijansk\u00e9 slavnosti do Svijansk\u00e9ho \u00dajezdu a nab\u00eddne div\u00e1k\u016fm speci\u00e1ln\u00ed pr\u016f\u0159ez jej\u00ed tvorbou.<\/p>\n<p>\u201eSez\u00f3na n\u00e1m v\u0161ak je\u0161t\u011b neskon\u010dila, tak\u017ee br\u00e1na na\u0161\u00ed hole\u0161ovick\u00e9 ar\u00e9ny v Praze je nejen pra\u017esk\u00fdm fanou\u0161k\u016fm st\u00e1le otev\u0159ena. V nejbli\u017e\u0161\u00ed dob\u011b hrajeme zmi\u0148ovan\u00e9ho Fausta, konkr\u00e9tn\u011b ve \u010dtvrtek 26. kv\u011btna od 19 hodin. Posledn\u00edch p\u00e1r vstupenek m\u00e1me je\u0161t\u011b k dispozici, tak nev\u00e1hejte a dorazte si u\u017e\u00edt zn\u00e1m\u00fd p\u0159\u00edb\u011bh v rockov\u011b-metalov\u00e9m kab\u00e1tu v pod\u00e1n\u00ed Ji\u0159\u00edho Zonygy, Viktora Dyka, Jana Tou\u017eimsk\u00e9ho a spousty dal\u0161\u00edch vynikaj\u00edc\u00edch zp\u011bv\u00e1k\u016f, muzikant\u016f, tane\u010dn\u00edk\u016f a akrobat\u016f,\u201c dod\u00e1v\u00e1 Pavla Forest.<\/p>\n<p>Mgr. Tom\u00e1\u0161 Kope\u010dn\u00fd<\/p>\n","protected":false},"excerpt":{"rendered":"<p>PRAHA \u2013 Divadeln\u00edmi pr\u00e1zdninami RockOpera Praha rozhodn\u011b nekon\u010d\u00ed. B\u011bhem l\u00e9ta se toti\u017e chyst\u00e1 na n\u011bkolik akc\u00ed u n\u00e1s v \u010cesk\u00e9 republice a vyjede i na sv\u00e9 prvn\u00ed zahrani\u010dn\u00ed turn\u00e9. V \u010dervenci pot\u011b\u0161\u00ed div\u00e1ky v \u010cesk\u00e9m \u0160ternberku v r\u00e1mci River Festu 4 a zav\u00edt\u00e1 i na Svijansk\u00e9 slavnosti piva ve Svijansk\u00e9m \u00dajezdu. Na p\u0159elomu srpna a<\/p>\n","protected":false},"author":1,"featured_media":398,"comment_status":"open","ping_status":"open","sticky":false,"template":"","format":"standard","meta":[],"categories":[7],"tags":[],"_links":{"self":[{"href":"https:\/\/jananews.cz\/index.php\/wp-json\/wp\/v2\/posts\/170"}],"collection":[{"href":"https:\/\/jananews.cz\/index.php\/wp-json\/wp\/v2\/posts"}],"about":[{"href":"https:\/\/jananews.cz\/index.php\/wp-json\/wp\/v2\/types\/post"}],"author":[{"embeddable":true,"href":"https:\/\/jananews.cz\/index.php\/wp-json\/wp\/v2\/users\/1"}],"replies":[{"embeddable":true,"href":"https:\/\/jananews.cz\/index.php\/wp-json\/wp\/v2\/comments?post=170"}],"version-history":[{"count":1,"href":"https:\/\/jananews.cz\/index.php\/wp-json\/wp\/v2\/posts\/170\/revisions"}],"predecessor-version":[{"id":476,"href":"https:\/\/jananews.cz\/index.php\/wp-json\/wp\/v2\/posts\/170\/revisions\/476"}],"wp:featuredmedia":[{"embeddable":true,"href":"https:\/\/jananews.cz\/index.php\/wp-json\/wp\/v2\/media\/398"}],"wp:attachment":[{"href":"https:\/\/jananews.cz\/index.php\/wp-json\/wp\/v2\/media?parent=170"}],"wp:term":[{"taxonomy":"category","embeddable":true,"href":"https:\/\/jananews.cz\/index.php\/wp-json\/wp\/v2\/categories?post=170"},{"taxonomy":"post_tag","embeddable":true,"href":"https:\/\/jananews.cz\/index.php\/wp-json\/wp\/v2\/tags?post=170"}],"curies":[{"name":"wp","href":"https:\/\/api.w.org\/{rel}","templated":true}]}}