{"id":171,"date":"2016-06-01T16:11:12","date_gmt":"2016-06-01T14:11:12","guid":{"rendered":"http:\/\/www.jananews.cz\/WP\/index.php\/2016\/06\/01\/evropsky-fond-pro-strategicke-investice-prinesl-zdroje-pro-ceske-podniky\/"},"modified":"2022-09-20T20:48:47","modified_gmt":"2022-09-20T18:48:47","slug":"evropsky-fond-pro-strategicke-investice-prinesl-zdroje-pro-ceske-podniky","status":"publish","type":"post","link":"https:\/\/jananews.cz\/index.php\/2016\/06\/01\/evropsky-fond-pro-strategicke-investice-prinesl-zdroje-pro-ceske-podniky\/","title":{"rendered":"Evropsk\u00fd fond pro strategick\u00e9 investice p\u0159inesl zdroje pro \u010desk\u00e9 podniky"},"content":{"rendered":"<p>BRUSEL &#8211; \u00dasp\u011b\u0161n\u00fd prvn\u00ed rok Evropsk\u00e9ho fondu pro strategick\u00e9 investice p\u0159inesl nov\u00e9 zdroje financov\u00e1n\u00ed i pro \u010desk\u00e9 podniky. Rok po spu\u0161t\u011bn\u00ed Evropsk\u00e9ho fondu pro strategick\u00e9 investice (EFSI) Komise zkoum\u00e1, co v investi\u010dn\u00edm pl\u00e1nu spr\u00e1vn\u011b funguje, co lze zlep\u0161it a jak pokro\u010dit. V \u010cesk\u00e9 republice poskytuje \u2013 s podporou Fondu \u2013 financov\u00e1n\u00ed mal\u00fdm a st\u0159edn\u00edm podnik\u016fm ji\u017e p\u011bt zprost\u0159edkuj\u00edc\u00edch instituc\u00ed. Od dne\u0161n\u00edho dne je tak\u00e9 v provozu Evropsk\u00fd port\u00e1l investi\u010dn\u00edch projekt\u016f, kter\u00fd investor\u016fm o p\u0159ipravovan\u00fdch projektech nab\u00eddne kvalitn\u011bj\u0161\u00ed informace.<\/p>\n<p><!--more--><\/p>\n<p>Osmn\u00e1ct m\u011bs\u00edc\u016f pot\u00e9, co p\u0159edseda Evropsk\u00e9 komise Jean-Claude Juncker zah\u00e1jil investi\u010dn\u00ed pl\u00e1n pro Evropu, a jeden rok po startu Evropsk\u00e9ho fondu pro strategick\u00e9 investice (EFSI) Komise hodnot\u00ed dosa\u017een\u00e9 v\u00fdsledky. Komise dnes p\u0159edstavuje p\u0159\u00edslu\u0161n\u00e9 poznatky a p\u0159edkl\u00e1d\u00e1 jasn\u00e9 n\u00e1vrhy pro ambici\u00f3zn\u00ed budoucnost fondu EFSI.<\/p>\n<p>P\u0159edseda Komise Juncker prohl\u00e1sil: \u201eInvesti\u010dn\u00ed pl\u00e1n funguje a dokazuje, \u017ee pesimist\u00e9 nem\u011bli pravdu. Evropsk\u00fd fond pro strategick\u00e9 investice ka\u017ed\u00fd den vytv\u00e1\u0159\u00ed pracovn\u00ed m\u00edsta a podporuje investice do re\u00e1ln\u00e9 ekonomiky. Navrhujeme proto, aby pracoval i po roce 2018. Bu\u010fme ambici\u00f3zn\u00ed a umo\u017en\u011bme Evrop\u011b op\u011bt investovat.\u201c<\/p>\n<p>Jyrki Katainen, m\u00edstop\u0159edseda Evropsk\u00e9 komise odpov\u011bdn\u00fd za pracovn\u00ed m\u00edsta, r\u016fst, investice a konkurenceschopnost, dodal: \u201eSpole\u010dn\u011b s Evropskou investi\u010dn\u00ed bankou jsme v minul\u00fdch 12 m\u011bs\u00edc\u00edch hodn\u011b dok\u00e1zali. Podpo\u0159ili jsme inovativn\u00ed projekty v oblasti energetiky, zdravotn\u00ed p\u00e9\u010de, rozvoje m\u011bst a vysokorychlostn\u00edho \u0161irokop\u00e1smov\u00e9ho p\u0159ipojen\u00ed. T\u00e9m\u011b\u0159 150 000 mal\u00fdch a st\u0159edn\u00edch podnik\u016f m\u00e1 p\u0159\u00edstup k nov\u00e9mu financov\u00e1n\u00ed. Vytvo\u0159ili jsme centrum, kter\u00e9 poskytuje poradensk\u00e9 slu\u017eby a odbornou podporu navrhovatel\u016fm projekt\u016f. Pro navrhovatele projekt\u016f jsme tak\u00e9 spustili nov\u00fd port\u00e1l, kde mohou sv\u00e9 projekty p\u0159edstavit investor\u016fm z cel\u00e9ho sv\u011bta. Je v\u0161ak t\u0159eba ud\u011blat je\u0161t\u011b v\u00edce: mus\u00edme pokra\u010dovat v prohlubov\u00e1n\u00ed jednotn\u00e9ho trhu \u2013 jedine\u010dn\u00e9ho projektu EU \u2013 a \u010dlensk\u00e9 st\u00e1ty mus\u00ed pracovat na odstran\u011bn\u00ed p\u0159ek\u00e1\u017eek pro investice.\u201c<\/p>\n<p>Evropsk\u00fd fond pro strategick\u00e9 investice (EFSI) tvo\u0159\u00ed samotn\u00e9 j\u00e1dro investi\u010dn\u00edho pl\u00e1nu t\u00e9to Komise. Tento fond, \u0159\u00edzen\u00fd skupinou EIB, je na dobr\u00e9 cest\u011b, aby do poloviny roku 2018 aktivoval nejm\u00e9n\u011b 315 miliard eur dodate\u010dn\u00fdch investic do re\u00e1ln\u00e9 ekonomiky. EFSI poskytuje z\u00e1ruku na prvn\u00ed ztr\u00e1tu, tak\u017ee EIB byla schopna investovat do v\u00edce projekt\u016f, je\u017e jsou n\u011bkdy rizikov\u011bj\u0161\u00ed, a investovat d\u0159\u00edve, ne\u017e by to bylo bez EFSI mo\u017en\u00e9. EFSI celkov\u011b ji\u017e p\u016fsob\u00ed v 26 \u010dlensk\u00fdch st\u00e1tech. Jeho dosud schv\u00e1len\u00e9 projekty odpov\u00eddaj\u00ed aktivizaci investic ve v\u00fd\u0161i 100 miliard EUR. Z fondu EFSI zat\u00edm t\u011b\u017eily zejm\u00e9na mal\u00e9 a st\u0159edn\u00ed podniky. EIB a Komise zintenzivn\u00ed svou kontaktn\u00ed \u010dinnost na lok\u00e1ln\u00ed \u00farovni, aby podpo\u0159ily v\u011bt\u0161\u00ed aktivitu EFSI v t\u011bch \u010dlensk\u00fdch st\u00e1tech, kter\u00e9 dosud zaost\u00e1vaj\u00ed.<\/p>\n<p>Dnes byla ofici\u00e1ln\u011b spu\u0161t\u011bna dal\u0161\u00ed sou\u010d\u00e1st investi\u010dn\u00edho pl\u00e1nu: Evropsk\u00fd port\u00e1l investi\u010dn\u00edch projekt\u016f (EIPP), co\u017e je online platforma sdru\u017euj\u00edc\u00ed evropsk\u00e9 navrhovatele projekt\u016f a investory z EU i mimo ni. Port\u00e1l zv\u00fd\u0161\u00ed viditelnost projekt\u016f, do nich\u017e lze investovat, po cel\u00e9 Evrop\u011b. Komise jej vytvo\u0159ila na z\u00e1klad\u011b popt\u00e1vky investor\u016f. Video o nov\u00e9m port\u00e1lu najdete zde.<\/p>\n<p>Evropsk\u00e9 centrum pro investi\u010dn\u00ed poradenstv\u00ed (EIAH) poskytuje odbornou pomoc a individualizovan\u00e9 poradenstv\u00ed soukrom\u00fdm i ve\u0159ejn\u00fdm navrhovatel\u016fm projekt\u016f. Centrum ji\u017e zpracovalo v\u00edce ne\u017e 160 \u017e\u00e1dost\u00ed. To je slibn\u00fd za\u010d\u00e1tek, ale Komise a EIB pracuj\u00ed na tom, aby poradn\u00ed slu\u017eby m\u011bly lok\u00e1ln\u011bj\u0161\u00ed charakter a p\u0159ibl\u00ed\u017eily se spole\u010dnostem, kter\u00e9 by z nich m\u011bly m\u00edt prosp\u011bch.<\/p>\n<p>V \u00fanoru vydala Komise pokyny ohledn\u011b toho, jak lze evropsk\u00e9 struktur\u00e1ln\u00ed a investi\u010dn\u00ed fondy (ESI fondy) kombinovat s EFSI, aby se uvolnil maxim\u00e1ln\u00ed objem investic. T\u00e9to kombinace, je\u017e bude d\u00e1le zjednodu\u0161ena, ji\u017e v praxi vyu\u017e\u00edv\u00e1 prvn\u00ed skupina projekt\u016f.<\/p>\n<p>Komise ji\u017e tak\u00e9 v r\u00e1mci t\u0159et\u00edho pil\u00ed\u0159e investi\u010dn\u00edho pl\u00e1nu podnikla \u0159adu krok\u016f pro zlep\u0161en\u00ed podnikatelsk\u00e9ho prost\u0159ed\u00ed a podm\u00ednek financov\u00e1n\u00ed. Mezi tyto iniciativy pat\u0159\u00ed sn\u00ed\u017een\u00ed kapit\u00e1lov\u00fdch po\u017eadavk\u016f pro poji\u0161\u0165ovny a zaji\u0161\u0165ovny. Pojistitel\u00e9 Komisi upozornili, \u017ee n\u011bkter\u00e9 z p\u0159edpis\u016f Solventnost II jim br\u00e1n\u00ed v investic\u00edch do infrastruktury \u2013 tato p\u0159ek\u00e1\u017eka byla nyn\u00ed odstran\u011bna. Komise vyhodnot\u00ed, zda je vhodn\u00e9 podobn\u00fdm zp\u016fsobem sn\u00ed\u017eit kapit\u00e1lov\u00e9 po\u017eadavky pro expozice do infrastruktury; vezme p\u0159itom v \u00favahu diskuse o kapit\u00e1lov\u00e9m zach\u00e1zen\u00ed s bankovn\u00edmi expozicemi. Pro usnadn\u011bn\u00ed investic rizikov\u00e9ho kapit\u00e1lu v Evrop\u011b Komise tak\u00e9 navrhne zm\u011bny regula\u010dn\u00edho r\u00e1mce tohoto kapit\u00e1lu. Spolu s Eurostatem Komise poskytne dal\u0161\u00ed vysv\u011btlen\u00ed a v p\u0159\u00edpad\u011b pot\u0159eby zreviduje p\u0159\u00edslu\u0161n\u00e9 pokyny k \u00fa\u010detn\u00edm aspekt\u016fm partnerstv\u00ed ve\u0159ejn\u00e9ho a soukrom\u00e9ho sektoru. Aby investo\u0159i z\u00edskali v\u00edce pr\u00e1vn\u00ed jistoty v souvislosti s financov\u00e1n\u00edm infrastruktury, poskytla jim Komise praktick\u00e9 pokyny ohledn\u011b toho, co p\u0159edstavuje st\u00e1tn\u00ed podporu \u2013 v podob\u011b sd\u011blen\u00ed o pojmu st\u00e1tn\u00ed podpory.<\/p>\n<p>Sd\u011blen\u00ed o pln\u011bn\u00ed agendy jednotn\u00e9ho trhu, kter\u00e9 bylo dnes rovn\u011b\u017e zve\u0159ejn\u011bno, nasti\u0148uje \u0159adu oblast\u00ed \u010dinnosti, kter\u00e9 jsou nebo budou prov\u00e1d\u011bny na \u00farovni EU s c\u00edlem vytvo\u0159it podnikatelsky p\u0159\u00edzniv\u00e9 prost\u0159ed\u00ed podporuj\u00edc\u00ed inovace a investice do lid\u00ed. Mezi tyto \u010dinnosti n\u00e1le\u017e\u00ed vytvo\u0159en\u00ed jednotn\u00e9ho digit\u00e1ln\u00edho trhu, praktick\u00e9 uskute\u010dn\u011bn\u00ed trhu bez hranic pro slu\u017eby, zjednodu\u0161en\u00ed pravidel pro DPH, zlep\u0161en\u00ed p\u0159\u00edstupu za\u010d\u00ednaj\u00edc\u00edch podnik\u016f k rizikov\u00e9mu kapit\u00e1lu a investice do lidsk\u00e9 kvalifikace. Spolu s Evropsk\u00fdm investi\u010dn\u00edm fondem (EIF) Komise rovn\u011b\u017e pracuje na z\u0159\u00edzen\u00ed celoevropsk\u00e9ho fondu fond\u016f rizikov\u00e9ho kapit\u00e1lu, kter\u00fd by kombinoval ve\u0159ejn\u00e9 finance se soukrom\u00fdm kapit\u00e1lem a nov\u00fdm spole\u010dnostem by poskytl dal\u0161\u00ed impulsy a zdroje. \u010clensk\u00e9 st\u00e1ty tak\u00e9 mus\u00ed pokra\u010dovat ve sv\u00fdch struktur\u00e1ln\u00edch reform\u00e1ch a odstranit p\u0159ek\u00e1\u017eky a byrokracii, kter\u00e9 br\u00e1n\u00ed investic\u00edm.<\/p>\n<p>Zdroj: Evropsk\u00e1 komise<br \/>\nIng. Jan Rott<\/p>\n<p><a href=\"http:\/\/www.eropska-unie.cz\">www.eropska-unie.cz<\/a><\/p>\n","protected":false},"excerpt":{"rendered":"<p>BRUSEL &#8211; \u00dasp\u011b\u0161n\u00fd prvn\u00ed rok Evropsk\u00e9ho fondu pro strategick\u00e9 investice p\u0159inesl nov\u00e9 zdroje financov\u00e1n\u00ed i pro \u010desk\u00e9 podniky. Rok po spu\u0161t\u011bn\u00ed Evropsk\u00e9ho fondu pro strategick\u00e9 investice (EFSI) Komise zkoum\u00e1, co v investi\u010dn\u00edm pl\u00e1nu spr\u00e1vn\u011b funguje, co lze zlep\u0161it a jak pokro\u010dit. V \u010cesk\u00e9 republice poskytuje \u2013 s podporou Fondu \u2013 financov\u00e1n\u00ed mal\u00fdm a st\u0159edn\u00edm podnik\u016fm<\/p>\n","protected":false},"author":1,"featured_media":537,"comment_status":"open","ping_status":"open","sticky":false,"template":"","format":"standard","meta":[],"categories":[18],"tags":[],"_links":{"self":[{"href":"https:\/\/jananews.cz\/index.php\/wp-json\/wp\/v2\/posts\/171"}],"collection":[{"href":"https:\/\/jananews.cz\/index.php\/wp-json\/wp\/v2\/posts"}],"about":[{"href":"https:\/\/jananews.cz\/index.php\/wp-json\/wp\/v2\/types\/post"}],"author":[{"embeddable":true,"href":"https:\/\/jananews.cz\/index.php\/wp-json\/wp\/v2\/users\/1"}],"replies":[{"embeddable":true,"href":"https:\/\/jananews.cz\/index.php\/wp-json\/wp\/v2\/comments?post=171"}],"version-history":[{"count":3,"href":"https:\/\/jananews.cz\/index.php\/wp-json\/wp\/v2\/posts\/171\/revisions"}],"predecessor-version":[{"id":808,"href":"https:\/\/jananews.cz\/index.php\/wp-json\/wp\/v2\/posts\/171\/revisions\/808"}],"wp:featuredmedia":[{"embeddable":true,"href":"https:\/\/jananews.cz\/index.php\/wp-json\/wp\/v2\/media\/537"}],"wp:attachment":[{"href":"https:\/\/jananews.cz\/index.php\/wp-json\/wp\/v2\/media?parent=171"}],"wp:term":[{"taxonomy":"category","embeddable":true,"href":"https:\/\/jananews.cz\/index.php\/wp-json\/wp\/v2\/categories?post=171"},{"taxonomy":"post_tag","embeddable":true,"href":"https:\/\/jananews.cz\/index.php\/wp-json\/wp\/v2\/tags?post=171"}],"curies":[{"name":"wp","href":"https:\/\/api.w.org\/{rel}","templated":true}]}}