{"id":176,"date":"2016-06-01T16:56:29","date_gmt":"2016-06-01T14:56:29","guid":{"rendered":"http:\/\/www.jananews.cz\/WP\/index.php\/2016\/06\/01\/skupina-john-dovanni-vydala-album-hrdobec\/"},"modified":"2016-06-01T16:56:29","modified_gmt":"2016-06-01T14:56:29","slug":"skupina-john-dovanni-vydala-album-hrdobec","status":"publish","type":"post","link":"https:\/\/jananews.cz\/index.php\/2016\/06\/01\/skupina-john-dovanni-vydala-album-hrdobec\/","title":{"rendered":"Skupina JOHN DOVANNI vydala album Hrdobec"},"content":{"rendered":"<p>PRAHA &#8211; Nov\u00e9 CD kapely JOHN DOVANNI s n\u00e1zvem &#8222;Hrdobec&#8220; vy\u0161lo 1. \u010dervna 2016. Je skladatelsk\u00fdm po\u010dinem zp\u011bv\u00e1ka Tom\u00e1\u0161e Kolingera a kytaristy Petra Henycha.\u00a0 Kapela 90. let se vrac\u00ed t\u00edmto po\u010dinem sou\u010dasn\u011b chyst\u00e1\u00a0zp\u011bt na rockov\u00e1 podia.<\/p>\n<p>  <!--more-->  <\/p>\n<p>Album kapela nahr\u00e1la v aktu\u00e1ln\u00edm slo\u017een\u00ed Tom\u00e1\u0161 Kolinger (zp\u011bv), Petr Henych (kytara), V\u00edt Fiala (baskytara, kl\u00e1vesy, zp\u011bv) a Luk\u00e1\u0161 Pavl\u00edk (bic\u00ed), kter\u00fd je sou\u010dasn\u011b producentem alba. \u201eHrdobec\u201c vy\u0161el pod hlavi\u010dkou rodinn\u00e9ho vydavatelstv\u00ed JHPublish. Album vznikalo v pr\u016fb\u011bhu let 2015 a 2016 a bylo nato\u010deno ve studiu SUN. Tituln\u00ed stranu obalu nakreslil v\u00fdtvarn\u00edk Jan Mitwally, autorem fotografi\u00ed je Martin Vobo\u0159il a grafiku alba vytvo\u0159il Petr Henych jr.<\/p>\n<p>Skupina JOHN DOVANNI vznikla v roce 1991 a jako objev \u010dasopisu Melodie vydala singl s p\u00edsn\u011bmi \u201eNejde to\u201c a \u201eTv\u00e1 v\u016fn\u011b v m\u00fdch dlan\u00edch\u201c (1991). V roce 1992 vydala pod producentsk\u00fdm dohledem Du\u0161ana Antal\u00edka (Team) debutov\u00e9 album \u201eV\u00edra v ruce\u201c. Po t\u0159ech letech n\u00e1sledovalo album \u201eS\u00ed\u0148 sl\u00e1vy\u201c (1995). Po t\u00e9 se kapela na dlouh\u00e1 l\u00e9ta odml\u010dela a jej\u00ed \u010dlenov\u00e9 rozprchli do jin\u00fdch hudebn\u00edch projekt\u016f nebo \u010dinnosti zanechali \u00fapln\u011b.<\/p>\n<p>V roce 2014 se kapela dala op\u011btovn\u011b dohromady pro p\u0159\u00edle\u017eitostn\u00e9 koncerty \u2013 2. srpna odehr\u00e1li koncert na Rock fest Jince a 9. \u0159\u00edjna si zahr\u00e1li v n\u011bmeck\u00e9m Colos Saal v Aschaffenburgu jako support Bonfire. Posl\u00e9ze Vznikla my\u0161lenka nato\u010dit album, jeho\u017e z\u00e1kladem se staly skladby p\u011bveck\u00e9ho leadera kapely Tom\u00e1\u0161e Kolingera, kter\u00fd zat\u00edmco jeho spoluhr\u00e1\u010di hr\u00e1li s jin\u00fdmi kapelami, skl\u00e1dal \u201edo \u0161upl\u00edku\u201c.<\/p>\n<p><strong>Kytarista Petr Henych<\/strong> d\u0159\u00edve p\u016fsobil v kapel\u00e1ch Kreyson, Precedens, Pancho, Delirium a Bypass Vil\u00e9ma \u010coka. Hr\u00e1l s Petrem Kol\u00e1\u0159em, na jeho\u017e debutov\u00e9m CD Album m\u011bl v\u011bt\u0161inov\u00fd pod\u00edl, v\u010detn\u011b hitu \u201eVyzn\u00e1n\u00ed\u201c, kter\u00e9 se v roce 2006 stalo druhou nejobl\u00edben\u011bj\u0161\u00ed skladbou v anket\u011b Hit roku. Skl\u00e1d\u00e1 tak\u00e9 instrument\u00e1ln\u00ed hudbu, kterou doned\u00e1vna prezentoval ve sv\u00e9 vlastn\u00ed kapele G-bod. V sou\u010dasn\u00e9 dob\u011b je kytaristou v kapele Leaders! Kamila St\u0159ihavky.\u00a0\u00a0 <a href=\"http:\/\/www.henych.com\">www.henych.com<\/a><\/p>\n<p><strong>Baskytarista V\u00edtek Fiala<\/strong> d\u0159\u00edve p\u016fsobil v kapel\u00e1ch Kreyson, Harlej a Los Panchos. a moment\u00e1ln\u011b p\u016fsob\u00ed t\u00e9\u017e ve skupin\u011b Lokomotiva a Fantastic 80\u00b4s. <a href=\"http:\/\/www.vitekfiala.cz\">www.vitekfiala.cz<\/a><\/p>\n<p><strong>Buben\u00edk Luk\u00e1\u0161 Pavl\u00edk<\/strong> p\u016fsobil jako \u010dlen kapely Ewy Farne, Leaders! Kamila St\u0159ihavky, AB Bandu Ale\u0161e Brichty, Davida Krause. V sou\u010dasn\u00e9 dob\u011b je buben\u00edkem kapel \u010cechomor a Limetal a p\u016fsob\u00ed i na pra\u017esk\u00e9 klubov\u00e9 sc\u00e9n\u011b. <a href=\"http:\/\/www.lukaspavlik.com\">www.lukaspavlik.com<\/a><\/p>\n<p><strong>Zp\u011bv\u00e1k Tom\u00e1\u0161 Kolinger<\/strong> nen\u00ed zn\u00e1m z jin\u00fdch zn\u00e1m\u011bj\u0161\u00edch skupin krom\u011b JOHN DOVANNI, zato na pr\u00e1v\u011b vyd\u00e1van\u00e9m albu m\u00e1 nejv\u011bt\u0161\u00ed autorsk\u00fd pod\u00edl.<\/p>\n<p>Album Hrdobec \u010d\u00edt\u00e1 16 p\u016fvodn\u00edch skladeb v celkov\u00e9m trv\u00e1n\u00ed 65 minut<br \/>Uk\u00e1zku z nov\u00e9ho alba lze sly\u0161et na odkazu <br \/><a href=\"https:\/\/www.youtube.com\/watch?v=UJUb-JYurTA&amp;feature=share\">https:\/\/www.youtube.com\/watch?v=UJUb-JYurTA&amp;feature=share<\/a><\/p>\n<p>Album \u201eJOHN DOVANNI \u2013 Hrdobec\u201c je mo\u017en\u00e9 zakoupit si v e-shopu <a href=\"http:\/\/shop.janamusic.cz\">http:\/\/shop.janamusic.cz<\/a> nebo v prodejn\u00e1ch Bontonland a Rockster.<\/p>\n<p>Ofici\u00e1ln\u00ed internetov\u00e1 prezentace:<\/p>\n<p><a href=\"http:\/\/www.johndovanni.cz\">www.johndovanni.cz<\/a> <br \/><a href=\"http:\/\/www.facebook.com\/johndovanni1991\">http:\/\/www.facebook.com\/johndovanni1991<\/a><\/p>\n<p>Jana Henychov\u00e1<\/p>\n<p><img loading=\"lazy\" class=\" size-full wp-image-174\" src=\"https:\/\/jananews.cz\/wp-content\/uploads\/2016\/06\/johndovanni_obal.jpg\" alt=\"\" width=\"284\" height=\"279\" srcset=\"https:\/\/jananews.cz\/wp-content\/uploads\/2016\/06\/johndovanni_obal.jpg 800w, https:\/\/jananews.cz\/wp-content\/uploads\/2016\/06\/johndovanni_obal-300x295.jpg 300w, https:\/\/jananews.cz\/wp-content\/uploads\/2016\/06\/johndovanni_obal-768x756.jpg 768w\" sizes=\"(max-width: 284px) 100vw, 284px\" \/><\/p>\n<p><img loading=\"lazy\" class=\" size-full wp-image-175\" src=\"https:\/\/jananews.cz\/wp-content\/uploads\/2016\/06\/jd_promo.jpg\" alt=\"\" width=\"727\" height=\"363\" srcset=\"https:\/\/jananews.cz\/wp-content\/uploads\/2016\/06\/jd_promo.jpg 1280w, https:\/\/jananews.cz\/wp-content\/uploads\/2016\/06\/jd_promo-300x150.jpg 300w, https:\/\/jananews.cz\/wp-content\/uploads\/2016\/06\/jd_promo-1024x511.jpg 1024w, https:\/\/jananews.cz\/wp-content\/uploads\/2016\/06\/jd_promo-768x383.jpg 768w\" sizes=\"(max-width: 727px) 100vw, 727px\" \/><\/p>\n","protected":false},"excerpt":{"rendered":"<p>PRAHA &#8211; Nov\u00e9 CD kapely JOHN DOVANNI s n\u00e1zvem &#8222;Hrdobec&#8220; vy\u0161lo 1. \u010dervna 2016. Je skladatelsk\u00fdm po\u010dinem zp\u011bv\u00e1ka Tom\u00e1\u0161e Kolingera a kytaristy Petra Henycha.\u00a0 Kapela 90. let se vrac\u00ed t\u00edmto po\u010dinem sou\u010dasn\u011b chyst\u00e1\u00a0zp\u011bt na rockov\u00e1 podia.<\/p>\n","protected":false},"author":1,"featured_media":174,"comment_status":"open","ping_status":"open","sticky":false,"template":"","format":"standard","meta":[],"categories":[7],"tags":[],"_links":{"self":[{"href":"https:\/\/jananews.cz\/index.php\/wp-json\/wp\/v2\/posts\/176"}],"collection":[{"href":"https:\/\/jananews.cz\/index.php\/wp-json\/wp\/v2\/posts"}],"about":[{"href":"https:\/\/jananews.cz\/index.php\/wp-json\/wp\/v2\/types\/post"}],"author":[{"embeddable":true,"href":"https:\/\/jananews.cz\/index.php\/wp-json\/wp\/v2\/users\/1"}],"replies":[{"embeddable":true,"href":"https:\/\/jananews.cz\/index.php\/wp-json\/wp\/v2\/comments?post=176"}],"version-history":[{"count":0,"href":"https:\/\/jananews.cz\/index.php\/wp-json\/wp\/v2\/posts\/176\/revisions"}],"wp:featuredmedia":[{"embeddable":true,"href":"https:\/\/jananews.cz\/index.php\/wp-json\/wp\/v2\/media\/174"}],"wp:attachment":[{"href":"https:\/\/jananews.cz\/index.php\/wp-json\/wp\/v2\/media?parent=176"}],"wp:term":[{"taxonomy":"category","embeddable":true,"href":"https:\/\/jananews.cz\/index.php\/wp-json\/wp\/v2\/categories?post=176"},{"taxonomy":"post_tag","embeddable":true,"href":"https:\/\/jananews.cz\/index.php\/wp-json\/wp\/v2\/tags?post=176"}],"curies":[{"name":"wp","href":"https:\/\/api.w.org\/{rel}","templated":true}]}}