{"id":179,"date":"2016-06-16T08:50:01","date_gmt":"2016-06-16T06:50:01","guid":{"rendered":"http:\/\/www.jananews.cz\/WP\/index.php\/2016\/06\/16\/den-otcu-oslavi-ministerstvo-prace-a-socialnich-veci-na-tatafestu\/"},"modified":"2016-06-16T08:50:01","modified_gmt":"2016-06-16T06:50:01","slug":"den-otcu-oslavi-ministerstvo-prace-a-socialnich-veci-na-tatafestu","status":"publish","type":"post","link":"https:\/\/jananews.cz\/index.php\/2016\/06\/16\/den-otcu-oslavi-ministerstvo-prace-a-socialnich-veci-na-tatafestu\/","title":{"rendered":"Den otc\u016f oslav\u00ed Ministerstvo pr\u00e1ce a soci\u00e1ln\u00edch v\u011bc\u00ed na T\u00e1tafestu"},"content":{"rendered":"<p>PRAHA &#8211; Ministerstvo pr\u00e1ce a soci\u00e1ln\u00edch v\u011bc\u00ed ve spolupr\u00e1ci s Ligou otev\u0159en\u00fdch mu\u017e\u016f a Uni\u00ed center pro rodinu a komunitu zve na oslavu \u201eDne otc\u016f\u201c v r\u00e1mci jubilejn\u00edho des\u00e1t\u00e9ho ro\u010dn\u00edku T\u00e1tafestu. Slavit se bude na lodi Cargo Gallery na pra\u017esk\u00e9 n\u00e1plavce v ned\u011bli 19. \u010dervna od 14.00 do 18.00 hodin, oslavy se konaj\u00ed i v dal\u0161\u00edch m\u011bstech. Medi\u00e1ln\u00edm partnerem akce je R\u00e1dio Impuls. Bli\u017e\u0161\u00ed informace najdete na webu MPSV.<\/p>\n<p>  <!--more-->  <\/p>\n<p>\u201eV\u00e1\u017e\u00edm si mu\u017e\u016f, kte\u0159\u00ed se neboj\u00ed rozd\u011blit p\u00e9\u010di o d\u011bti s partnerkou rovn\u00fdm d\u00edlem. Na podporu otc\u016f vl\u00e1da schv\u00e1lila tzv. otcovskou, volno po narozen\u00ed d\u00edt\u011bte v obdob\u00ed \u0161estined\u011bl\u00ed, kter\u00e9 bude hrazeno z nemocensk\u00e9ho poji\u0161t\u011bn\u00ed,\u201c uvedla ministryn\u011b pr\u00e1ce a soci\u00e1ln\u00edch v\u011bc\u00ed Michaela Marksov\u00e1, kter\u00e1 akci ud\u011blila z\u00e1\u0161titu.<\/p>\n<p>Hlavn\u00ed hv\u011bzdou leto\u0161n\u00edho T\u00e1tafestu bude zn\u00e1m\u00e1 kapela Tata\/Bojs a p\u0159edkapelu jim bude d\u011blat skupina CallNowBlues, ve kter\u00e9 hraj\u00ed t\u00e1tov\u00e9 se sv\u00fdmi syny. D\u00e1le budou vyhl\u00e1\u0161eni v\u00edt\u011bzov\u00e9 ankety \u201eT\u00e1ta roku\u201c. V\u0161ichni tat\u00ednkov\u00e9 tak\u00e9 dostanou speci\u00e1ln\u00ed tri\u010dko, d\u011bti \u010dek\u00e1 mnoho sladk\u00fdch p\u0159ekvapen\u00ed a mo\u017enost si n\u011bco s t\u00e1tou vyrobit. Pro n\u00e1v\u0161t\u011bvn\u00edky T\u00e1tafestu bude tak\u00e9 p\u0159ipravena atrakce \u2013 Easy foto show, z\u00e1bava pro celou rodinu. Vstup pro d\u011bti do 15 let je zdarma. Dal\u0161\u00ed informace najdete na <a href=\"http:\/\/www.tatafest.cz\">www.tatafest.cz<\/a>.<\/p>\n<p>\u201eChceme upozornit na to, \u017ee otcov\u00e9 jsou d\u016fle\u017eit\u00ed pro d\u011bti, rodiny i spole\u010dnost, a to v\u010detn\u011b otc\u016f n\u00e1hradn\u00edch nebo patron\u016f, kte\u0159\u00ed prov\u00e1d\u011bj\u00ed d\u011bti z d\u011btsk\u00e9ho domova p\u0159i dosp\u00edv\u00e1n\u00ed a pom\u00e1haj\u00ed jim p\u0159i jejich prvn\u00edm kroku do dosp\u011blosti. A sv\u016fj sv\u00e1tek si zaslou\u017e\u00ed,\u201c uvedl Martin J\u00e1ra, \u0159editel Ligy otev\u0159en\u00fdch mu\u017e\u016f.<\/p>\n<p>Den otc\u016f je sv\u00e1tek, kter\u00fd poch\u00e1z\u00ed z USA a s n\u00e1padem na jeho vznik p\u0159i\u0161la \u017eena &#8211; Sonora Smart Dodd, jej\u00ed\u017e otec \u2013 vdovec se staral o p\u011bt d\u011bt\u00ed. Poprv\u00e9 se tento sv\u00e1tek slavil v roce 1910. Dnes se slav\u00ed nejen v USA, ale i v Evrop\u011b, v\u017edy t\u0159et\u00ed ned\u011bli v \u010dervnu.<\/p>\n<p>PROGRAM T\u00c1TAFESTU:<\/p>\n<p>14:00 ofici\u00e1ln\u00ed zah\u00e1jen\u00ed na palub\u011b lodi Cargo Gallery na pra\u017esk\u00e9 n\u00e1plavce\u00a0\u00a0\u00a0\u00a0 \u00a0\u00a0\u00a0\u00a0\u00a0 \u00favodn\u00ed slovo Martina J\u00e1ry (\u0159editel LOM) a z\u00e1stupce MPSV<br \/>14:30 koncert kapely CallNowBlues<br \/>15:30 vyhla\u0161ov\u00e1n\u00ed v\u00fdsledk\u016f ankety \u201eT\u00e1ta roku\u201c<br \/>17:00 koncert kapely Tata\/Bojs <br \/>18:00 ofici\u00e1ln\u00ed ukon\u010den\u00ed programu<\/p>\n<p>Po celou dobu akce je mo\u017en\u00e9 si prohl\u00eddnout lo\u010f Cargo Gallery a u\u017e\u00edt si dal\u0161\u00edch aktivit (nap\u0159. Easy foto show \u2013 z\u00e1bava pro celou rodinu).<\/p>\n<p>Petr Hab\u00e1\u0148<br \/>mluv\u010d\u00ed MPSV<\/p>\n<p><a href=\"http:\/\/www.mpsv.cz\">www.mpsv.cz<\/a><\/p>\n<p><img loading=\"lazy\" class=\" size-full wp-image-178\" src=\"https:\/\/jananews.cz\/wp-content\/uploads\/2016\/06\/tatafest-scaled.jpg\" alt=\"\" width=\"443\" height=\"623\" srcset=\"https:\/\/jananews.cz\/wp-content\/uploads\/2016\/06\/tatafest-scaled.jpg 1821w, https:\/\/jananews.cz\/wp-content\/uploads\/2016\/06\/tatafest-213x300.jpg 213w, https:\/\/jananews.cz\/wp-content\/uploads\/2016\/06\/tatafest-729x1024.jpg 729w, https:\/\/jananews.cz\/wp-content\/uploads\/2016\/06\/tatafest-768x1079.jpg 768w, https:\/\/jananews.cz\/wp-content\/uploads\/2016\/06\/tatafest-1093x1536.jpg 1093w, https:\/\/jananews.cz\/wp-content\/uploads\/2016\/06\/tatafest-1457x2048.jpg 1457w\" sizes=\"(max-width: 443px) 100vw, 443px\" \/><\/p>\n<p>\u00a0<\/p>\n","protected":false},"excerpt":{"rendered":"<p>PRAHA &#8211; Ministerstvo pr\u00e1ce a soci\u00e1ln\u00edch v\u011bc\u00ed ve spolupr\u00e1ci s Ligou otev\u0159en\u00fdch mu\u017e\u016f a Uni\u00ed center pro rodinu a komunitu zve na oslavu \u201eDne otc\u016f\u201c v r\u00e1mci jubilejn\u00edho des\u00e1t\u00e9ho ro\u010dn\u00edku T\u00e1tafestu. Slavit se bude na lodi Cargo Gallery na pra\u017esk\u00e9 n\u00e1plavce v ned\u011bli 19. \u010dervna od 14.00 do 18.00 hodin, oslavy se konaj\u00ed i v<\/p>\n","protected":false},"author":1,"featured_media":177,"comment_status":"open","ping_status":"open","sticky":false,"template":"","format":"standard","meta":[],"categories":[7],"tags":[],"_links":{"self":[{"href":"https:\/\/jananews.cz\/index.php\/wp-json\/wp\/v2\/posts\/179"}],"collection":[{"href":"https:\/\/jananews.cz\/index.php\/wp-json\/wp\/v2\/posts"}],"about":[{"href":"https:\/\/jananews.cz\/index.php\/wp-json\/wp\/v2\/types\/post"}],"author":[{"embeddable":true,"href":"https:\/\/jananews.cz\/index.php\/wp-json\/wp\/v2\/users\/1"}],"replies":[{"embeddable":true,"href":"https:\/\/jananews.cz\/index.php\/wp-json\/wp\/v2\/comments?post=179"}],"version-history":[{"count":0,"href":"https:\/\/jananews.cz\/index.php\/wp-json\/wp\/v2\/posts\/179\/revisions"}],"wp:featuredmedia":[{"embeddable":true,"href":"https:\/\/jananews.cz\/index.php\/wp-json\/wp\/v2\/media\/177"}],"wp:attachment":[{"href":"https:\/\/jananews.cz\/index.php\/wp-json\/wp\/v2\/media?parent=179"}],"wp:term":[{"taxonomy":"category","embeddable":true,"href":"https:\/\/jananews.cz\/index.php\/wp-json\/wp\/v2\/categories?post=179"},{"taxonomy":"post_tag","embeddable":true,"href":"https:\/\/jananews.cz\/index.php\/wp-json\/wp\/v2\/tags?post=179"}],"curies":[{"name":"wp","href":"https:\/\/api.w.org\/{rel}","templated":true}]}}