{"id":181,"date":"2016-07-11T06:51:55","date_gmt":"2016-07-11T04:51:55","guid":{"rendered":"http:\/\/www.jananews.cz\/WP\/index.php\/2016\/07\/11\/judr-klara-samkova-vydala-sbirku-vtipu-o-advokatech\/"},"modified":"2016-07-11T06:51:55","modified_gmt":"2016-07-11T04:51:55","slug":"judr-klara-samkova-vydala-sbirku-vtipu-o-advokatech","status":"publish","type":"post","link":"https:\/\/jananews.cz\/index.php\/2016\/07\/11\/judr-klara-samkova-vydala-sbirku-vtipu-o-advokatech\/","title":{"rendered":"JUDr. Kl\u00e1ra Samkov\u00e1 vydala sb\u00edrku vtip\u016f o advok\u00e1tech"},"content":{"rendered":"<p>PRAHA &#8211; Zn\u00e1m\u00e1\u00a0advok\u00e1tka JUDr. Kl\u00e1ra Samkov\u00e1 vydala novou knihu &#8222;111 vtip\u016f o advok\u00e1tech&#8220;. &#8222;Jednou z diskriminovan\u00fdch skupin jsou tak\u00e9 advok\u00e1ti, kte\u0159\u00ed jsou posti\u017eeni t\u00edm, \u017ee, a\u010d jsou u obecn\u00e9ho lidu v nelibosti, jsou tak\u0159ka vylou\u010deni ze vtipkov\u00e1n\u00ed. Vtip, satira a posm\u011b\u0161ky jsou p\u0159itom z\u00e1kladn\u00ed a zejm\u00e9na v \u010cech\u00e1ch neodmyslitelnou sou\u010d\u00e1st\u00ed n\u00e1rodn\u00ed kultury. Tak\u017ee a\u010dkoliv existuj\u00ed vtipy o blond\u00fdnk\u00e1ch, policistech, tchyn\u00edch, homosexu\u00e1lech, ba i \u017didech a Cik\u00e1nech\/Romech, vtipy o advok\u00e1tech fat\u00e1ln\u011b chyb\u00ed. Kdy\u017e, tak jsou skryty mezi vtipy o pr\u00e1vn\u00edc\u00edch, kter\u00fdch i tak je pom\u00e1lu,&#8220; uvedla JUDr. Samkov\u00e1.<\/p>\n<p>  <!--more-->  <\/p>\n<p>\u00a0<\/p>\n<p>T\u00e9to pr\u00e1vn\u011b ne\u00fanosn\u00e9 situaci se advok\u00e1tka rozhodla bojovat a proto vydala drobnou sb\u00edrku vtip o advok\u00e1tech. Douf\u00e1, \u017ee t\u00edmto sv\u00fdm nakladatelsk\u00fdm po\u010dinem p\u0159isp\u011bje k zaji\u0161t\u011bn\u00ed t\u00e9 spr\u00e1vn\u00e9 v\u00e1\u017enosti \u010desk\u00e9mu advok\u00e1tn\u00edmu stavu.\u00a0<\/p>\n<p>O sv\u00e9m po\u010dinu informovala p\u0159edsedu \u010cesk\u00e9 advok\u00e1tn\u00ed komory JUDr. Martina Vychopen\u011b. &#8222;S nadch\u00e1zej\u00edc\u00edm l\u00e9tem a dovoluji si V\u00e1s informovat o podstatn\u00fdch kroc\u00edch, kter\u00e9 jsem podnikla, abych zabr\u00e1nila dal\u0161\u00ed dlouholet\u00e9, ba mo\u017eno dokonce \u0159\u00edci syst\u00e9mov\u00e9 diskriminaci advok\u00e1tn\u00edho stavu, kter\u00fd je neopr\u00e1vn\u011bn\u011b znev\u00fdhod\u0148ov\u00e1n oproti dal\u0161\u00edm skupin\u00e1m obyvatelstva, co\u017e se mi jev\u00ed b\u00fdt v rozporu s ust. \u010dl. 1 Listiny z\u00e1kladn\u00edch pr\u00e1v a svobod, dle kter\u00e9 jsou v\u0161ichni lid\u00e9 nejen svobodn\u00ed, le\u010d tak\u00e9 si jsou \u201erovn\u00ed v d\u016fstojnosti i v pr\u00e1vech.\u201c Pr\u00e1v\u011b tato rovnost v d\u016fstojnosti se mi jevila b\u00fdt v\u016f\u010di advok\u00e1t\u016fm frapantn\u011b poru\u0161ov\u00e1na,&#8220; dod\u00e1v\u00e1.<\/p>\n<p>Jak Samkov\u00e1 d\u00e1le \u0159\u00edk\u00e1, ned\u00edlnou sou\u010d\u00e1st\u00ed \u010desk\u00e9 kultury jsou vtipy, k nim\u017e maj\u00ed \u010ce\u0161i velmi sv\u00e9r\u00e1zn\u00fd vztah. &#8222;Konec konc\u016f, i \u0159\u00ed\u0161sk\u00fd protektor Reinhard Heydrich tvrdil, \u017ee \u010ce\u0161i jsou sm\u011bj\u00edc\u00ed se bestie,&#8220; dopl\u0148uje.<\/p>\n<p>www.lawyers.cz<\/p>\n<p>www.zrcadleni.cz<\/p>\n<p><a href=\"http:\/\/www.facebook.com\/profile.php?id=1306818457&amp;ref=tn_tnmn#!\/profile.php?id=1306818457\">http:\/\/www.facebook.com\/profile.php?id=1306818457&amp;ref=tn_tnmn#!\/profile.php?id=1306818457<\/a><\/p>\n<p>\u00a0<\/p>\n<p>Jana Henychov\u00e1<\/p>\n<p>\u00a0<\/p>\n<p><span style=\"text-decoration: underline;\">Z citovan\u00e9ho dopisu:<\/span><\/p>\n<p>Pr\u00e1vo na rovnost v d\u016fstojnosti zakl\u00e1d\u00e1 tak\u00e9 pr\u00e1vo na rovnost v dob\u00edr\u00e1n\u00ed si t\u00e9to d\u016fstojnosti, a to na p\u0159\u00edklad ve form\u011b vtip\u016f. \u00a0Vtip, anekdota, p\u0159\u00edpadn\u011b f\u00f3r, jak prav\u00ed wikipedie, je \u201ekr\u00e1tk\u00e9 vypr\u00e1v\u011bn\u00ed, jeho\u017e \u00fa\u010delem je pobavit p\u0159\u00edjemce a je obvykle zalo\u017een na dvojzna\u010dnosti, absurdit\u011b nebo paradoxu, je stru\u010dn\u00fd a sm\u011b\u0159uje k v\u00fdrazn\u00e9 a \u00fadern\u00e9 point\u011b \u2026 Vtip je v sou\u010dasn\u00e9 dob nejroz\u0161\u00ed\u0159en\u011bj\u0161\u00ed formou folkl\u00f3ru a s jeho p\u0159isp\u011bn\u00edm lze hovo\u0159it o tabuizovan\u00fdch t\u00e9matech.\u201c \u00a0D\u016fle\u017eitost vtipu, satiry a nads\u00e1zky tak\u00e9 opakovan\u011b zd\u016fraznil ve sv\u00fdch judik\u00e1tech Evropsk\u00fd soud pro lidsk\u00e1 pr\u00e1va, kter\u00fd se zaob\u00edral vtipem a satirou v r\u00e1mci sv\u00e9ho posuzov\u00e1n\u00ed pr\u00e1va na svobodu slova. \u00a0Jeliko\u017e vtip je liter\u00e1rn\u00edm \u00fatvarem, tedy um\u011bleck\u00fdm v\u00fdrazem, beze zbytku se na n\u011bj vztahuje p\u0159\u00edm\u00e1 aplikace \u010dl. 10 Evropsk\u00e9 \u00famluvy o ochran\u011b lidsk\u00fdch pr\u00e1v a z\u00e1kladn\u00edch svobod a to, s ohledem na n\u00ed\u017ee uveden\u00e9, zejm\u00e9na s p\u0159ihl\u00e9dnut\u00edm k aktu\u00e1ln\u00edmu rozsudku Velk\u00e9ho sen\u00e1tu ESLP ve v\u011bci Morice proti Francii ze dne 23. 4. 2015 a Peruzzi proti It\u00e1lii ze dne 30. 6. 2015.\u00a0<\/p>\n<p>Z dom\u00e1c\u00ed judikatury \u00dastavn\u00edho soudu \u010cR samoz\u0159ejm\u011b nelze opominout rozhodnut\u00ed sp. zn. I \u00daS 2246\/12 ze dne 17. 4. 2014 ve v\u011bci Mgr. Petry Paroubkov\u00e9 proti RINGIER \u010cR, a.s., kde \u00dastavn\u00ed soud konstatoval, \u017ee \u201e&#8230;ka\u017ed\u00fd n\u00e1zor, stanovisko, nebo kritika, vyj\u00e1d\u0159en\u00e9 jakoukoli, i symbolickou formou, jsou vzhledem k v\u00fdznamu svobody projevu v demokratick\u00e9m pr\u00e1vn\u00edm st\u00e1t\u011b z\u00e1sadn\u011b p\u0159\u00edpustn\u00e9 a jak\u00e9koli omezen\u00ed t\u00e9to svobody je proto v\u00fdjimkou, kterou je nutno interpretovat p\u0159\u00edsn\u011b restriktivn\u011b a lze ji ospravedlnit jen zvl\u00e1\u0161t\u011b kvalifikovan\u00fdmi okolnostmi.\u201c<\/p>\n<p>Vzhledem k tomu, \u017ee advok\u00e1ti jsou t\u00e9\u017e posuzov\u00e1ni jako osoby ve\u0159ejn\u011b \u010dinn\u00e9, plat\u00ed pro n\u011b (a zde odkazuji na rozhodnut\u00ed \u00dastavn\u00edho soudu proti moj\u00ed osob\u011b, vydan\u00e9 pod sp. zn. I. \u00daS 2830\/15, ze kter\u00e9ho je z\u0159ejm\u00e9, \u017ee advok\u00e1ti nejen\u017ee mus\u00ed sn\u00e9st vy\u0161\u0161\u00ed m\u00edru kritiky, ale mus\u00ed sn\u00e9st i to, \u017ee se o nich vylo\u017een\u011b l\u017ee) ve sm\u011bru ke vtip\u016fm a sati\u0159e to, co plat\u00ed pro satiru a vtipy politick\u00e9. \u00a0I \u00dastavn\u00ed soud spr\u00e1vn\u011b ve sv\u00e9m mnou shora uveden\u00e9m rozhodnut\u00ed poukazuje na \u201e&#8230;judikaturu \u00a0nejinspirativn\u011bj\u0161\u00edho soudu v euroatlantick\u00e9 oblasti, Nejvy\u0161\u0161\u00edho soudu USA, nejpozd\u011bji od kauzy New York Times Co. v. Sullivan 376 U. S. 254 (1964), jako\u017e i Evropsk\u00e9ho soudu pro lidsk\u00e1 pr\u00e1va (nap\u0159. v\u011bc Lingens proti Rakousku) \u010di n\u011bmeck\u00e9ho Spolkov\u00e9ho \u00fastavn\u00edho soudu. Nadnesen\u00e9 a p\u0159eh\u00e1n\u011bj\u00edc\u00ed n\u00e1zory, polemick\u00e1, kontroverzn\u00ed, \u010di \u0161okuj\u00edc\u00ed tvrzen\u00ed, zahrnuj\u00edc\u00ed i n\u00e1zory n\u011bkoho ur\u00e1\u017eej\u00edc\u00ed, jsou-li proneseny v \u0161irok\u00e9m r\u00e1mci ve\u0159ejn\u00e9 a politick\u00e9 debaty, jsou n\u00e1zory \u00fastavn\u011b chr\u00e1n\u011bn\u00fdmi. V souladu s uvedenou judikaturou se svoboda projevu vztahuje nejen na informace nebo my\u0161lenky, jako\u017e i um\u011bleck\u00e1 d\u00edla p\u0159\u00edzniv\u011b p\u0159ij\u00edman\u00e1 \u010di pova\u017eovan\u00e1 za ne\u0161kodn\u00e1 \u010di bezv\u00fdznamn\u00e1, ale i na ta, kter\u00e1 zra\u0148uj\u00ed, \u0161okuj\u00ed nebo znepokojuj\u00ed: tak to vy\u017eaduje pluralita, tolerance a duch otev\u0159enosti, bez kter\u00fdch, jak lidstvo v d\u011bjin\u00e1ch poznalo, nen\u00ed demokratick\u00e9 spole\u010dnosti.\u201c<\/p>\n<p>Ov\u0161em za t\u00e9to situace, v\u00e1\u017een\u00fd pane p\u0159edsedo, kdy p\u0159\u00edpustnost vtip\u016f o advok\u00e1tech je pr\u00e1vn\u011b zcela zaji\u0161t\u011bna a podlo\u017eena, musela jsem zkonstatovat existenci onoho diskrimina\u010dn\u00edho prvku, kter\u00fdm jsme my, advok\u00e1ti, posti\u017eeni. A\u010dkoliv existuj\u00ed rozs\u00e1hl\u00e9 sb\u00edrky vtip\u016f, kter\u00fdm samoz\u0159ejm\u011b v\u00e9vod\u00ed vtipy o \u017didech (nejl\u00e9pe vypravovan\u00e9 samotn\u00fdmi \u017didy, jak o tom sv\u011bd\u010d\u00ed na p\u0159\u00edklad sb\u00edrka \u017eidovsk\u00fdch anekdot otce zn\u00e1m\u00e9ho socha\u0159e Jaroslava R\u00f3ny, Bed\u0159icha R\u00f3ny, kter\u00e1 vy\u0161la v roce 1999), a\u010dkoliv existuj\u00ed vtipy o Pep\u00ed\u010dkovi, blond\u00fdn\u00e1ch, policistech, politic\u00edch, o lordech, tch\u00fdn\u00edch, homosexu\u00e1lech a sexu obecn\u011b, ba dokonce i o Cik\u00e1nech\/R\u00f3mech, o n\u00e1s, advok\u00e1tech, \u017e\u00e1dn\u00e9 vtipy nejsou! Nejsou jako samostatn\u00e1 kategorie v rozs\u00e1hl\u00fdch internetov\u00fdch datab\u00e1z\u00edch, kter\u00e9 se jen ob\u010dasn\u011b vzmohou na n\u011bjak\u00e9 vtipy o pr\u00e1vn\u00edch v\u0161eobecn\u011b, t\u00edm m\u00e9n\u011b jsou jako samostatn\u011b vydan\u00e9 sb\u00edrky vtip\u016f.<\/p>\n<p>Tuto situaci jsem pr\u00e1v\u011b s ohledem na \u010dl. 1 Listiny pova\u017eovala za d\u00e1le ji\u017e zcela ne\u00fanosnou. V\u017edy\u0165 my, advok\u00e1ti, jsme opravdu diskriminov\u00e1ni t\u00edm, \u017ee se o n\u00e1s ned\u011blaj\u00ed ani vtipy! Proto\u017ee jsem zn\u00e1m\u00e1 t\u00edm, \u017ee jak\u00e1koliv nespravedlnost mi vad\u00ed, a diskriminace zejm\u00e9na, rozhodla jsem se tomuto neakceptovateln\u011b diskrimina\u010dn\u00edmu p\u0159\u00edstupu \u010desk\u00e9 ve\u0159ejnosti \u010delit s osobn\u00edm nasazen\u00edm. S p\u00edl\u00ed mi vlastn\u00ed jsem sebrala od sv\u00fdch p\u0159\u00e1tel nap\u0159\u00ed\u010d kontinenty, jako\u017e i z internetu v n\u011bkolika jazyc\u00edch vtipy speci\u00e1ln\u011b o advok\u00e1tech. S l\u00edtost\u00ed mus\u00edm konstatovat, \u017ee je jich m\u00e1lo: poda\u0159ilo se mi jich identifikovat pouze 111. V\u011b\u0159\u00edm v\u0161ak, \u017ee ka\u017ed\u00fd krok, zejm\u00e9na ten prvn\u00ed, v zastaven\u00ed diskrimina\u010dn\u00edch praktik m\u00e1 svou cenu a \u017ee s pomoc\u00ed ve\u0159ejnosti, v jej\u00ed\u017e \u0161irokou pomoc douf\u00e1m, se mi z\u00e1hy poda\u0159\u00ed sb\u00edrku roz\u0161\u00ed\u0159it a vydat v dal\u0161\u00edch nov\u00fdch roz\u0161\u00ed\u0159en\u00fdch vyd\u00e1n\u00edch.<\/p>\n<p>V\u011b\u0159\u00edm tak\u00e9, \u017ee do m\u00e9ho \u00fasil\u00ed za zrovnopr\u00e1vn\u011bn\u00ed advok\u00e1t\u016f coby skupiny osob, kter\u00e1 m\u00e1 pr\u00e1vo na to, aby se o n\u00ed \u0161\u00ed\u0159ily vtipy, se \u0161iroce zapoj\u00ed i soudy, kter\u00fdm v\u0161em samoz\u0159ejm\u011b kn\u00ed\u017ee\u010dku vtip\u016f roze\u0161lu. Douf\u00e1m, \u017ee sp\u0159\u00edzn\u011bn\u00fd soudcovsk\u00fd stav mi poskytne dal\u0161\u00ed mno\u017estv\u00ed \u017e\u00e1dan\u00e9 materie, p\u0159i\u010dem\u017e z\u00e1rove\u0148 dojde k pos\u00edlen\u00ed postaven\u00ed advok\u00e1ta u soud\u016f v roli amici curiae.<\/p>\n<p>V\u00e1\u017een\u00fd pane p\u0159edsedo, v p\u0159\u00edloze si dovoluji V\u00e1m zaslat dva v\u00fdtisky sv\u00e9 bro\u017eurky, jednu osobn\u011b pro V\u00e1s, jednu pak do odborn\u00e9 knihovny \u010cesk\u00e9 advok\u00e1tn\u00ed komory, jej\u00ed\u017e kni\u017en\u00ed fond bude takto obohacen. Pokud byste uva\u017eovali o p\u0159ilo\u017een\u00ed moj\u00ed bro\u017eurky k n\u011bkter\u00e9mu z v\u00fdtisk\u016f Bulletinu advokacie, co\u017e by zajist\u00e9 pos\u00edlilo soudr\u017enost advok\u00e1tn\u00edho stavu, jsem p\u0159ipravena svoje d\u00edlo poskytnout sv\u00e9 domovsk\u00e9 komo\u0159e za mimo\u0159\u00e1dnou, tak\u0159ka re\u017eijn\u00ed cenu.<\/p>\n<p>\u00a0<\/p>\n<p>JUDr. Kl\u00e1ra A. Samkov\u00e1, Ph.D.<\/p>\n<p>\u00a0<\/p>\n<p>\u00a0<img loading=\"lazy\" class=\" size-full wp-image-180\" src=\"https:\/\/jananews.cz\/wp-content\/uploads\/2016\/07\/samkova_kniha111advokativtipy.jpg\" alt=\"\" width=\"340\" height=\"480\" srcset=\"https:\/\/jananews.cz\/wp-content\/uploads\/2016\/07\/samkova_kniha111advokativtipy.jpg 340w, https:\/\/jananews.cz\/wp-content\/uploads\/2016\/07\/samkova_kniha111advokativtipy-213x300.jpg 213w\" sizes=\"(max-width: 340px) 100vw, 340px\" \/><\/p>\n<p>\u00a0<\/p>\n<p>\u00a0<\/p>\n<p>\u00a0<\/p>\n<p>\u00a0<\/p>\n<p>\u00a0<\/p>\n<p>\u00a0<\/p>\n<p>\u00a0<\/p>\n<p>\u00a0<\/p>\n<p>\u00a0<\/p>\n<p>\u00a0<\/p>\n","protected":false},"excerpt":{"rendered":"<p>PRAHA &#8211; Zn\u00e1m\u00e1\u00a0advok\u00e1tka JUDr. Kl\u00e1ra Samkov\u00e1 vydala novou knihu &#8222;111 vtip\u016f o advok\u00e1tech&#8220;. &#8222;Jednou z diskriminovan\u00fdch skupin jsou tak\u00e9 advok\u00e1ti, kte\u0159\u00ed jsou posti\u017eeni t\u00edm, \u017ee, a\u010d jsou u obecn\u00e9ho lidu v nelibosti, jsou tak\u0159ka vylou\u010deni ze vtipkov\u00e1n\u00ed. Vtip, satira a posm\u011b\u0161ky jsou p\u0159itom z\u00e1kladn\u00ed a zejm\u00e9na v \u010cech\u00e1ch neodmyslitelnou sou\u010d\u00e1st\u00ed n\u00e1rodn\u00ed kultury. Tak\u017ee a\u010dkoliv existuj\u00ed<\/p>\n","protected":false},"author":1,"featured_media":180,"comment_status":"open","ping_status":"open","sticky":false,"template":"","format":"standard","meta":[],"categories":[7],"tags":[],"_links":{"self":[{"href":"https:\/\/jananews.cz\/index.php\/wp-json\/wp\/v2\/posts\/181"}],"collection":[{"href":"https:\/\/jananews.cz\/index.php\/wp-json\/wp\/v2\/posts"}],"about":[{"href":"https:\/\/jananews.cz\/index.php\/wp-json\/wp\/v2\/types\/post"}],"author":[{"embeddable":true,"href":"https:\/\/jananews.cz\/index.php\/wp-json\/wp\/v2\/users\/1"}],"replies":[{"embeddable":true,"href":"https:\/\/jananews.cz\/index.php\/wp-json\/wp\/v2\/comments?post=181"}],"version-history":[{"count":0,"href":"https:\/\/jananews.cz\/index.php\/wp-json\/wp\/v2\/posts\/181\/revisions"}],"wp:featuredmedia":[{"embeddable":true,"href":"https:\/\/jananews.cz\/index.php\/wp-json\/wp\/v2\/media\/180"}],"wp:attachment":[{"href":"https:\/\/jananews.cz\/index.php\/wp-json\/wp\/v2\/media?parent=181"}],"wp:term":[{"taxonomy":"category","embeddable":true,"href":"https:\/\/jananews.cz\/index.php\/wp-json\/wp\/v2\/categories?post=181"},{"taxonomy":"post_tag","embeddable":true,"href":"https:\/\/jananews.cz\/index.php\/wp-json\/wp\/v2\/tags?post=181"}],"curies":[{"name":"wp","href":"https:\/\/api.w.org\/{rel}","templated":true}]}}