{"id":185,"date":"2016-08-11T17:19:14","date_gmt":"2016-08-11T15:19:14","guid":{"rendered":"http:\/\/www.jananews.cz\/WP\/index.php\/2016\/08\/11\/jiri-ozzy-kubik-spachal-sebevrazdu\/"},"modified":"2016-08-11T17:19:14","modified_gmt":"2016-08-11T15:19:14","slug":"jiri-ozzy-kubik-spachal-sebevrazdu","status":"publish","type":"post","link":"https:\/\/jananews.cz\/index.php\/2016\/08\/11\/jiri-ozzy-kubik-spachal-sebevrazdu\/","title":{"rendered":"Zn\u00e1m\u00fd po\u0159adatel Ji\u0159\u00ed &#8222;Ozzy&#8220; Kub\u00edk sp\u00e1chal sebevra\u017edu"},"content":{"rendered":"<p>PRAHA &#8211; Zn\u00e1m\u00fd po\u0159adatel koncert\u016f Ji\u0159\u00ed &#8222;Ozzy&#8220; Kub\u00edk podle neofici\u00e1ln\u00edho zdroje sp\u00e1chal 9. srpna 2016 ve v\u011bku 54 let sebevra\u017edu. Na soci\u00e1ln\u00edch s\u00edt\u00edch se spekuluje, \u017ee d\u016fvodem byly finan\u010dn\u00ed probl\u00e9my po\u0159adatele. Posledn\u00edho j\u00edm po\u0159\u00e1dan\u00e9ho koncertu britsk\u00e9 kapely MARILLION se ji\u017e Kub\u00edk nedo\u017eil, koncertu se nez\u00fa\u010dastnil a ve stejn\u00fd den ve ve\u010dern\u00edch hodin\u00e1ch bylo jeho t\u011blo nalezeno v lese.<\/p>\n<p>  <!--more-->  <\/p>\n<p>Kub\u00edk byl \u0161irok\u00e9 ve\u0159ejnosti zn\u00e1m tak\u00e9 jako organiz\u00e1tor autobusov\u00fdch z\u00e1jezd\u016f na koncerty konan\u00e9 v evropsk\u00fdch zem\u00edch pod jeho agenturou Ozzy a Potkan.<\/p>\n<p>Zdroj: soci\u00e1ln\u00ed s\u00edt\u011b<\/p>\n<p>Text a foto: Jana Henychov\u00e1<\/p>\n<p><img loading=\"lazy\" class=\" size-full wp-image-184\" src=\"https:\/\/jananews.cz\/wp-content\/uploads\/2016\/08\/ozzy.jpg\" alt=\"\" width=\"454\" height=\"539\" srcset=\"https:\/\/jananews.cz\/wp-content\/uploads\/2016\/08\/ozzy.jpg 806w, https:\/\/jananews.cz\/wp-content\/uploads\/2016\/08\/ozzy-252x300.jpg 252w, https:\/\/jananews.cz\/wp-content\/uploads\/2016\/08\/ozzy-768x913.jpg 768w\" sizes=\"(max-width: 454px) 100vw, 454px\" \/><\/p>\n<p>\u00a0<\/p>\n","protected":false},"excerpt":{"rendered":"<p>PRAHA &#8211; Zn\u00e1m\u00fd po\u0159adatel koncert\u016f Ji\u0159\u00ed &#8222;Ozzy&#8220; Kub\u00edk podle neofici\u00e1ln\u00edho zdroje sp\u00e1chal 9. srpna 2016 ve v\u011bku 54 let sebevra\u017edu. Na soci\u00e1ln\u00edch s\u00edt\u00edch se spekuluje, \u017ee d\u016fvodem byly finan\u010dn\u00ed probl\u00e9my po\u0159adatele. Posledn\u00edho j\u00edm po\u0159\u00e1dan\u00e9ho koncertu britsk\u00e9 kapely MARILLION se ji\u017e Kub\u00edk nedo\u017eil, koncertu se nez\u00fa\u010dastnil a ve stejn\u00fd den ve ve\u010dern\u00edch hodin\u00e1ch bylo jeho t\u011blo<\/p>\n","protected":false},"author":1,"featured_media":184,"comment_status":"open","ping_status":"open","sticky":false,"template":"","format":"standard","meta":[],"categories":[7],"tags":[],"_links":{"self":[{"href":"https:\/\/jananews.cz\/index.php\/wp-json\/wp\/v2\/posts\/185"}],"collection":[{"href":"https:\/\/jananews.cz\/index.php\/wp-json\/wp\/v2\/posts"}],"about":[{"href":"https:\/\/jananews.cz\/index.php\/wp-json\/wp\/v2\/types\/post"}],"author":[{"embeddable":true,"href":"https:\/\/jananews.cz\/index.php\/wp-json\/wp\/v2\/users\/1"}],"replies":[{"embeddable":true,"href":"https:\/\/jananews.cz\/index.php\/wp-json\/wp\/v2\/comments?post=185"}],"version-history":[{"count":0,"href":"https:\/\/jananews.cz\/index.php\/wp-json\/wp\/v2\/posts\/185\/revisions"}],"wp:featuredmedia":[{"embeddable":true,"href":"https:\/\/jananews.cz\/index.php\/wp-json\/wp\/v2\/media\/184"}],"wp:attachment":[{"href":"https:\/\/jananews.cz\/index.php\/wp-json\/wp\/v2\/media?parent=185"}],"wp:term":[{"taxonomy":"category","embeddable":true,"href":"https:\/\/jananews.cz\/index.php\/wp-json\/wp\/v2\/categories?post=185"},{"taxonomy":"post_tag","embeddable":true,"href":"https:\/\/jananews.cz\/index.php\/wp-json\/wp\/v2\/tags?post=185"}],"curies":[{"name":"wp","href":"https:\/\/api.w.org\/{rel}","templated":true}]}}