{"id":187,"date":"2016-08-17T11:32:50","date_gmt":"2016-08-17T09:32:50","guid":{"rendered":"http:\/\/www.jananews.cz\/WP\/index.php\/2016\/08\/17\/recenze-black-light-name-of-the-one\/"},"modified":"2016-08-17T11:32:50","modified_gmt":"2016-08-17T09:32:50","slug":"recenze-black-light-name-of-the-one","status":"publish","type":"post","link":"https:\/\/jananews.cz\/index.php\/2016\/08\/17\/recenze-black-light-name-of-the-one\/","title":{"rendered":"BLACK LIGHT &#8211; &#8222;Name of the One&#8220;"},"content":{"rendered":"<p>KO\u0160ICE &#8211; Ko\u0161ick\u00e1 extr\u00e9mn\u00ed hudebn\u00ed sc\u00e9na m\u011bla a m\u00e1 svoj\u00ed neoddiskutovatelnou tradici a i v dne\u0161n\u00ed dob\u011b chrl\u00ed ze sv\u00e9ho ch\u0159t\u00e1nu velice zaj\u00edmav\u00e9 formace. Nastupuj\u00edc\u00ed generace, v tomto p\u0159\u00edpad\u011b sdru\u017een\u00e1 pod n\u00e1zvem Black Light, p\u0159ipravila dva roky od zalo\u017een\u00ed a rok po lo\u0148sk\u00e9m bezejmenn\u00e9m EP svoje debutov\u00e9 album, \u010d\u00edtaj\u00edc\u00ed porci rovn\u00fdch osmi z\u00e1\u0159ez\u016f. K dispozici v\u00fdhradn\u011b na st\u0159\u00edbrn\u00e9m kotou\u010di.<\/p>\n<p>  <!--more-->  <\/p>\n<p>BLACK LIGHT &#8211; &#8222;Name of the One&#8220;<br \/>CD-JEWEL BOX (10.09.2016)<\/p>\n<p>01. Muselmanner 3:50<br \/>02. Locked 2:39<br \/>03. Name of the One 3:33<br \/>04. Breeze (18:49) 4:05<br \/>05. Rain 3:51<br \/>06. Indecisive Face 2:25<br \/>07. Under Cage 2:27<br \/>08. When? 3:44<\/p>\n<p>Hudba: Mat\u00fa\u0161 Ml\u00edch, Marek \u017delezn\u00edk, Patrik \u0160edo<br \/>Texty: Martin &#8222;Wevo&#8220; Tom\u00e1\u0161, Mat\u00fa\u0161 Ml\u00edch, Tom\u00e1\u0161 &#8222;Kili&#8220; Kilian<\/p>\n<p>Nahr\u00e1van\u00e9 v \u0161t\u00fadiu S32 v obdob\u00ed marec &#8211; j\u00fan 2016<br \/>Mix a mastering: Juraj Ivan<br \/>Produkcia: Juraj Ivan a Black Light<\/p>\n<p>Cover art: Peter Ml\u00edch<br \/>Grafick\u00fd dizajn: Roland Kilian &amp; Studna (Bajonet)<\/p>\n<p>Host\u00e9:<br \/>Lucia Benkov\u00e1 &#8211; \u010delo<br \/>Anna K\u00f6telesov\u00e1 &#8211; husle<\/p>\n<p>BLACK LIGHT:<br \/>Mat\u00fa\u0161 Ml\u00edch &#8211; s\u00f3lova gitara, husle<br \/>Tom\u00e1\u0161 &#8222;Kili&#8220; Kilian &#8211; basa<br \/>Marek \u017delezn\u00edk &#8211; bicie<br \/>Martin &#8222;Wevo&#8220; Tom\u00e1\u0161 &#8211; rytmick\u00e1 gitara\/spev<\/p>\n<p>Black Light:<br \/><a href=\"http:\/\/bandzone.cz\/blacklightke\">http:\/\/bandzone.cz\/blacklightke<\/a><\/p>\n<p>Objedn\u00e1vejte na: <br \/><a href=\"http:\/\/www.supug.cz\">http:\/\/www.supug.cz<\/a><\/p>\n<p>\u00a0<\/p>\n<p>Thomas Kai<\/p>\n<p><img loading=\"lazy\" class=\" size-full wp-image-186\" src=\"https:\/\/jananews.cz\/wp-content\/uploads\/2016\/08\/unnamed.jpg\" alt=\"\" width=\"560\" height=\"561\" srcset=\"https:\/\/jananews.cz\/wp-content\/uploads\/2016\/08\/unnamed.jpg 560w, https:\/\/jananews.cz\/wp-content\/uploads\/2016\/08\/unnamed-300x300.jpg 300w, https:\/\/jananews.cz\/wp-content\/uploads\/2016\/08\/unnamed-150x150.jpg 150w, https:\/\/jananews.cz\/wp-content\/uploads\/2016\/08\/unnamed-100x100.jpg 100w\" sizes=\"(max-width: 560px) 100vw, 560px\" \/><\/p>\n","protected":false},"excerpt":{"rendered":"<p>KO\u0160ICE &#8211; Ko\u0161ick\u00e1 extr\u00e9mn\u00ed hudebn\u00ed sc\u00e9na m\u011bla a m\u00e1 svoj\u00ed neoddiskutovatelnou tradici a i v dne\u0161n\u00ed dob\u011b chrl\u00ed ze sv\u00e9ho ch\u0159t\u00e1nu velice zaj\u00edmav\u00e9 formace. Nastupuj\u00edc\u00ed generace, v tomto p\u0159\u00edpad\u011b sdru\u017een\u00e1 pod n\u00e1zvem Black Light, p\u0159ipravila dva roky od zalo\u017een\u00ed a rok po lo\u0148sk\u00e9m bezejmenn\u00e9m EP svoje debutov\u00e9 album, \u010d\u00edtaj\u00edc\u00ed porci rovn\u00fdch osmi z\u00e1\u0159ez\u016f. K dispozici<\/p>\n","protected":false},"author":1,"featured_media":186,"comment_status":"open","ping_status":"open","sticky":false,"template":"","format":"standard","meta":[],"categories":[7],"tags":[],"_links":{"self":[{"href":"https:\/\/jananews.cz\/index.php\/wp-json\/wp\/v2\/posts\/187"}],"collection":[{"href":"https:\/\/jananews.cz\/index.php\/wp-json\/wp\/v2\/posts"}],"about":[{"href":"https:\/\/jananews.cz\/index.php\/wp-json\/wp\/v2\/types\/post"}],"author":[{"embeddable":true,"href":"https:\/\/jananews.cz\/index.php\/wp-json\/wp\/v2\/users\/1"}],"replies":[{"embeddable":true,"href":"https:\/\/jananews.cz\/index.php\/wp-json\/wp\/v2\/comments?post=187"}],"version-history":[{"count":0,"href":"https:\/\/jananews.cz\/index.php\/wp-json\/wp\/v2\/posts\/187\/revisions"}],"wp:featuredmedia":[{"embeddable":true,"href":"https:\/\/jananews.cz\/index.php\/wp-json\/wp\/v2\/media\/186"}],"wp:attachment":[{"href":"https:\/\/jananews.cz\/index.php\/wp-json\/wp\/v2\/media?parent=187"}],"wp:term":[{"taxonomy":"category","embeddable":true,"href":"https:\/\/jananews.cz\/index.php\/wp-json\/wp\/v2\/categories?post=187"},{"taxonomy":"post_tag","embeddable":true,"href":"https:\/\/jananews.cz\/index.php\/wp-json\/wp\/v2\/tags?post=187"}],"curies":[{"name":"wp","href":"https:\/\/api.w.org\/{rel}","templated":true}]}}