{"id":197,"date":"2016-09-07T20:31:40","date_gmt":"2016-09-07T18:31:40","guid":{"rendered":"http:\/\/www.jananews.cz\/WP\/index.php\/2016\/09\/07\/pratele-poradaji-koncert-pro-zesnuleho-poradatele-jiriho-ozzyho-kubika\/"},"modified":"2016-09-07T20:31:40","modified_gmt":"2016-09-07T18:31:40","slug":"pratele-poradaji-koncert-pro-zesnuleho-poradatele-jiriho-ozzyho-kubika","status":"publish","type":"post","link":"https:\/\/jananews.cz\/index.php\/2016\/09\/07\/pratele-poradaji-koncert-pro-zesnuleho-poradatele-jiriho-ozzyho-kubika\/","title":{"rendered":"P\u0159\u00e1tel\u00e9 po\u0159\u00e1daj\u00ed koncert pro zesnul\u00e9ho po\u0159adatele Ji\u0159\u00edho \u201eOzzyho\u201c Kub\u00edka"},"content":{"rendered":"<p>PLZE\u0147 &#8211; Koncert na po\u010dest zesnul\u00e9ho zn\u00e1m\u00e9ho po\u0159adatele Ji\u0159\u00edho \u201eOzzy\u201c Kub\u00edka se uskute\u010dn\u00ed v \u00fater\u00fd 27. z\u00e1\u0159\u00ed v plze\u0148sk\u00e9m klubu \u0160e\u0159\u00edkovka. Vystoup\u00ed kapely ZNC, PUMPA, CODA a WHITESNAKE REVIVAL. Za\u010d\u00e1tek koncertu \u201eSHOW PRO TEBE\u201c je v 19:00 hodin.<\/p>\n<p>  <!--more-->  <\/p>\n<p>N\u00e1pad uspo\u0159\u00e1dat koncert pro Ji\u0159\u00edho \u201eOzzyho\u201c Kub\u00edka, kter\u00fd dlouhou \u0159adu let po\u0159\u00e1dal koncerty zn\u00e1m\u00fdch zahrani\u010dn\u00edch rockov\u00fdch a metalov\u00fdch kapel, vznikl kr\u00e1tce po jeho tragick\u00e9m \u00famrt\u00ed v \u00fazk\u00e9m kruhu jeho p\u0159\u00e1tel v T\u0159emo\u0161n\u00e9 a Plzni, kde zesnul\u00fd \u017eil. Kdy\u017e s\u00e1m d\u011blal koncerty velk\u00e9mu mno\u017estv\u00ed kapel, pro\u010d jednou neud\u011blat koncert pro n\u011bj, ten \u201eposledn\u00ed\u201c. Koncert lze z ur\u010dit\u00e9ho pohledu ch\u00e1pat i jak\u00fdsi rockov\u00fd pietn\u00ed akt na po\u010dest zesnul\u00e9ho, nebo\u0165 Ji\u0159\u00ed Kub\u00edk m\u011bl velk\u00e9 mno\u017estv\u00ed p\u0159\u00e1tel z \u0159ad hudebn\u00edch fanou\u0161k\u016f i po\u0159adatel\u016f a poh\u0159eb zesnul\u00e9ho po\u0159adatele se konal pouze v \u00fazk\u00e9m kruhu p\u0159\u00e1tel.<\/p>\n<p>\u201eP\u0159\u00e1tel\u00e9, sd\u00edlejte a \u0161i\u0159te tuto informaci&#8230; C\u00edt\u00edme asi v\u0161ichni to stejn\u00e9! Poj\u010fme se sej\u00edt a rozlou\u010dit s Ozzym&#8230; S \u010dlov\u011bkem, kter\u00fd n\u00e1m zp\u016fsoboval tolik radosti a pocitu dob\u0159e nakrmen\u00fdch u\u0161\u00ed! Nikdy na n\u011bj nezapomenu a t\u011b\u0161\u00edm se na V\u00e1s v\u0161echny. V\u00edm, \u017ee tam Ozzy bude s n\u00e1mi,\u201c p\u00ed\u0161e jedna z fanynek na facebookov\u00e9 ud\u00e1losti. \u201eP\u0159ij\u010fte si poslechnout skv\u011blou hudbu a uct\u00edt pam\u00e1tku \u010dlov\u011bka, kter\u00e9ho ka\u017ed\u00fd znal a kter\u00fd toho pro n\u00e1s ud\u011blal jako nikdo jin\u00fd,\u201c p\u00ed\u0161e se v jin\u00e9m koment\u00e1\u0159i.<\/p>\n<p>Od 90. let po\u0159\u00e1dal Ji\u0159\u00ed \u201eOzzy\u201c Kub\u00edk z\u00e1jezdy na zahrani\u010dn\u00ed koncerty pro rockov\u00e9 fanou\u0161ky. Byl zn\u00e1m \u0161irok\u00e9 ve\u0159ejnosti od 90. let tak\u00e9 jako organiz\u00e1tor autobusov\u00fdch z\u00e1jezd\u016f na koncerty konan\u00e9 v evropsk\u00fdch zem\u00edch pod jeho agenturou Ozzy a Potkan. D\u00edky n\u011bmu \u0159ada fanou\u0161k\u016f m\u011bla mo\u017enost b\u00fdt na koncertu sv\u00fdch hudebn\u00edch obl\u00edbenc\u016f. Sou\u010dasn\u011b tak na\u0161el cestu, jak dostat \u010desk\u00e9 fanou\u0161ky k t\u011bmto zahrani\u010dn\u00edm kapel\u00e1m, kdy\u017e by bylo po\u0159\u00e1d\u00e1n\u00ed koncertu v \u010cesk\u00e9 republice z n\u011bjak\u00e9ho d\u016fvodu nemo\u017en\u00e9.<\/p>\n<p>Posledn\u00edho j\u00edm po\u0159\u00e1dan\u00e9ho koncertu britsk\u00e9 kapely MARILLION se ji\u017e Kub\u00edk nez\u00fa\u010dastnil &#8211; ve stejn\u00fd den ve ve\u010dern\u00edch hodin\u00e1ch v dob\u011b kon\u00e1n\u00ed koncertu s nejv\u011bt\u0161\u00ed pravd\u011bpodobnost\u00ed sp\u00e1chal sebevra\u017edu. Jeho t\u011blo bylo nalezeno n\u00e1sledn\u00fd den dopoledne. P\u0159ipom\u00edn\u00e1me, \u017ee Ji\u0159\u00ed \u201eOzzy\u201c Kub\u00edk zem\u0159el 9. srpna 2016 ve v\u011bku 54 let v lese u Horn\u00ed B\u0159\u00edzy na Plze\u0148sku. Na jeho smrti nebylo shled\u00e1no podle kriminalist\u016f ciz\u00ed zavin\u011bn\u00ed. Z \u0159ad jeho p\u0159\u00e1tel vznikl kr\u00e1tce po jeho smrti n\u00e1pad zorganizovat ten posledn\u00ed koncert pr\u00e1v\u011b pro Ji\u0159\u00edho Kub\u00edka. Nenechte si tuto pietn\u00ed akci uj\u00edt.<\/p>\n<p>Ofici\u00e1ln\u00edm partnerem koncertu SHOW PRO TEBE je RADIO BEAT. <br \/>Vstupenky v cen\u011b K\u010d 250 si lze zakoupit t\u011bsn\u011b p\u0159ed koncertem v m\u00edst\u011b kon\u00e1n\u00ed.<br \/>Na tento koncert se akreditace neposkytuj\u00ed.<\/p>\n<p>Adresa klubu \u0160e\u0159\u00edkovka:<br \/>\u0160e\u0159\u00edkov\u00e1 2428\/13, Plze\u0148 2 \u2013 Slovany, V\u00fdchodn\u00ed P\u0159edm\u011bst\u00ed, <a href=\"http:\/\/www.serikovka.cz\">www.serikovka.cz<\/a><\/p>\n<p>Ofici\u00e1ln\u00ed internetov\u00e1 prezentace:<br \/><a href=\"https:\/\/www.facebook.com\/events\/683028831846456\/\">https:\/\/www.facebook.com\/events\/683028831846456\/<\/a><\/p>\n<p>Jana Henychov\u00e1<\/p>\n<p><img loading=\"lazy\" class=\" size-full wp-image-196\" src=\"https:\/\/jananews.cz\/wp-content\/uploads\/2016\/09\/ozzy_koncert.jpg\" alt=\"\" width=\"495\" height=\"707\" srcset=\"https:\/\/jananews.cz\/wp-content\/uploads\/2016\/09\/ozzy_koncert.jpg 672w, https:\/\/jananews.cz\/wp-content\/uploads\/2016\/09\/ozzy_koncert-210x300.jpg 210w\" sizes=\"(max-width: 495px) 100vw, 495px\" \/><\/p>\n","protected":false},"excerpt":{"rendered":"<p>PLZE\u0147 &#8211; Koncert na po\u010dest zesnul\u00e9ho zn\u00e1m\u00e9ho po\u0159adatele Ji\u0159\u00edho \u201eOzzy\u201c Kub\u00edka se uskute\u010dn\u00ed v \u00fater\u00fd 27. z\u00e1\u0159\u00ed v plze\u0148sk\u00e9m klubu \u0160e\u0159\u00edkovka. Vystoup\u00ed kapely ZNC, PUMPA, CODA a WHITESNAKE REVIVAL. Za\u010d\u00e1tek koncertu \u201eSHOW PRO TEBE\u201c je v 19:00 hodin.<\/p>\n","protected":false},"author":1,"featured_media":196,"comment_status":"open","ping_status":"open","sticky":false,"template":"","format":"standard","meta":[],"categories":[7],"tags":[],"_links":{"self":[{"href":"https:\/\/jananews.cz\/index.php\/wp-json\/wp\/v2\/posts\/197"}],"collection":[{"href":"https:\/\/jananews.cz\/index.php\/wp-json\/wp\/v2\/posts"}],"about":[{"href":"https:\/\/jananews.cz\/index.php\/wp-json\/wp\/v2\/types\/post"}],"author":[{"embeddable":true,"href":"https:\/\/jananews.cz\/index.php\/wp-json\/wp\/v2\/users\/1"}],"replies":[{"embeddable":true,"href":"https:\/\/jananews.cz\/index.php\/wp-json\/wp\/v2\/comments?post=197"}],"version-history":[{"count":0,"href":"https:\/\/jananews.cz\/index.php\/wp-json\/wp\/v2\/posts\/197\/revisions"}],"wp:featuredmedia":[{"embeddable":true,"href":"https:\/\/jananews.cz\/index.php\/wp-json\/wp\/v2\/media\/196"}],"wp:attachment":[{"href":"https:\/\/jananews.cz\/index.php\/wp-json\/wp\/v2\/media?parent=197"}],"wp:term":[{"taxonomy":"category","embeddable":true,"href":"https:\/\/jananews.cz\/index.php\/wp-json\/wp\/v2\/categories?post=197"},{"taxonomy":"post_tag","embeddable":true,"href":"https:\/\/jananews.cz\/index.php\/wp-json\/wp\/v2\/tags?post=197"}],"curies":[{"name":"wp","href":"https:\/\/api.w.org\/{rel}","templated":true}]}}