{"id":199,"date":"2016-09-08T08:20:08","date_gmt":"2016-09-08T06:20:08","guid":{"rendered":"http:\/\/www.jananews.cz\/WP\/index.php\/2016\/09\/08\/recenze-vendeta-failure-of-humankind\/"},"modified":"2016-09-08T08:20:08","modified_gmt":"2016-09-08T06:20:08","slug":"recenze-vendeta-failure-of-humankind","status":"publish","type":"post","link":"https:\/\/jananews.cz\/index.php\/2016\/09\/08\/recenze-vendeta-failure-of-humankind\/","title":{"rendered":"VENDETA &#8211; &#8222;Failure of Humankind&#8220;"},"content":{"rendered":"<p>PRAHA &#8211; Prvot\u0159\u00eddn\u00ed thrashov\u00fd v\u00e1lec od na\u0161ich v\u00fdchodn\u00edch soused\u016f se po t\u0159ech letech hl\u00e1s\u00ed se svoj\u00ed druhou deskou. Nov\u00fd materi\u00e1l potvrzuje nesm\u00edrn\u00fd talent t\u011bchto slovensk\u00fdch maniak\u016f a nab\u00edz\u00ed potenci\u00e1l v pravd\u011b mezin\u00e1rodn\u00edho rozsahu. Prvn\u00ed v po\u0159ad\u00ed digipackov\u00e1 emise, n\u00e1sledov\u00e1na klasickou vinylovou n\u00e1lo\u017e\u00ed.<\/p>\n<p>  <!--more-->  <\/p>\n<p>VENDETA &#8211; &#8222;Failure of Humankind&#8220;<br \/>CD-DIGIPACK (09.09.2016)<\/p>\n<p>01. Contagion<br \/>02. Bloodthirsty Beasts<br \/>03. Suicide of Murderer<br \/>04. Madness of Sleep<br \/>05. Children\u00b4s Predators<br \/>06. Painful Desicion<br \/>07. The Failure of Humankind<\/p>\n<p>All music by Vendeta<br \/>Lyrics by Jano Burda<\/p>\n<p>Recorded and mixed at GM Studio, Jablunkov &#8211; Czech republic, march\/may 2016<br \/>Produced by Vendeta and Zden\u011bk &#8222;\u010cepa&#8220; \u010cepi\u010dka<br \/>Engineered, mixed and mastered by Zden\u011bk &#8222;\u010cepa&#8220; \u010cepi\u010dka<br \/>Graphic artwork by M\u00e1Ma (Bajonet) and layout by Nitro (exBajonet)<\/p>\n<p>VENDETA:<br \/>Jano Burda &#8211; Vocals\/Rhytm guitar<br \/>Tom\u00e1\u0161 Kobida &#8211; Lead guitar<br \/>Martin Mariak &#8211; Bass<br \/>Juraj \u010can\u00e1dy &#8211; Drums<\/p>\n<p>Vendeta:<br \/><a href=\"http:\/\/vendetaband.com\">http:\/\/vendetaband.com<\/a><br \/><a href=\"http:\/\/bandzone.cz\/11vendeta11\">http:\/\/bandzone.cz\/11vendeta11<\/a><\/p>\n<p>Objedn\u00e1vejte na: <br \/><a href=\"http:\/\/www.supug.cz\">http:\/\/www.supug.cz<\/a><\/p>\n<p><img loading=\"lazy\" class=\" size-full wp-image-198\" src=\"https:\/\/jananews.cz\/wp-content\/uploads\/2016\/09\/vendeta.jpg\" alt=\"\" width=\"396\" height=\"397\" srcset=\"https:\/\/jananews.cz\/wp-content\/uploads\/2016\/09\/vendeta.jpg 560w, https:\/\/jananews.cz\/wp-content\/uploads\/2016\/09\/vendeta-300x300.jpg 300w, https:\/\/jananews.cz\/wp-content\/uploads\/2016\/09\/vendeta-150x150.jpg 150w, https:\/\/jananews.cz\/wp-content\/uploads\/2016\/09\/vendeta-100x100.jpg 100w\" sizes=\"(max-width: 396px) 100vw, 396px\" \/><\/p>\n","protected":false},"excerpt":{"rendered":"<p>PRAHA &#8211; Prvot\u0159\u00eddn\u00ed thrashov\u00fd v\u00e1lec od na\u0161ich v\u00fdchodn\u00edch soused\u016f se po t\u0159ech letech hl\u00e1s\u00ed se svoj\u00ed druhou deskou. Nov\u00fd materi\u00e1l potvrzuje nesm\u00edrn\u00fd talent t\u011bchto slovensk\u00fdch maniak\u016f a nab\u00edz\u00ed potenci\u00e1l v pravd\u011b mezin\u00e1rodn\u00edho rozsahu. Prvn\u00ed v po\u0159ad\u00ed digipackov\u00e1 emise, n\u00e1sledov\u00e1na klasickou vinylovou n\u00e1lo\u017e\u00ed.<\/p>\n","protected":false},"author":1,"featured_media":198,"comment_status":"open","ping_status":"open","sticky":false,"template":"","format":"standard","meta":[],"categories":[7],"tags":[],"_links":{"self":[{"href":"https:\/\/jananews.cz\/index.php\/wp-json\/wp\/v2\/posts\/199"}],"collection":[{"href":"https:\/\/jananews.cz\/index.php\/wp-json\/wp\/v2\/posts"}],"about":[{"href":"https:\/\/jananews.cz\/index.php\/wp-json\/wp\/v2\/types\/post"}],"author":[{"embeddable":true,"href":"https:\/\/jananews.cz\/index.php\/wp-json\/wp\/v2\/users\/1"}],"replies":[{"embeddable":true,"href":"https:\/\/jananews.cz\/index.php\/wp-json\/wp\/v2\/comments?post=199"}],"version-history":[{"count":0,"href":"https:\/\/jananews.cz\/index.php\/wp-json\/wp\/v2\/posts\/199\/revisions"}],"wp:featuredmedia":[{"embeddable":true,"href":"https:\/\/jananews.cz\/index.php\/wp-json\/wp\/v2\/media\/198"}],"wp:attachment":[{"href":"https:\/\/jananews.cz\/index.php\/wp-json\/wp\/v2\/media?parent=199"}],"wp:term":[{"taxonomy":"category","embeddable":true,"href":"https:\/\/jananews.cz\/index.php\/wp-json\/wp\/v2\/categories?post=199"},{"taxonomy":"post_tag","embeddable":true,"href":"https:\/\/jananews.cz\/index.php\/wp-json\/wp\/v2\/tags?post=199"}],"curies":[{"name":"wp","href":"https:\/\/api.w.org\/{rel}","templated":true}]}}