{"id":201,"date":"2016-09-15T14:02:13","date_gmt":"2016-09-15T12:02:13","guid":{"rendered":"http:\/\/www.jananews.cz\/WP\/index.php\/2016\/09\/15\/jak-byli-senatori-poctivi-ve-vykonu-sve-funkce\/"},"modified":"2016-09-15T14:02:13","modified_gmt":"2016-09-15T12:02:13","slug":"jak-byli-senatori-poctivi-ve-vykonu-sve-funkce","status":"publish","type":"post","link":"https:\/\/jananews.cz\/index.php\/2016\/09\/15\/jak-byli-senatori-poctivi-ve-vykonu-sve-funkce\/","title":{"rendered":"Jak byli sen\u00e1to\u0159i poctiv\u00ed ve v\u00fdkonu sv\u00e9 funkce?"},"content":{"rendered":"<p>PRAHA &#8211; Bl\u00ed\u017e\u00ed se konec dal\u0161\u00edho funk\u010dn\u00edho obdob\u00ed Sen\u00e1tu Parlamentu \u010cesk\u00e9 republiky (P\u010cR). Posledn\u00ed sch\u016fze pl\u00e9na prob\u011bhla koncem srpna a v sou\u010dasnosti ji\u017e naplno b\u011b\u017e\u00ed volebn\u00ed kampa\u0148, ze kter\u00e9 vzejde nov\u00e9 osazenstvo t\u0159etiny horn\u00ed komory.<\/p>\n<p>  <!--more-->  <\/p>\n<p>S hodnocen\u00edm kon\u010d\u00edc\u00edho obdob\u00ed m\u016f\u017eeme zhodnotit pracovitost na\u0161ich sen\u00e1tor\u016f. Pr\u00e1ce sen\u00e1tora z nejv\u011bt\u0161\u00ed \u010d\u00e1sti prob\u00edh\u00e1 v jejich regionech, ze kter\u00fdch vze\u0161li. Na druhou stranu by m\u011bli sen\u00e1to\u0159i n\u00e1sledn\u011b d\u016fsledn\u011b reprezentovat sv\u016fj obvod tak\u00e9 p\u0159i jedn\u00e1n\u00edch v Sen\u00e1tu P\u010cR.<\/p>\n<p>Jejich pilnost m\u016f\u017eeme srovnat dv\u011bma ukazateli, jednak \u00fa\u010dast\u00ed na jedn\u00e1n\u00ed sch\u016fze, nebo p\u0159\u00edmo \u00fa\u010dast\u00ed v s\u00e1le p\u0159i konkr\u00e9tn\u00edch hlasov\u00e1n\u00edch. Na\u0161i sen\u00e1to\u0159i jsou sv\u011bdomit\u00ed a v<br \/>pr\u016fm\u011bru maj\u00ed 74 procentn\u00ed \u00fa\u010dast na hlasov\u00e1n\u00ed p\u0159i jedn\u00e1n\u00edch pl\u00e9na horn\u00ed komory. Nejhor\u0161\u00ed doch\u00e1zku ze v\u0161ech sen\u00e1tor\u016f a sen\u00e1torek m\u011bla pan\u00ed sen\u00e1torka Daniela Filipiov\u00e1. U<br \/>mnoh\u00fdch z absenc\u00ed v\u0161ak mus\u00edme br\u00e1t p\u0159i hodnocen\u00ed ohled na zdrav\u00ed na\u0161ich sen\u00e1torek a sen\u00e1tor\u016f. Z veden\u00ed komory m\u011bla nejslab\u0161\u00ed doch\u00e1zku pan\u00ed m\u00edstop\u0159edsedkyn\u011b Milu\u0161e Horsk\u00e1 s \u0161esti absencemi.<\/p>\n<p>Pouze 10 sen\u00e1tor\u016f v tomto volebn\u00edm obdob\u00ed b\u011bhem 34 jednac\u00edch dn\u016f nezme\u0161kalo ani jeden den. Z veden\u00ed komory to byl pouze m\u00edstop\u0159edseda Sen\u00e1tu Zden\u011bk \u0160kromach. Mezi dal\u0161\u00edmi \u0159adov\u00fdmi sen\u00e1torkami a sen\u00e1tory tak\u00e9 Alena \u0160romov\u00e1, Josef T\u00e1borsk\u00fd, Vladim\u00edr Pla\u010dek, Milo\u0161 Mal\u00fd, V\u00e1clav L\u00e1ska, Lud\u011bk Jeni\u0161ta, Franti\u0161ek Bublan, Franti\u0161ek Brad\u00e1\u010d a sen\u00e1tor Zden\u011bk Berka.<\/p>\n<p>Jak v\u0161ak b\u00fdv\u00e1 patrn\u00e9 z \u017eiv\u00fdch p\u0159enos\u016f jedn\u00e1n\u00ed Parlament\u016f \u010cR, ofici\u00e1ln\u00ed p\u0159\u00edtomnost nemus\u00ed v\u017edy znamenat i re\u00e1lnou p\u0159\u00edtomnost v jednac\u00edm s\u00e1le. Poslanci \u010dasto a r\u00e1di vyu\u017e\u00edvaj\u00ed<br \/>z\u00e1zemn\u00ed Poslaneck\u00e9 sn\u011bmovny s n\u011bkolika restauracemi. Jak je tomu v Sen\u00e1tu?<\/p>\n<p>U t\u011bch nejsv\u011bdomit\u011bj\u0161\u00edch sen\u00e1torek a sen\u00e1tor\u016f se proto zam\u011b\u0159me tak\u00e9 na jejich vytrvalost v dob\u011b jedn\u00e1n\u00ed a jejich p\u0159\u00edtomnost na hlasov\u00e1n\u00ed. V dan\u00e9m volebn\u00edm obdob\u00ed prob\u011bhlo<br \/>celkem 868 hlasov\u00e1n\u00ed, z toho sen\u00e1tor Jeni\u0161ta chyb\u011bl znamenit\u011b pouze u jednoho jedin\u00e9ho hlasov\u00e1n\u00ed za cel\u00e9 dva roky. Hned za n\u00edm s 22 prome\u0161kan\u00fdmi hlasov\u00e1n\u00edmi m\u00edstop\u0159edseda Sen\u00e1tu Zden\u011bk \u0160kromach, co\u017e \u010din\u00ed 97,5 % \u00fa\u010dast. Ned\u00e1vno se nechal p\u0159i jednom\u00a0z rozhovor\u016f sly\u0161et, \u017ee jeho z\u00e1kladn\u00ed kr\u00e9do je, \u017ee \u010dlov\u011bk mus\u00ed d\u011blat v\u0161echno na\u00a0100 procent, v\u010detn\u011b sv\u00e9 pr\u00e1ce volen\u00e9 funkce, proto\u017ee to je v z\u00e1jmu jeho voli\u010d\u016f na ji\u017en\u00ed Morav\u011b. Zd\u00e1 se, \u017ee Zden\u011bk \u0160kromach um\u00ed plnit sv\u00e1 slova. Zda je bude plnit i nov\u00e1 sestava Sen\u00e1tu, uk\u00e1\u017ee \u010das.<\/p>\n<p><img loading=\"lazy\" class=\" size-full wp-image-200\" src=\"https:\/\/jananews.cz\/wp-content\/uploads\/2016\/09\/senat.jpg\" alt=\"\" width=\"467\" height=\"289\" srcset=\"https:\/\/jananews.cz\/wp-content\/uploads\/2016\/09\/senat.jpg 930w, https:\/\/jananews.cz\/wp-content\/uploads\/2016\/09\/senat-300x185.jpg 300w, https:\/\/jananews.cz\/wp-content\/uploads\/2016\/09\/senat-768x475.jpg 768w\" sizes=\"(max-width: 467px) 100vw, 467px\" \/><br \/>(-jh-)<\/p>\n<p><a href=\"http:\/\/www.senat.cz\">www.senat.cz<\/a><\/p>\n<p>\u00a0<\/p>\n<p>\u00a0<\/p>\n","protected":false},"excerpt":{"rendered":"<p>PRAHA &#8211; Bl\u00ed\u017e\u00ed se konec dal\u0161\u00edho funk\u010dn\u00edho obdob\u00ed Sen\u00e1tu Parlamentu \u010cesk\u00e9 republiky (P\u010cR). Posledn\u00ed sch\u016fze pl\u00e9na prob\u011bhla koncem srpna a v sou\u010dasnosti ji\u017e naplno b\u011b\u017e\u00ed volebn\u00ed kampa\u0148, ze kter\u00e9 vzejde nov\u00e9 osazenstvo t\u0159etiny horn\u00ed komory.<\/p>\n","protected":false},"author":1,"featured_media":200,"comment_status":"open","ping_status":"open","sticky":false,"template":"","format":"standard","meta":[],"categories":[9],"tags":[],"_links":{"self":[{"href":"https:\/\/jananews.cz\/index.php\/wp-json\/wp\/v2\/posts\/201"}],"collection":[{"href":"https:\/\/jananews.cz\/index.php\/wp-json\/wp\/v2\/posts"}],"about":[{"href":"https:\/\/jananews.cz\/index.php\/wp-json\/wp\/v2\/types\/post"}],"author":[{"embeddable":true,"href":"https:\/\/jananews.cz\/index.php\/wp-json\/wp\/v2\/users\/1"}],"replies":[{"embeddable":true,"href":"https:\/\/jananews.cz\/index.php\/wp-json\/wp\/v2\/comments?post=201"}],"version-history":[{"count":0,"href":"https:\/\/jananews.cz\/index.php\/wp-json\/wp\/v2\/posts\/201\/revisions"}],"wp:featuredmedia":[{"embeddable":true,"href":"https:\/\/jananews.cz\/index.php\/wp-json\/wp\/v2\/media\/200"}],"wp:attachment":[{"href":"https:\/\/jananews.cz\/index.php\/wp-json\/wp\/v2\/media?parent=201"}],"wp:term":[{"taxonomy":"category","embeddable":true,"href":"https:\/\/jananews.cz\/index.php\/wp-json\/wp\/v2\/categories?post=201"},{"taxonomy":"post_tag","embeddable":true,"href":"https:\/\/jananews.cz\/index.php\/wp-json\/wp\/v2\/tags?post=201"}],"curies":[{"name":"wp","href":"https:\/\/api.w.org\/{rel}","templated":true}]}}