{"id":209,"date":"2016-09-16T11:25:48","date_gmt":"2016-09-16T09:25:48","guid":{"rendered":"http:\/\/www.jananews.cz\/WP\/index.php\/2016\/09\/16\/azzp-konference-k-reforme-pracovniho-uplatneni-ozp\/"},"modified":"2016-09-16T11:25:48","modified_gmt":"2016-09-16T09:25:48","slug":"azzp-konference-k-reforme-pracovniho-uplatneni-ozp","status":"publish","type":"post","link":"https:\/\/jananews.cz\/index.php\/2016\/09\/16\/azzp-konference-k-reforme-pracovniho-uplatneni-ozp\/","title":{"rendered":"AZZP: Konference k reform\u011b pracovn\u00edho uplatn\u011bn\u00ed OZP"},"content":{"rendered":"<p>PRAHA &#8211; Dne 15. z\u00e1\u0159\u00ed 2016 prob\u011bhla v hlavn\u00edm s\u00e1le Sen\u00e1tu P\u010cR pod z\u00e1\u0161titou m\u00edstop\u0159edsedy Zde\u0148ka \u0160kromacha konference tematicky zam\u011b\u0159en\u00e1 na podporu zam\u011bstn\u00e1v\u00e1n\u00ed osob se zdravotn\u00edm posti\u017een\u00edm na trhu pr\u00e1ce. Konferenci pod heslem \u201em\u011bn\u00edme za\u017eit\u00e9 postoje \u2013 Vrac\u00edme zdravotn\u011b posti\u017een\u00e9 na trh pr\u00e1ce\u201c po\u0159\u00e1dala ve spolupr\u00e1ci s partnery Asociace zam\u011bstnavatel\u016f zdravotn\u011b posti\u017een\u00fdch \u010cR.<\/p>\n<p>  <!--more-->  <\/p>\n<p><span style=\"text-decoration: underline;\">Konference se mimo jin\u00e9 z\u00fa\u010dastnili:<\/span> <br \/>Wiesner, z\u00e1stupce KZPS \u010cR, RHSD \u010cR<br \/>Ing. Vladim\u00edr Dlouh\u00fd, CSc., prezident Hospod\u00e1\u0159sk\u00e9 komory \u010cR<br \/>Mgr. V\u00e1clav Kr\u00e1sa, p\u0159edseda NRZP \u010cR<br \/>Prof. MUDr. Jan \u017daloud\u00edk, p\u0159edseda soci\u00e1ln\u00edho v\u00fdboru Sen\u00e1tu P\u010cR<\/p>\n<p><span style=\"text-decoration: underline;\">S hlavn\u00edmi refer\u00e1ty ke kontextu, historii, k dal\u0161\u00edm sm\u011br\u016fm \u0159e\u0161en\u00ed vystoupili:<\/span> <br \/>JUDr. Ji\u0159\u00ed Va\u0148\u00e1sek,\u00a0 n\u00e1m\u011bstek ministryn\u011b pr\u00e1ce a soci\u00e1ln\u00edch v\u011bc\u00ed pro sekci zam\u011bstnanosti<br \/>Ing. Karel Rycht\u00e1\u0159, \u0159editel odboru ZZP S\u010cMVD<br \/>Ing. Zden\u011bk V\u011bchet, p\u0159edseda Kontroln\u00ed komise AZZP<\/p>\n<p><span style=\"text-decoration: underline;\">Ve dvou odborn\u00fdch panelech vystoupili:<br \/><\/span>JUDr. Ji\u0159\u00ed Va\u0148\u00e1sek, n\u00e1m\u011bstek ministryn\u011b pr\u00e1ce a soci\u00e1ln\u00edch v\u011bc\u00ed pro sekci zam\u011bstnanosti<br \/>Mgr. Jan Karmaz\u00edn z\u00e1stupce gener\u00e1ln\u00ed \u0159editelky \u00daP a \u0159editel odboru trhu pr\u00e1ce<br \/>Ing. Marie B\u00edlkov\u00e1, \u0159editelka odboru MF \u010cR<br \/>MUDr. Miroslav Bos\u00e1k, \u0159editel odboru l\u00e9ka\u0159sk\u00e9 posudkov\u00e9 slu\u017eby \u010cSSZ<br \/>Ing. Ji\u0159\u00ed Hlavat\u00fd, sen\u00e1tor, statut\u00e1rn\u00ed \u0159editel a majitel firmy JUTA Dv\u016fr Kr\u00e1lov\u00e9<br \/>JUDr. Rostislav Dvo\u0159\u00e1k, p\u0159edseda S\u010cMVD<br \/>JUDr. Jitka Hejdukov\u00e1, \u0159editelka sekce zam\u011bstnavatelsk\u00e9 Svazu pr\u016fmyslu a dopravy \u010cR<br \/>Ing. Slavoj \u010cegan, jednatel spole\u010dnosti \u010cEGAN s.r.o.<\/p>\n<p>V z\u00e1v\u011bru konference bylo konstatov\u00e1no, \u017ee v\u0161ichni z\u00fa\u010dastn\u011bn\u00ed \u2013 z\u00e1stupci zam\u011bstnavatel\u016f, soci\u00e1ln\u00edch partner\u016f, exekutivy i legislativy u\u010din\u00ed v\u0161e, aby se syst\u00e9m podpory vstupu osob zdravotn\u011b posti\u017een\u00fdch na trh pr\u00e1ce a jejich postaven\u00ed ve spole\u010dnosti zlep\u0161ilo a dostalo se na \u00farove\u0148 okoln\u00edch vysp\u011bl\u00fdch zem\u00ed.<\/p>\n<p><span style=\"text-decoration: underline;\">Z p\u0159\u00edsp\u011bvk\u016f protagonist\u016f konference uv\u00e1d\u00edme:<\/span><\/p>\n<p>Zden\u011bk \u0160kromach, m\u00edstop\u0159edseda Sen\u00e1tu P\u010cR : \u201eJsem velmi r\u00e1d, \u017ee sou\u010dasn\u00e1 vl\u00e1da v\u011bnuje v souladu s \u00fasil\u00edm v\u0161ech soci\u00e1ln\u00edch partner\u016f pozornost n\u00e1vrh\u016fm, o nich\u017e budete jednat, a v\u011b\u0159\u00edm, \u017ee na dosa\u017een\u00e9 d\u00edl\u010d\u00ed n\u00e1vrhy a zm\u011bny v roce 2017 nav\u00e1\u017ee skute\u010dn\u011b komplexn\u00ed reforma. Osobn\u011b jsem p\u0159ipraven nejen podpo\u0159it n\u00e1vrhy, na nich\u017e se\u00a0 shodne\u00a0\u00a0 pro p\u0159\u00ed\u0161t\u00ed rok, ale usilovat o politickou podporu tomuto \u0159e\u0161en\u00ed i v p\u0159\u00ed\u0161t\u00edm obdob\u00ed a podpo\u0159it i p\u0159\u00edpadn\u00e9 legislativn\u00ed zm\u011bny.\u00a0\u00a0 P\u0159eji, aby tato konference op\u011bt\u00a0 byla\u00a0 dal\u0161\u00edm krokem ke zkvalitn\u011bn\u00ed \u017eivota lid\u00ed se zdravotn\u00edm posti\u017een\u00edm a zlep\u0161en\u00ed podm\u00ednek pro jejich uplatn\u011bn\u00ed v b\u011b\u017en\u00e9m \u017eivot\u011b.\u201c<\/p>\n<p>Prof. MUDr. Jan \u017daloud\u00edk, p\u0159edseda soci\u00e1ln\u00edho v\u00fdboru Sen\u00e1tu P\u010cR \u2013 Na poli pracovn\u00edch p\u0159\u00edle\u017eitosti\u00ed a podm\u00ednek OZP je mnoho\u00a0 zapo\u010dat\u00e9ho, ale nedo\u0159e\u0161en\u00e9ho. Jednot\u00edc\u00ed pohled chyb\u00ed. Jde jak o soukrom\u00e9 podniky, tak i o ve\u0159ejnou a neziskovou sf\u00e9ru.\u00a0 K \u0159e\u0161en\u00ed je \u201etzv. flexikurita\u201c , tedy flexibilita nab\u00eddky i sekurita zam\u011bstn\u00e1n\u00ed. N\u00e1\u0161 v\u00fdbor r\u00e1d poskytne prostor k dal\u0161\u00edm jedn\u00e1n\u00edm, bude-li osloven.<\/p>\n<p>Ing. Karel Rycht\u00e1\u0159, \u0159editel odboru ZZP S\u010cMVD : &#8222;Skute\u010dn\u00e1 pracovn\u00ed m\u00edsta OZP jsou sou\u010d\u00e1st\u00ed trhu pr\u00e1ce. A trh pr\u00e1ce je jen jeden a \u0159\u00edd\u00ed se nab\u00eddkou a popt\u00e1vkou a ekonomick\u00fdmi pravidly. Syst\u00e9m podpory nen\u00ed sou\u010d\u00e1st\u00ed soci\u00e1ln\u00ed politiky, ale jej\u00ed nadstavbou.&#8220;<\/p>\n<p>JUDr. Ji\u0159\u00ed Va\u0148\u00e1sek, n\u00e1m\u011bstek ministryn\u011b pr\u00e1ce a soci\u00e1ln\u00edch v\u011bc\u00ed:<\/p>\n<p>\u201eNa\u0161\u00edm spole\u010dn\u00fdm c\u00edlem je efektivn\u00ed trh pr\u00e1ce. Pot\u0159ebujeme funguj\u00edc\u00ed chr\u00e1n\u011bn\u00fd<br \/>trh i voln\u00fd trh pr\u00e1ce, kter\u00e9 na sebe budou navazovat a vz\u00e1jemn\u011b spolupracovat.\u201c<\/p>\n<p>Ing. Zden\u011bk V\u011bchet, p\u0159edseda Kontroln\u00ed komise AZZP: \u201e Na \u010dasov\u00e9 ose reformy se pohybujeme na jej\u00edm \u00fapln\u00e9m po\u010d\u00e1tku. Dojednan\u00e9 zm\u011bny jsou z\u00e1kladn\u00edmi stavebn\u00edmi kameny, na kter\u00fdch bude nov\u00fd koncept podpory vystav\u011bn. Krom\u011b zjednodu\u0161en\u00ed administrativy je v\u00a0 tomto okam\u017eiku nejv\u00fdznamn\u011bj\u0161\u00edm prvkem z\u00e1m\u011bna slo\u017eit\u00e9ho syst\u00e9mu s mnoha restrikcemi za jednoduch\u00fd syst\u00e9m postaven\u00fd na vz\u00e1jemn\u00e9 d\u016fv\u011b\u0159e.<\/p>\n<p>B\u011bhem konference Asociace zam\u011bstnavatel\u016f zdravotn\u011b posti\u017een\u00fdch \u010cR ocenila t\u0159i osobnosti \u2013 JUDr. Petra \u0160imerku, Josefa \u0160ulce a ing. Ji\u0159\u00edho Hlavat\u00e9ho za jejich dlouhodob\u00fd celo\u017eivotn\u00ed p\u0159\u00ednos ke spole\u010densk\u00e9 odpov\u011bdnosti ve prosp\u011bch znev\u00fdhodn\u011bn\u00fdch osob na trhu pr\u00e1ce.<\/p>\n<p>V z\u00e1v\u011bru konference se jej\u00ed \u00fa\u010dastn\u00edci dohodli, \u017ee pro efektivn\u00ed \u0159e\u0161en\u00ed pot\u0159ebujeme politick\u00e9 zad\u00e1n\u00ed a podporu. C\u00edlem je, aby spole\u010dnost kone\u010dn\u011b za\u010dala vn\u00edmat podporu zam\u011bstn\u00e1v\u00e1n\u00ed znev\u00fdhodn\u011bn\u00fdch ne jako prost\u0159ed\u00ed pro spekulace a podvody, ale jako v\u00fdraz spole\u010densk\u00e9 odpov\u011bdnosti \u2013 sou\u010d\u00e1sti podnikatelsk\u00e9 kultury. Integra\u010dn\u00ed soci\u00e1ln\u00ed podnik\u00e1n\u00ed je jednou z cest k tomuto c\u00edli.<\/p>\n<p>Po dne\u0161n\u00ed konferenci budou podle vyj\u00e1d\u0159en\u00ed p\u0159edstavitel\u016f AZZP \u010cR navazovat region\u00e1ln\u00ed akce, jejich\u017e spole\u010dn\u00fdm c\u00edlem je prost\u0159ednictv\u00edm zapojen\u00ed dal\u0161\u00edch partner\u016f z\u00edskat spole\u010denskou a politickou podporu pro navrhovan\u00e9 zm\u011bny syst\u00e9mu.\u00a0\u00a0\u00a0<\/p>\n<p>Zdroj: AZZP<\/p>\n<p>(-jh-)<\/p>\n<p><img loading=\"lazy\" class=\" size-full wp-image-206\" src=\"https:\/\/jananews.cz\/wp-content\/uploads\/2016\/09\/konferenceAZZP1.jpg\" alt=\"\" width=\"468\" height=\"312\" srcset=\"https:\/\/jananews.cz\/wp-content\/uploads\/2016\/09\/konferenceAZZP1.jpg 1024w, https:\/\/jananews.cz\/wp-content\/uploads\/2016\/09\/konferenceAZZP1-300x200.jpg 300w, https:\/\/jananews.cz\/wp-content\/uploads\/2016\/09\/konferenceAZZP1-768x512.jpg 768w\" sizes=\"(max-width: 468px) 100vw, 468px\" \/><\/p>\n<p><img loading=\"lazy\" class=\" size-full wp-image-207\" src=\"https:\/\/jananews.cz\/wp-content\/uploads\/2016\/09\/konferenceAZZP2.jpg\" alt=\"\" width=\"470\" height=\"313\" srcset=\"https:\/\/jananews.cz\/wp-content\/uploads\/2016\/09\/konferenceAZZP2.jpg 1024w, https:\/\/jananews.cz\/wp-content\/uploads\/2016\/09\/konferenceAZZP2-300x200.jpg 300w, https:\/\/jananews.cz\/wp-content\/uploads\/2016\/09\/konferenceAZZP2-768x512.jpg 768w\" sizes=\"(max-width: 470px) 100vw, 470px\" \/><\/p>\n<p><img loading=\"lazy\" class=\" size-full wp-image-208\" src=\"https:\/\/jananews.cz\/wp-content\/uploads\/2016\/09\/konferenceAZZP3.jpg\" alt=\"\" width=\"468\" height=\"312\" srcset=\"https:\/\/jananews.cz\/wp-content\/uploads\/2016\/09\/konferenceAZZP3.jpg 1024w, https:\/\/jananews.cz\/wp-content\/uploads\/2016\/09\/konferenceAZZP3-300x200.jpg 300w, https:\/\/jananews.cz\/wp-content\/uploads\/2016\/09\/konferenceAZZP3-768x512.jpg 768w\" sizes=\"(max-width: 468px) 100vw, 468px\" \/><\/p>\n","protected":false},"excerpt":{"rendered":"<p>PRAHA &#8211; Dne 15. z\u00e1\u0159\u00ed 2016 prob\u011bhla v hlavn\u00edm s\u00e1le Sen\u00e1tu P\u010cR pod z\u00e1\u0161titou m\u00edstop\u0159edsedy Zde\u0148ka \u0160kromacha konference tematicky zam\u011b\u0159en\u00e1 na podporu zam\u011bstn\u00e1v\u00e1n\u00ed osob se zdravotn\u00edm posti\u017een\u00edm na trhu pr\u00e1ce. Konferenci pod heslem \u201em\u011bn\u00edme za\u017eit\u00e9 postoje \u2013 Vrac\u00edme zdravotn\u011b posti\u017een\u00e9 na trh pr\u00e1ce\u201c po\u0159\u00e1dala ve spolupr\u00e1ci s partnery Asociace zam\u011bstnavatel\u016f zdravotn\u011b posti\u017een\u00fdch \u010cR.<\/p>\n","protected":false},"author":1,"featured_media":206,"comment_status":"open","ping_status":"open","sticky":false,"template":"","format":"standard","meta":[],"categories":[9],"tags":[],"_links":{"self":[{"href":"https:\/\/jananews.cz\/index.php\/wp-json\/wp\/v2\/posts\/209"}],"collection":[{"href":"https:\/\/jananews.cz\/index.php\/wp-json\/wp\/v2\/posts"}],"about":[{"href":"https:\/\/jananews.cz\/index.php\/wp-json\/wp\/v2\/types\/post"}],"author":[{"embeddable":true,"href":"https:\/\/jananews.cz\/index.php\/wp-json\/wp\/v2\/users\/1"}],"replies":[{"embeddable":true,"href":"https:\/\/jananews.cz\/index.php\/wp-json\/wp\/v2\/comments?post=209"}],"version-history":[{"count":0,"href":"https:\/\/jananews.cz\/index.php\/wp-json\/wp\/v2\/posts\/209\/revisions"}],"wp:featuredmedia":[{"embeddable":true,"href":"https:\/\/jananews.cz\/index.php\/wp-json\/wp\/v2\/media\/206"}],"wp:attachment":[{"href":"https:\/\/jananews.cz\/index.php\/wp-json\/wp\/v2\/media?parent=209"}],"wp:term":[{"taxonomy":"category","embeddable":true,"href":"https:\/\/jananews.cz\/index.php\/wp-json\/wp\/v2\/categories?post=209"},{"taxonomy":"post_tag","embeddable":true,"href":"https:\/\/jananews.cz\/index.php\/wp-json\/wp\/v2\/tags?post=209"}],"curies":[{"name":"wp","href":"https:\/\/api.w.org\/{rel}","templated":true}]}}