{"id":211,"date":"2016-09-24T01:14:12","date_gmt":"2016-09-23T23:14:12","guid":{"rendered":"http:\/\/www.jananews.cz\/WP\/index.php\/2016\/09\/24\/voxel-a-pokac-kamaradi-pisnickari-vyrazeji-na-tour-co-sedne\/"},"modified":"2016-09-24T01:14:12","modified_gmt":"2016-09-23T23:14:12","slug":"voxel-a-pokac-kamaradi-pisnickari-vyrazeji-na-tour-co-sedne","status":"publish","type":"post","link":"https:\/\/jananews.cz\/index.php\/2016\/09\/24\/voxel-a-pokac-kamaradi-pisnickari-vyrazeji-na-tour-co-sedne\/","title":{"rendered":"Voxel a Pok\u00e1\u010d, kamar\u00e1di p\u00edsni\u010dk\u00e1\u0159i, vyr\u00e1\u017eej\u00ed na Tour, co sedne"},"content":{"rendered":"<p>PRAHA &#8211; P\u00edsni\u010dk\u00e1\u0159i VOXEL a POK\u00c1\u010c po spolupr\u00e1ci na Voxelov\u00fdch albech a n\u011bkolika spole\u010dn\u00fdch p\u00edsn\u00edch vyraz\u00ed koncem \u0159\u00edjna na po\u010detn\u00e9 podzimn\u00ed Tour, co sedne. To u\u017e n\u011bkolik m\u011bs\u00edc\u016f p\u0159ed za\u010d\u00e1tkem hl\u00e1s\u00ed na n\u011bkolika zast\u00e1vk\u00e1ch vyprod\u00e1no!<\/p>\n<p>  <!--more-->  <\/p>\n<p>Akustick\u00e9 koncerty budou m\u00edt jak\u00fdsi rodinn\u00fd charakter, v\u0161echny budou na sezen\u00ed a z\u00e1m\u011brem um\u011blc\u016f je b\u00fdt si se sv\u00fdmi p\u0159\u00edznivci bl\u00edzko, aby m\u011bli v\u0161ichni zkr\u00e1tka pocit, \u017ee si je p\u00e1nov\u00e9 pozvali k sob\u011b dom\u016f na n\u00e1v\u0161t\u011bvu. \u201eVrac\u00edme se po \u0161\u00edlen\u00e9m koncertn\u00edm l\u00e9t\u011b do klub\u016f a nem\u016f\u017eeme se do\u010dkat! S koup\u00ed l\u00edstk\u016f rad\u0161i ne\u010dekejte, nap\u0159. oba pra\u017esk\u00e9 a jeden brn\u011bnsk\u00fd koncert jsou ji\u017e te\u010f vyprod\u00e1ny,\u201c vyz\u00fdv\u00e1 Voxel a Pok\u00e1\u010d dod\u00e1v\u00e1: \u201eNa tour se hrozn\u011b t\u011b\u0161\u00edme! Lidi mohli vybrat zast\u00e1vky, nyn\u00ed m\u016f\u017eou na facebooku sami tvo\u0159it n\u00e1\u0161 playlist a nav\u00edc je po koncert\u011b nebudou bolet nohy. Co v\u00edc si p\u0159\u00e1t! \uf04a\u201c Reperto\u00e1r je postaven na s\u00f3lov\u00fdch p\u00edsni\u010dk\u00e1ch obou protagonist\u016f i na n\u011bkolika duetech, nap\u0159. Ekosong a Zejtra je taky den. Jak zn\u00e1mo, Voxel a Pok\u00e1\u010d spolu tvo\u0159\u00ed ji\u017e d\u00e1vno autorskou dvojici, kdy Voxelovou dom\u00e9nou je str\u00e1nka hudebn\u00ed a Pok\u00e1\u010d vym\u00fd\u0161l\u00ed texty.<\/p>\n<p>Voxel pat\u0159\u00ed k nejv\u00fdrazn\u011bj\u0161\u00edm hudebn\u00edk\u016fm nov\u00e9 generace. Za sv\u016fj debut All Boom! z\u00edskal hned n\u011bkolik ocen\u011bn\u00ed, stal se nap\u0159\u00edklad Hv\u011bzdou internetu v\u00a0 anket\u011b \u010cesk\u00fd slav\u00edk 2014, objevem \u00d3\u010dka pro rok 2013, na cen\u00e1ch And\u011bl 2014 byl nominov\u00e1n v kategorii Objev roku&#8230; V roce 2015 vydal druh\u00e9 album Mot\u00fdl\u00ed efekt, kolekci folk-popov\u00fdch p\u00edsn\u00ed, mezi kter\u00fdmi nechyb\u011bly ani hity \u2013 V na\u0161\u00ed ulici (aktu\u00e1ln\u011b s v\u00edce ne\u017e 6 mili\u00f3ny zhl\u00e9dnut\u00ed na YouTube!), Jednou a V \u010dase zp\u00e1tky. Mimo\u0159\u00e1dn\u00fd talent za\u010d\u00ednal bl\u00ed\u017ee popu, ale postupem \u010dasu sm\u011b\u0159uje k osobit\u00e9mu kytarov\u00e9mu p\u00edsni\u010dk\u00e1\u0159stv\u00ed. Na koncertech podobn\u011b jako t\u0159eba Ed Sheeran bav\u00ed publikum s vyu\u017eit\u00edm chytr\u00fdch krabi\u010dek a efekt\u016f.<\/p>\n<p>Pok\u00e1\u010d, vlastn\u00edm jm\u00e9nem Jan Pokorn\u00fd, sebeironicky charakterizuje sv\u016fj styl jako \u201enepoveden\u00fd pokus o folk, p\u0159\u00edpadn\u011b nezda\u0159en\u00fd pokus o hudbu\u201c. Jeho dosavadn\u00ed tvorba potvrzuje, \u017ee jde jednozna\u010dn\u011b o nads\u00e1zku. Pok\u00e1\u010d \u201efunguje\u201c p\u0159edev\u0161\u00edm na YouTube. Mezi mnoh\u00fdmi zaujala p\u00edsni\u010dka Poh\u00e1dka, ke kter\u00e9 dokonce kdosi vytvo\u0159il Minecraft klip, kter\u00fd ji\u017e nasb\u00edral p\u0159es milion zhl\u00e9dnut\u00ed, stejn\u011b jako Pok\u00e1\u010d\u016fv klip k debutov\u00e9mu singlu Vyml\u00e1cen\u00fd Entry.<\/p>\n<p>Tour, co sedne \u2013 POZV\u00c1NKA &#8211; <a href=\"https:\/\/youtu.be\/c1-ZZPnz__Y\">https:\/\/youtu.be\/c1-ZZPnz__Y<\/a><\/p>\n<p>Voxel a Pok\u00e1\u010d \u2013 Zejtra je taky den <a href=\"https:\/\/youtu.be\/XZOwx9glvGE\">https:\/\/youtu.be\/XZOwx9glvGE<\/a> ; Ekosong <a href=\"https:\/\/youtu.be\/jUgp_29hUxM\">https:\/\/youtu.be\/jUgp_29hUxM<\/a> <br \/>Voxel \u2013 V na\u0161\u00ed ulici <a href=\"https:\/\/youtu.be\/DQJVkEMs6Rk\">https:\/\/youtu.be\/DQJVkEMs6Rk<\/a>\u00a0\u00a0\u00a0\u00a0 <br \/>Pok\u00e1\u010d \u2013 Vyml\u00e1cen\u00fd Entry <a href=\"https:\/\/youtu.be\/s_UAFNoAd4Q\">https:\/\/youtu.be\/s_UAFNoAd4Q<\/a>\u00a0\u00a0\u00a0\u00a0\u00a0\u00a0<\/p>\n<p>TOUR, CO SEDNE<br \/>29.10.2016\u00a0Zl\u00edn\u00a0<br \/>5.11.2016\u00a0Blansko\u00a0<br \/>11.11.2016\u00a0Bene\u0161ov\u00a0<br \/>12.11.2016\u00a0Vysok\u00e9 M\u00fdto\u00a0<br \/>15.11.2016\u00a0Brno (vyprod\u00e1no)<br \/>15.11.2016\u00a0Brno \u2013 odpoledn\u00ed koncert<br \/>18.11.2016\u00a0Jablonec\u00a0<br \/>21.11.2016\u00a0Olomouc\u00a0<br \/>23.11.2016\u00a0Plze\u0148\u00a0<br \/>24.11.2016\u00a0Praha (vyprod\u00e1no)<br \/>25.11.2016\u00a0Praha (vyprod\u00e1no)<br \/>26.11.2016\u00a0\u010cesk\u00e9 Bud\u011bjovice\u00a0<br \/>1.12.2016\u00a0Unho\u0161\u0165\u00a0<br \/>2.12.2016\u00a0Kutn\u00e1 hora\u00a0<br \/>9.12.2016\u00a0Krnov\u00a0<br \/>14.12.2016\u00a0Ostrava\u00a0<br \/>16.12.2016\u00a0Nov\u00fd Ji\u010d\u00edn\u00a0<br \/>17.12.2016\u00a0Vrbno pod Prad\u011bdem<\/p>\n<p>Marcela Ko\u010dandrlov\u00e1<\/p>\n<p><a href=\"http:\/\/www.warnermusic.com\">www.warnermusic.com<\/a><\/p>\n<p><img loading=\"lazy\" class=\" size-full wp-image-210\" src=\"https:\/\/jananews.cz\/wp-content\/uploads\/2016\/09\/Pokac.jpg\" alt=\"\" width=\"467\" height=\"335\" srcset=\"https:\/\/jananews.cz\/wp-content\/uploads\/2016\/09\/Pokac.jpg 1024w, https:\/\/jananews.cz\/wp-content\/uploads\/2016\/09\/Pokac-300x215.jpg 300w, https:\/\/jananews.cz\/wp-content\/uploads\/2016\/09\/Pokac-768x551.jpg 768w\" sizes=\"(max-width: 467px) 100vw, 467px\" \/><\/p>\n","protected":false},"excerpt":{"rendered":"<p>PRAHA &#8211; P\u00edsni\u010dk\u00e1\u0159i VOXEL a POK\u00c1\u010c po spolupr\u00e1ci na Voxelov\u00fdch albech a n\u011bkolika spole\u010dn\u00fdch p\u00edsn\u00edch vyraz\u00ed koncem \u0159\u00edjna na po\u010detn\u00e9 podzimn\u00ed Tour, co sedne. To u\u017e n\u011bkolik m\u011bs\u00edc\u016f p\u0159ed za\u010d\u00e1tkem hl\u00e1s\u00ed na n\u011bkolika zast\u00e1vk\u00e1ch vyprod\u00e1no!<\/p>\n","protected":false},"author":1,"featured_media":210,"comment_status":"open","ping_status":"open","sticky":false,"template":"","format":"standard","meta":[],"categories":[7],"tags":[],"_links":{"self":[{"href":"https:\/\/jananews.cz\/index.php\/wp-json\/wp\/v2\/posts\/211"}],"collection":[{"href":"https:\/\/jananews.cz\/index.php\/wp-json\/wp\/v2\/posts"}],"about":[{"href":"https:\/\/jananews.cz\/index.php\/wp-json\/wp\/v2\/types\/post"}],"author":[{"embeddable":true,"href":"https:\/\/jananews.cz\/index.php\/wp-json\/wp\/v2\/users\/1"}],"replies":[{"embeddable":true,"href":"https:\/\/jananews.cz\/index.php\/wp-json\/wp\/v2\/comments?post=211"}],"version-history":[{"count":0,"href":"https:\/\/jananews.cz\/index.php\/wp-json\/wp\/v2\/posts\/211\/revisions"}],"wp:featuredmedia":[{"embeddable":true,"href":"https:\/\/jananews.cz\/index.php\/wp-json\/wp\/v2\/media\/210"}],"wp:attachment":[{"href":"https:\/\/jananews.cz\/index.php\/wp-json\/wp\/v2\/media?parent=211"}],"wp:term":[{"taxonomy":"category","embeddable":true,"href":"https:\/\/jananews.cz\/index.php\/wp-json\/wp\/v2\/categories?post=211"},{"taxonomy":"post_tag","embeddable":true,"href":"https:\/\/jananews.cz\/index.php\/wp-json\/wp\/v2\/tags?post=211"}],"curies":[{"name":"wp","href":"https:\/\/api.w.org\/{rel}","templated":true}]}}