{"id":213,"date":"2016-09-24T01:19:56","date_gmt":"2016-09-23T23:19:56","guid":{"rendered":"http:\/\/www.jananews.cz\/WP\/index.php\/2016\/09\/24\/divadlo-sklep-otevira-hudebni-pokladnici-vyjde-sklep-naposlech\/"},"modified":"2016-09-24T01:19:56","modified_gmt":"2016-09-23T23:19:56","slug":"divadlo-sklep-otevira-hudebni-pokladnici-vyjde-sklep-naposlech","status":"publish","type":"post","link":"https:\/\/jananews.cz\/index.php\/2016\/09\/24\/divadlo-sklep-otevira-hudebni-pokladnici-vyjde-sklep-naposlech\/","title":{"rendered":"DIVADLO SKLEP vyd\u00e1v\u00e1 p\u00edsni\u010dky a sc\u00e9nky Sklep Naposlech"},"content":{"rendered":"<p>PRAHA &#8211; Divadlo Sklep vyd\u00e1v\u00e1 dal\u0161\u00ed ze sv\u00fdch hudebn\u00edch poklad\u016f \u2013 tentokr\u00e1t p\u00edsni\u010dky z let 2006 \u2013 2008. Sklep se ve sv\u00e9m zral\u00e9m v\u011bku 45 let\u00a0 rozhodl vydat na hudebn\u00edch nosi\u010d\u00edch (a tak\u00e9 digit\u00e1ln\u011b) p\u00edsni\u010dky \u017eiv\u011b nahran\u00e9 na Bes\u00eddk\u00e1ch, v tradi\u010dn\u00edch p\u00e1smech \u201esc\u00e9nek, ske\u010d\u016f, p\u00edsn\u00ed a tanc\u016f\u201c. Prvn\u00ed z nov\u00e9 \u0159ady alb navazuje na p\u0159edchoz\u00ed vydavatelsk\u00e9 po\u010diny, vyjde za\u010d\u00e1tkem \u0159\u00edjna a obs\u00e1hne roky 2006\u20132008. Dal\u0161\u00ed d\u00edly budou n\u00e1sledovat v p\u0159\u00ed\u0161t\u00edm roce a postupn\u011b zmapuj\u00ed cel\u00e9 obdob\u00ed a\u017e do sou\u010dasnosti.<\/p>\n<p>  <!--more-->  <\/p>\n<p>Sklep\u00e1ck\u00e9 p\u00edsni\u010dky jsou stylov\u011b propojeny reklamn\u00edmi p\u0159ed\u011bly a inzertn\u00edmi ok\u00e9nky. Interprety p\u00edsn\u00ed t\u00e9m\u011b\u0159 v\u00fdhradn\u011b z vlastn\u00ed autorsk\u00e9 d\u00edlny (dopln\u011bn\u00e9 jen texty kabareti\u00e9ra Jana Vod\u0148ansk\u00e9ho, renesan\u010dn\u00ed b\u00e1sn\u00ed\u0159ky Gaspary Stampy a hudbou sv\u00e9r\u00e1zn\u00e9ho buben\u00edka Michala Hamana) jsou Tom\u00e1\u0161 Han\u00e1k, Lenka Vychodilov\u00e1, Jana Han\u00e1kov\u00e1, Marta Marinov\u00e1, Ha\u0148a Navarov\u00e1, Robert Neb\u0159ensk\u00fd, Ji\u0159\u00ed Fero Burda a Vladim\u00edr Vytiska. Autorsky se v\u00fdrazn\u011b pod\u00edlej\u00ed kmenov\u00ed muzikanti David Noll a Ji\u0159\u00ed Podzimek.<\/p>\n<p>\u201eTvorba \u201asklep\u00e1k\u016f\u2018 z tohoto obdob\u00ed pat\u0159\u00ed k tomu nejlep\u0161\u00edmu, co v tomhle \u201abl\u00e1zniv\u00e9m\u2018 divad\u00e9lku vzniklo. \u00darodn\u011bj\u0161\u00ed byla snad jen obdob\u00ed 1971 \u2013 2005 a 2009 \u2013 2016\u201c, m\u00edn\u00ed T. Han\u00e1k a svoje hodnocen\u00ed d\u00e1le rozv\u00e1d\u00ed: \u201eTvorba akceleruje zcela novou dynamikou; zat\u00edmco divadeln\u00ed kritici se shoduj\u00ed na \u201anov\u00e9 definici dokonalosti\u2018, automechanici hovo\u0159\u00ed \u2013 mo\u017en\u00e1 trochu eufemisticky \u2013 o turbodmychadle. T\u011b\u017eko se hledaj\u00ed slova, pro\u010d tomu tak bylo; nab\u00edzej\u00ed se slova jako \u201asifon\u2018, \u201akoso\u010dtver\u00e1k\u2018, \u201asamo\u017ed\u00edmaj\u00edc\u00ed mop\u2018, \u201atofu-gothaj\u2018 apod. A skute\u010dn\u011b, sc\u00e9nky maj\u00ed leckdy pointu, b\u00e1sn\u011b se nejednou (2x, pozn. autora) r\u00fdmuj\u00ed, zat\u00edmco texty p\u00edsn\u00ed v\u011bt\u0161inou v\u016fbec. Celek pak p\u016fsob\u00ed vz\u00e1cn\u011b usp\u00e1vaj\u00edc\u00edm dojmem \u2013 a pr\u00e1v\u011b proto stoj\u00ed za to si tohle souc\u00e9d\u00e9 po\u0159\u00eddit: pro\u010d utr\u00e1cet za pr\u00e1\u0161ky?\u201c<\/p>\n<p>Mezi jin\u00fdmi si poslucha\u010di jist\u011b obl\u00edb\u00ed \u010di r\u00e1di p\u0159ipomenou skladby Simca, Ps\u00ed blues, V\u011bze\u0148sk\u00e1, Technop\u00e1rty a vlastn\u011b i v\u0161echny ostatn\u00ed. T\u011b\u0161me se\u2026 Jestli\u017ee nebude Divadlo Sklep moment\u00e1ln\u011b nadosah, bude ur\u010dit\u011b Naposlech.<\/p>\n<p><a href=\"http:\/\/www.warnermusic.cz\">www.warnermusic.cz<\/a><\/p>\n<p>Marcela Ko\u010dandrlov\u00e1<\/p>\n<p><img loading=\"lazy\" class=\" size-full wp-image-212\" src=\"https:\/\/jananews.cz\/wp-content\/uploads\/2016\/09\/sklep_naposlech.jpg\" alt=\"\" width=\"534\" height=\"480\" srcset=\"https:\/\/jananews.cz\/wp-content\/uploads\/2016\/09\/sklep_naposlech.jpg 534w, https:\/\/jananews.cz\/wp-content\/uploads\/2016\/09\/sklep_naposlech-300x270.jpg 300w\" sizes=\"(max-width: 534px) 100vw, 534px\" \/><\/p>\n","protected":false},"excerpt":{"rendered":"<p>PRAHA &#8211; Divadlo Sklep vyd\u00e1v\u00e1 dal\u0161\u00ed ze sv\u00fdch hudebn\u00edch poklad\u016f \u2013 tentokr\u00e1t p\u00edsni\u010dky z let 2006 \u2013 2008. Sklep se ve sv\u00e9m zral\u00e9m v\u011bku 45 let\u00a0 rozhodl vydat na hudebn\u00edch nosi\u010d\u00edch (a tak\u00e9 digit\u00e1ln\u011b) p\u00edsni\u010dky \u017eiv\u011b nahran\u00e9 na Bes\u00eddk\u00e1ch, v tradi\u010dn\u00edch p\u00e1smech \u201esc\u00e9nek, ske\u010d\u016f, p\u00edsn\u00ed a tanc\u016f\u201c. Prvn\u00ed z nov\u00e9 \u0159ady alb navazuje na p\u0159edchoz\u00ed<\/p>\n","protected":false},"author":1,"featured_media":212,"comment_status":"open","ping_status":"open","sticky":false,"template":"","format":"standard","meta":[],"categories":[7],"tags":[],"_links":{"self":[{"href":"https:\/\/jananews.cz\/index.php\/wp-json\/wp\/v2\/posts\/213"}],"collection":[{"href":"https:\/\/jananews.cz\/index.php\/wp-json\/wp\/v2\/posts"}],"about":[{"href":"https:\/\/jananews.cz\/index.php\/wp-json\/wp\/v2\/types\/post"}],"author":[{"embeddable":true,"href":"https:\/\/jananews.cz\/index.php\/wp-json\/wp\/v2\/users\/1"}],"replies":[{"embeddable":true,"href":"https:\/\/jananews.cz\/index.php\/wp-json\/wp\/v2\/comments?post=213"}],"version-history":[{"count":0,"href":"https:\/\/jananews.cz\/index.php\/wp-json\/wp\/v2\/posts\/213\/revisions"}],"wp:featuredmedia":[{"embeddable":true,"href":"https:\/\/jananews.cz\/index.php\/wp-json\/wp\/v2\/media\/212"}],"wp:attachment":[{"href":"https:\/\/jananews.cz\/index.php\/wp-json\/wp\/v2\/media?parent=213"}],"wp:term":[{"taxonomy":"category","embeddable":true,"href":"https:\/\/jananews.cz\/index.php\/wp-json\/wp\/v2\/categories?post=213"},{"taxonomy":"post_tag","embeddable":true,"href":"https:\/\/jananews.cz\/index.php\/wp-json\/wp\/v2\/tags?post=213"}],"curies":[{"name":"wp","href":"https:\/\/api.w.org\/{rel}","templated":true}]}}