{"id":215,"date":"2016-10-05T06:23:41","date_gmt":"2016-10-05T04:23:41","guid":{"rendered":"http:\/\/www.jananews.cz\/WP\/index.php\/2016\/10\/05\/kucharske-recepty-cocka-kyselo-s-parkem\/"},"modified":"2016-10-05T06:23:41","modified_gmt":"2016-10-05T04:23:41","slug":"kucharske-recepty-cocka-kyselo-s-parkem","status":"publish","type":"post","link":"https:\/\/jananews.cz\/index.php\/2016\/10\/05\/kucharske-recepty-cocka-kyselo-s-parkem\/","title":{"rendered":"KUCHA\u0158SK\u00c9 RECEPTY: \u010co\u010dka kyselo s p\u00e1rkem"},"content":{"rendered":"<p>Je l\u00e9to a komu by se cht\u011blo tr\u00e1vit hodiny va\u0159en\u00edm. V poh\u00e1dce m\u011bli Hrne\u010dku va\u0159, my m\u00e1me multifunk\u010dn\u00ed hrnec TEFAL RK 705138. Co tahle \u010do\u010dku na kyselo s p\u00e1rkem?<\/p>\n<p>  <!--more-->  <\/p>\n<p>Recept je jednoduch\u00fd. \u010co\u010dku namo\u010dte na alespo\u0148 2 hodiny ve vod\u011b. Pot\u00e9 ji vlo\u017ete s vodou do hrnce, p\u0159idejte s\u016fl a uve\u010fte do varu pomoc\u00ed programu FRY. Po skon\u010den\u00ed programu hrnec otev\u0159ete, obsah prom\u00edchejte a d\u00e1le duste na programu STEW na p\u0159ednastaven\u00fdch 60 minut. Pot\u00e9 hrnec otev\u0159ete, op\u011bt \u010do\u010dku prom\u00edchejte, p\u0159idejte j\u00ed\u0161ku a pomoc\u00ed FRY ji op\u011bt uve\u010fte kr\u00e1tce do varu. Pokrm dochu\u0165te podle chuti sol\u00ed, octem a pep\u0159em. Do hotov\u00e9 \u010do\u010dky vlo\u017ete pokr\u00e1jen\u00fd p\u00e1rek, prom\u00edchejte a nechte ho bez varu p\u00e1r minut proh\u0159\u00e1t. Dobrou chu\u0165!<br \/>\u00a0<\/p>\n<p>Tento recept lze samoz\u0159ejm\u011b uva\u0159it\u00a0i v b\u011b\u017en\u00e9m hrnci &#8211; jen s multicookerem TEFAL RK 705138 je to v\u011bt\u0161\u00ed z\u00e1bava a t\u00e9m\u011b\u0159 \u017e\u00e1dn\u00e1 pr\u00e1ce. \ud83d\ude42<\/p>\n<p>Jana Henychov\u00e1<\/p>\n<p><img loading=\"lazy\" class=\" size-full wp-image-214\" src=\"https:\/\/jananews.cz\/wp-content\/uploads\/2016\/10\/cocka_parek.jpg\" alt=\"\" width=\"425\" height=\"319\" srcset=\"https:\/\/jananews.cz\/wp-content\/uploads\/2016\/10\/cocka_parek.jpg 640w, https:\/\/jananews.cz\/wp-content\/uploads\/2016\/10\/cocka_parek-300x225.jpg 300w\" sizes=\"(max-width: 425px) 100vw, 425px\" \/><\/p>\n","protected":false},"excerpt":{"rendered":"<p>Je l\u00e9to a komu by se cht\u011blo tr\u00e1vit hodiny va\u0159en\u00edm. V poh\u00e1dce m\u011bli Hrne\u010dku va\u0159, my m\u00e1me multifunk\u010dn\u00ed hrnec TEFAL RK 705138. Co tahle \u010do\u010dku na kyselo s p\u00e1rkem?<\/p>\n","protected":false},"author":1,"featured_media":214,"comment_status":"open","ping_status":"open","sticky":false,"template":"","format":"standard","meta":[],"categories":[8],"tags":[],"_links":{"self":[{"href":"https:\/\/jananews.cz\/index.php\/wp-json\/wp\/v2\/posts\/215"}],"collection":[{"href":"https:\/\/jananews.cz\/index.php\/wp-json\/wp\/v2\/posts"}],"about":[{"href":"https:\/\/jananews.cz\/index.php\/wp-json\/wp\/v2\/types\/post"}],"author":[{"embeddable":true,"href":"https:\/\/jananews.cz\/index.php\/wp-json\/wp\/v2\/users\/1"}],"replies":[{"embeddable":true,"href":"https:\/\/jananews.cz\/index.php\/wp-json\/wp\/v2\/comments?post=215"}],"version-history":[{"count":0,"href":"https:\/\/jananews.cz\/index.php\/wp-json\/wp\/v2\/posts\/215\/revisions"}],"wp:featuredmedia":[{"embeddable":true,"href":"https:\/\/jananews.cz\/index.php\/wp-json\/wp\/v2\/media\/214"}],"wp:attachment":[{"href":"https:\/\/jananews.cz\/index.php\/wp-json\/wp\/v2\/media?parent=215"}],"wp:term":[{"taxonomy":"category","embeddable":true,"href":"https:\/\/jananews.cz\/index.php\/wp-json\/wp\/v2\/categories?post=215"},{"taxonomy":"post_tag","embeddable":true,"href":"https:\/\/jananews.cz\/index.php\/wp-json\/wp\/v2\/tags?post=215"}],"curies":[{"name":"wp","href":"https:\/\/api.w.org\/{rel}","templated":true}]}}