{"id":222,"date":"2016-11-06T21:23:57","date_gmt":"2016-11-06T20:23:57","guid":{"rendered":"http:\/\/www.jananews.cz\/WP\/index.php\/2016\/11\/06\/zemrel-novinar-jiri-k-ruzicka\/"},"modified":"2016-11-06T21:23:57","modified_gmt":"2016-11-06T20:23:57","slug":"zemrel-novinar-jiri-k-ruzicka","status":"publish","type":"post","link":"https:\/\/jananews.cz\/index.php\/2016\/11\/06\/zemrel-novinar-jiri-k-ruzicka\/","title":{"rendered":"Zem\u0159el novin\u00e1\u0159 Ji\u0159\u00ed K. R\u016f\u017ei\u010dka"},"content":{"rendered":"<p>PRAHA &#8211; S politov\u00e1n\u00edm oznamujeme, \u017ee ve \u010dtvrtek 3. listopadu n\u00e1s nav\u017edy opustil spolupracovn\u00edk port\u00e1lu JANANEWS Ji\u0159\u00ed K. R\u016f\u017ei\u010dka, elitn\u00ed novin\u00e1\u0159 polistopadov\u00e9 \u017eurnalistiky. Byl zakladatelem novin Orlicko\u00fastecko, p\u016fsobil v tiskov\u00fdch agentur\u00e1ch \u010cTA, \u010cTI a \u010cIA na pozici redaktora, \u0161\u00e9fredaktora a vedouc\u00edho region\u00e1ln\u00ed redakce, naposledy byl report\u00e9rem den\u00edku MFDnes.<\/p>\n<p>  <!--more-->  <\/p>\n<p>Za svou kari\u00e9ru vychoval mnoho \u0161pi\u010dkov\u00fdch novin\u00e1\u0159\u016f, byl pro n\u011b vzorem a velk\u00fdm u\u010ditelem, nikdy neodm\u00edtl pomoc, kdy\u017e byl o ni po\u017e\u00e1d\u00e1n.<\/p>\n<p>Posledn\u00ed rozlou\u010den\u00ed s Ji\u0159\u00edm K. R\u016f\u017ei\u010dkou se kon\u00e1 v sobotu 12.11. v kostele C\u00edrkve \u010deskoslovensk\u00e9 husitsk\u00e9 v Neko\u0159i od 14:00 hodin.<\/p>\n<p>Jana Henychov\u00e1, Tom\u00e1\u0161 Joh\u00e1nek<\/p>\n<p>Foto: archiv<\/p>\n<p><img loading=\"lazy\" class=\" size-full wp-image-221\" src=\"https:\/\/jananews.cz\/wp-content\/uploads\/2016\/11\/jiri_ruzicka.jpg\" alt=\"\" width=\"510\" height=\"618\" srcset=\"https:\/\/jananews.cz\/wp-content\/uploads\/2016\/11\/jiri_ruzicka.jpg 594w, https:\/\/jananews.cz\/wp-content\/uploads\/2016\/11\/jiri_ruzicka-248x300.jpg 248w\" sizes=\"(max-width: 510px) 100vw, 510px\" \/><\/p>\n<p>\u00a0<\/p>\n","protected":false},"excerpt":{"rendered":"<p>PRAHA &#8211; S politov\u00e1n\u00edm oznamujeme, \u017ee ve \u010dtvrtek 3. listopadu n\u00e1s nav\u017edy opustil spolupracovn\u00edk port\u00e1lu JANANEWS Ji\u0159\u00ed K. R\u016f\u017ei\u010dka, elitn\u00ed novin\u00e1\u0159 polistopadov\u00e9 \u017eurnalistiky. Byl zakladatelem novin Orlicko\u00fastecko, p\u016fsobil v tiskov\u00fdch agentur\u00e1ch \u010cTA, \u010cTI a \u010cIA na pozici redaktora, \u0161\u00e9fredaktora a vedouc\u00edho region\u00e1ln\u00ed redakce, naposledy byl report\u00e9rem den\u00edku MFDnes.<\/p>\n","protected":false},"author":1,"featured_media":221,"comment_status":"open","ping_status":"open","sticky":false,"template":"","format":"standard","meta":[],"categories":[7],"tags":[],"_links":{"self":[{"href":"https:\/\/jananews.cz\/index.php\/wp-json\/wp\/v2\/posts\/222"}],"collection":[{"href":"https:\/\/jananews.cz\/index.php\/wp-json\/wp\/v2\/posts"}],"about":[{"href":"https:\/\/jananews.cz\/index.php\/wp-json\/wp\/v2\/types\/post"}],"author":[{"embeddable":true,"href":"https:\/\/jananews.cz\/index.php\/wp-json\/wp\/v2\/users\/1"}],"replies":[{"embeddable":true,"href":"https:\/\/jananews.cz\/index.php\/wp-json\/wp\/v2\/comments?post=222"}],"version-history":[{"count":0,"href":"https:\/\/jananews.cz\/index.php\/wp-json\/wp\/v2\/posts\/222\/revisions"}],"wp:featuredmedia":[{"embeddable":true,"href":"https:\/\/jananews.cz\/index.php\/wp-json\/wp\/v2\/media\/221"}],"wp:attachment":[{"href":"https:\/\/jananews.cz\/index.php\/wp-json\/wp\/v2\/media?parent=222"}],"wp:term":[{"taxonomy":"category","embeddable":true,"href":"https:\/\/jananews.cz\/index.php\/wp-json\/wp\/v2\/categories?post=222"},{"taxonomy":"post_tag","embeddable":true,"href":"https:\/\/jananews.cz\/index.php\/wp-json\/wp\/v2\/tags?post=222"}],"curies":[{"name":"wp","href":"https:\/\/api.w.org\/{rel}","templated":true}]}}