{"id":223,"date":"2016-12-01T15:50:35","date_gmt":"2016-12-01T14:50:35","guid":{"rendered":"http:\/\/www.jananews.cz\/WP\/index.php\/2016\/12\/01\/tisice-pracovnich-mist-osob-se-zdravotnim-postizenim-jsou-v-ohrozeni\/"},"modified":"2020-08-16T22:53:24","modified_gmt":"2020-08-16T20:53:24","slug":"tisice-pracovnich-mist-osob-se-zdravotnim-postizenim-jsou-v-ohrozeni","status":"publish","type":"post","link":"https:\/\/jananews.cz\/index.php\/2016\/12\/01\/tisice-pracovnich-mist-osob-se-zdravotnim-postizenim-jsou-v-ohrozeni\/","title":{"rendered":"Tis\u00edce pracovn\u00edch m\u00edst osob se zdravotn\u00edm posti\u017een\u00edm jsou v ohro\u017een\u00ed"},"content":{"rendered":"<p>PRAHA &#8211; Od 1. ledna 2017 m\u016f\u017ee b\u00fdt ohro\u017eeno n\u011bkolik tis\u00edc pracovn\u00edch m\u00edst osob se zdravotn\u00edm posti\u017een\u00edm. Pro\u010d? M\u016f\u017ee za to nepochopiteln\u00e9 zpo\u017ed\u011bn\u00ed projedn\u00e1n\u00ed a schv\u00e1len\u00ed d\u00edl\u010d\u00ed novely z\u00e1kona o zam\u011bstnanosti.\u00a0 \u201eNovela je v parlamentu od z\u00e1\u0159\u00ed, nech\u00e1peme, pro\u010d si ministerstvo pr\u00e1ce a soci\u00e1ln\u00edch v\u011bc\u00ed nen\u00ed schopno zajistit jej\u00ed v\u010dasn\u00e9 projedn\u00e1n\u00ed,\u201c uvedl p\u0159edseda NRZP \u010cR V\u00e1clav Kr\u00e1sa na tiskov\u00e9 konferenci \u201eZabra\u0148me ohro\u017een\u00ed pracovn\u00edch m\u00edst osob se zdravotn\u00edm posti\u017een\u00edm\u201c konan\u00e9 dne 1. prosince 2016 v Praze.<\/p>\n<p><!--more--><\/p>\n<p>\u201eZa dva roky doch\u00e1z\u00ed ke zv\u00fd\u0161en\u00ed minim\u00e1ln\u00ed mzdy o 3000 korun, jen v roce 2017 \u010din\u00ed toto zv\u00fd\u0161en\u00ed 1700 korun. Nezbytn\u00e1 kompenzace p\u0159\u00edsp\u011bvku zam\u011bstnavatel\u016fm na chr\u00e1n\u011bn\u00e9m trhu pr\u00e1ce o 700 korun je p\u0159ipravena ve shod\u011b MPSV \u010cR i soci\u00e1ln\u00edch partner\u016f a jej\u00ed zpo\u017ed\u011bn\u00ed m\u016f\u017ee v\u00e1\u017en\u011b ohrozit nejen ekonomiku zam\u011bstnavatel\u016f, ale i pracovn\u00ed m\u00edsta, na nich\u017e pracuje celkem 35 tis\u00edc invalidn\u00edch zam\u011bstnanc\u016f\u201c shodli se p\u0159edseda KZPS \u010cR Jan Wiesner a p\u0159edseda S\u010cMVD JUDr. Rostislav Dvo\u0159\u00e1k.<\/p>\n<p>\u201eNavrhovan\u00e9 zv\u00fd\u0161en\u00ed je podle informac\u00ed ministerstva pln\u011b pokryto kapitolou st\u00e1tn\u00edho rozpo\u010dtu. M\u00e1lokdo si uv\u011bdomuje, \u017ee z \u010d\u00e1stky 700 korun odvedou zam\u011bstnavatel\u00e9 582 korun ve form\u011b odvod\u016f pojistn\u00e9ho zp\u011bt st\u00e1tu,\u201c up\u0159esnil m\u00edstop\u0159edseda Asociace zdravotn\u011b posti\u017een\u00fdch \u010cR Ing. Karel Rycht\u00e1\u0159.<\/p>\n<p>\u201eOd roku 2015 jedn\u00e1me s MPSV \u010cR konstruktivn\u011b o n\u00e1vrz\u00edch zm\u011bn pravidel podpory OZP na trhu pr\u00e1ce. V situaci, kdy jsou n\u00e1vrhy p\u0159ipraveny a ve shod\u011b partner\u016f p\u0159edlo\u017eeny ke schv\u00e1len\u00ed, nen\u00ed politick\u00e1 v\u016fle je v\u010das projednat,\u201c uvedl mimo jin\u00e9 Zden\u011bk V\u011bchet, p\u0159edseda Kontroln\u00ed komise AZZP \u010cR a sou\u010dasn\u011b aktivn\u00ed zam\u011bstnavatel.<\/p>\n<p>V z\u00e1v\u011bru byli p\u0159\u00edtomn\u00ed sezn\u00e1meni s obsahem petice, kterou je organiz\u00e1tory spole\u010dn\u011b \u017e\u00e1d\u00e1na vl\u00e1da a parlament o urychlen\u00e9 projedn\u00e1n\u00ed a schv\u00e1len\u00ed novel v tomto funk\u010dn\u00edm obdob\u00ed. Petice m\u00e1 ji\u017e 4500 podpis\u016f a st\u00e1le p\u0159ib\u00fdvaj\u00ed dal\u0161\u00ed. Petici lze nal\u00e9zt na adrese (<a href=\"http:\/\/azzp.cz\/politika-a-spolecnost\/petice-za-urychlene-projednani-novely-zoz\">http:\/\/azzp.cz\/politika-a-spolecnost\/petice-za-urychlene-projednani-novely-zoz<\/a>.<\/p>\n<p>Asociace zam\u011bstnavatel\u016f zdravotn\u011b posti\u017een\u00fdch \u010cR (AZZP \u010cR) je z\u00e1jmov\u00e9 sdru\u017een\u00ed s v\u00edce ne\u017e stovkou podnikatel\u016f a ostatn\u00edch zam\u011bstnavatel\u016f, kte\u0159\u00ed zam\u011bstn\u00e1vaj\u00ed nadpolovi\u010dn\u00ed pod\u00edl spolupracovn\u00edk\u016f se zdravotn\u00edm posti\u017een\u00edm nebo se na podpo\u0159e jejich zam\u011bstn\u00e1v\u00e1n\u00ed v\u00fdznamn\u011b pod\u00edlej\u00ed. Spojuje sv\u00e9 podnik\u00e1n\u00ed s pln\u011bn\u00edm obecn\u011b prosp\u011b\u0161n\u00e9 soci\u00e1ln\u00ed role. Bere na sebe dobrovoln\u011b spoluodpov\u011bdnost nejen za pracovn\u00ed, ale i ekonomick\u00e9 a spole\u010densk\u00e9 za\u010dlen\u011bn\u00ed v\u00fdznamn\u00e9 skupiny lid\u00ed se zdravotn\u00edm posti\u017een\u00edm, kte\u0159\u00ed z r\u016fzn\u00fdch d\u016fvod\u016f nemohou nebo necht\u011bj\u00ed nal\u00e9zt uplatn\u011bn\u00ed ve sv\u00e9 p\u016fvodn\u00ed profesi nebo v b\u011b\u017en\u00e9m trhu pr\u00e1ce. V\u00edce informac\u00ed lze nal\u00e9zt na <a href=\"http:\/\/www.azzp.cz\">www.azzp.cz<\/a>.<\/p>\n<p>Svaz \u010desk\u00fdch a moravsk\u00fdch v\u00fdrobn\u00edch dru\u017estev jako \u010dlen AZZP je tradi\u010dn\u00edm nositelem aktivit na podporu zam\u011bstn\u00e1v\u00e1n\u00ed OZP v \u010cR, zastoupen\u00fdm v \u0159ad\u011b vl\u00e1dn\u00edch i nevl\u00e1dn\u00edch organizac\u00ed a t\u011bsn\u011b spolupracuje nejen s AZZP \u010cR, ale i s dal\u0161\u00edmi partnery.\u00a0 V\u00edce na <a href=\"http:\/\/www.scmvd.cz\">www.scmvd.cz<\/a>\u00a0a na\u00a0<a href=\"http:\/\/www.azzp.cz\/konference\">www.azzp.cz\/konference<\/a>.<\/p>\n<p>(-jh-)<\/p>\n","protected":false},"excerpt":{"rendered":"<p>PRAHA &#8211; Od 1. ledna 2017 m\u016f\u017ee b\u00fdt ohro\u017eeno n\u011bkolik tis\u00edc pracovn\u00edch m\u00edst osob se zdravotn\u00edm posti\u017een\u00edm. Pro\u010d? M\u016f\u017ee za to nepochopiteln\u00e9 zpo\u017ed\u011bn\u00ed projedn\u00e1n\u00ed a schv\u00e1len\u00ed d\u00edl\u010d\u00ed novely z\u00e1kona o zam\u011bstnanosti.\u00a0 \u201eNovela je v parlamentu od z\u00e1\u0159\u00ed, nech\u00e1peme, pro\u010d si ministerstvo pr\u00e1ce a soci\u00e1ln\u00edch v\u011bc\u00ed nen\u00ed schopno zajistit jej\u00ed v\u010dasn\u00e9 projedn\u00e1n\u00ed,\u201c uvedl p\u0159edseda NRZP \u010cR<\/p>\n","protected":false},"author":1,"featured_media":510,"comment_status":"open","ping_status":"open","sticky":false,"template":"","format":"standard","meta":[],"categories":[9],"tags":[],"_links":{"self":[{"href":"https:\/\/jananews.cz\/index.php\/wp-json\/wp\/v2\/posts\/223"}],"collection":[{"href":"https:\/\/jananews.cz\/index.php\/wp-json\/wp\/v2\/posts"}],"about":[{"href":"https:\/\/jananews.cz\/index.php\/wp-json\/wp\/v2\/types\/post"}],"author":[{"embeddable":true,"href":"https:\/\/jananews.cz\/index.php\/wp-json\/wp\/v2\/users\/1"}],"replies":[{"embeddable":true,"href":"https:\/\/jananews.cz\/index.php\/wp-json\/wp\/v2\/comments?post=223"}],"version-history":[{"count":1,"href":"https:\/\/jananews.cz\/index.php\/wp-json\/wp\/v2\/posts\/223\/revisions"}],"predecessor-version":[{"id":511,"href":"https:\/\/jananews.cz\/index.php\/wp-json\/wp\/v2\/posts\/223\/revisions\/511"}],"wp:featuredmedia":[{"embeddable":true,"href":"https:\/\/jananews.cz\/index.php\/wp-json\/wp\/v2\/media\/510"}],"wp:attachment":[{"href":"https:\/\/jananews.cz\/index.php\/wp-json\/wp\/v2\/media?parent=223"}],"wp:term":[{"taxonomy":"category","embeddable":true,"href":"https:\/\/jananews.cz\/index.php\/wp-json\/wp\/v2\/categories?post=223"},{"taxonomy":"post_tag","embeddable":true,"href":"https:\/\/jananews.cz\/index.php\/wp-json\/wp\/v2\/tags?post=223"}],"curies":[{"name":"wp","href":"https:\/\/api.w.org\/{rel}","templated":true}]}}