{"id":225,"date":"2016-12-11T23:33:42","date_gmt":"2016-12-11T22:33:42","guid":{"rendered":"http:\/\/www.jananews.cz\/WP\/index.php\/2016\/12\/11\/stastna-hvezda-diky-umelcum-zari-zase-o-trochu-vic\/"},"modified":"2020-08-16T22:28:29","modified_gmt":"2020-08-16T20:28:29","slug":"stastna-hvezda-diky-umelcum-zari-zase-o-trochu-vic","status":"publish","type":"post","link":"https:\/\/jananews.cz\/index.php\/2016\/12\/11\/stastna-hvezda-diky-umelcum-zari-zase-o-trochu-vic\/","title":{"rendered":"\u0160\u0165astn\u00e1 hv\u011bzda d\u00edky um\u011blc\u016fm z\u00e1\u0159\u00ed zase o trochu v\u00edc"},"content":{"rendered":"<p><span style=\"line-height: 115%; font-family: 'Arial','sans-serif'; font-size: 10pt;\"><span style=\"color: #000000;\">PRAHA &#8211;\u00a0<\/span><\/span><span style=\"line-height: 115%; font-family: 'Arial','sans-serif'; font-size: 10pt;\"><span style=\"color: #000000;\">Lucie Vondr\u00e1\u010dkov\u00e1, Petr Kol\u00e1\u0159, Ani\u010dka Slov\u00e1\u010dkov\u00e1, Jana Uriel Kratochv\u00edlov\u00e1, D\u00e1da Patrasov\u00e1, Davide Mattioli, skupina Max\u00edci a mnoho dal\u0161\u00edch um\u011blc\u016f v\u011bnovali Nada\u010dn\u00edmu fondu \u0160\u0165astn\u00e1 hv\u011bzda stejnojmennou p\u00edse\u0148. Ve videoklipu, kter\u00fd vznik\u00e1 ve studiu Vintage u Michala Pe\u0161outa, se vyst\u0159\u00edd\u00e1 celkem 40 interpret\u016f, kte\u0159\u00ed se na p\u00edsni pod\u00edlej\u00ed bez n\u00e1roku na honor\u00e1\u0159. <\/span><\/span><span style=\"line-height: 115%; font-family: 'Arial','sans-serif'; font-size: 10pt;\"><span style=\"color: #000000;\">Kdo dal\u0161\u00ed se na p\u00edsni pod\u00edl\u00ed? Krom\u011b v\u00fd\u0161e uveden\u00fdch um\u011blc\u016f jsou to skupina Turbo, Ondra Havel, Linda Finkov\u00e1, Heidi Jank\u016f, Josef V\u00e1gner, Richard Sacher, skupina Voko Bere, Lucy Junk, Ina Urbanov\u00e1, Adam Kuka\u010dka a jeho skupina \u010di Petr Podh\u00e1jeck\u00fd. <\/span><\/span><span style=\"line-height: 115%; font-family: 'Arial','sans-serif'; font-size: 10pt;\"><span style=\"color: #000000;\">V\u011bt\u0161ina um\u011blc\u016f se z\u00fa\u010dastn\u00ed slavnostn\u00edho k\u0159tu videoklipu, kter\u00fd se uskute\u010dn\u00ed 14. prosince 2016 od 20:00 hod. v baru Golden WingZ &#8211; Polsk\u00e1 7, Praha 2. Kmotry p\u00edsn\u011b bude David Gr\u00e1nsk\u00fd a Jakub V\u00e1gner.<\/span><\/span><\/p>\n<p><!--more--><\/p>\n<p style=\"margin: 0cm 0cm 10pt; text-align: justify;\"><span style=\"line-height: 115%; font-family: 'Arial','sans-serif'; font-size: 10pt;\"><span style=\"color: #000000;\">Nada\u010dn\u00ed fond \u0160\u0165astn\u00e1 hv\u011bzda byl zalo\u017een v \u00fanoru 2014, p\u016fsob\u00ed ve v\u0161ech regionech \u010cesk\u00e9 republiky, nej\u0161ir\u0161\u00ed z\u00e1b\u011br je v\u0161ak sm\u011b\u0159ov\u00e1n do Kraje Vyso\u010dina. V r\u00e1mci sv\u00fdch program\u016f pom\u00e1h\u00e1 v\u017edy konkr\u00e9tn\u00edm osob\u00e1m. Jedn\u00e1 se p\u0159edev\u0161\u00edm o pomoc mal\u00fdm pacient\u016fm s onkologick\u00fdm onemocn\u011bn\u00edm, cystickou fibr\u00f3zou, d\u011btem po mozkov\u00e9 obrn\u011b, dosp\u00edvaj\u00edc\u00edm d\u011btem po l\u00e9\u010db\u011b z\u00e1va\u017en\u00fdch onemocn\u011bn\u00ed odk\u00e1zan\u00fdch na voz\u00ed\u010dek \u010di jinak zdravotn\u011b handicapovan\u00fdm. Impulzem k zalo\u017een\u00ed fondu se stalo setk\u00e1n\u00ed rodi\u010d\u016f onkologicky l\u00e9\u010den\u00fdch d\u011bt\u00ed s podobn\u00fdm osudem. <\/span><\/span><\/p>\n<p style=\"margin: 0cm 0cm 10pt; text-align: justify;\"><span style=\"line-height: 115%; font-family: 'Arial','sans-serif'; font-size: 10pt;\"><span style=\"color: #000000;\">Hlavn\u00ed viz\u00ed fondu je p\u0159edev\u0161\u00edm materi\u00e1ln\u00ed pomoc d\u011btsk\u00fdm pacient\u016fm, jejich rodin\u00e1m a zdravotn\u011b handicapovan\u00fdm mladistv\u00fdm. Finan\u010dn\u00ed podpora je potom c\u00edlena na konkr\u00e9tn\u00ed pot\u0159eby nehmotn\u00e9ho charakteru. Pomoc b\u00fdv\u00e1 \u010dasto velmi n\u00e1kladn\u00e1, \u010dinnost nada\u010dn\u00edho fondu je z\u00e1visl\u00e1 zejm\u00e9na na pomoci d\u00e1rc\u016f. P\u0159isp\u011bt lze pen\u011bzi p\u0159\u00edmo na \u00fa\u010det nada\u010dn\u00edho fondu, podpo\u0159it handicapovan\u00e9 v\u0161ak lid\u00e9 a firmy mohou tak\u00e9 n\u00e1kupem propaga\u010dn\u00edch p\u0159edm\u011bt\u016f, \u00fa\u010dast\u00ed na kulturn\u00ed akci, kdy jde v\u00fdt\u011b\u017eek ze vstupenek na pomoc pot\u0159ebn\u00fdm, pod\u00edlet se na dra\u017eb\u011b apod. <\/span><\/span><\/p>\n<p style=\"margin: 0cm 0cm 10pt; text-align: justify;\"><span style=\"line-height: 115%; font-family: 'Arial','sans-serif'; font-size: 10pt;\"><span style=\"color: #000000;\">Aby se informace o mo\u017enosti pom\u00e1hat lidem, kter\u00fdm osud nep\u0159\u00e1l, \u0161\u00ed\u0159ily k t\u011bm, kte\u0159\u00ed maj\u00ed chu\u0165 a mo\u017enost pomoci, je t\u0159eba nada\u010dn\u00ed fond dostat do pov\u011bdom\u00ed \u0161irok\u00e9 ve\u0159ejnosti. To se da\u0159\u00ed zejm\u00e9na d\u00edky patron\u016fm, mezi n\u011b\u017e pat\u0159\u00ed nap\u0159\u00edklad zp\u011bv\u00e1k Michal David, herec Ond\u0159ej Vetch\u00fd nebo skupina Max\u00edci. \u201eV\u011b\u0159\u00edme, \u017ee tato p\u00edse\u0148 se dostane do podv\u011bdom\u00ed lid\u00ed a nadace bude moci v\u00edce pom\u00e1hat. Nemocn\u00e9 d\u011bti maj\u00ed mnoho sn\u016f a p\u0159\u00e1n\u00ed, ale jen jedno je to nejv\u011bt\u0161\u00ed \u2013 b\u00fdt zdr\u00e1v. V\u0161echny d\u011bti se cht\u011bj\u00ed sm\u00e1t,\u201c \u0159\u00edk\u00e1 \u0159editelka Nada\u010dn\u00edho fondu \u0160\u0165astn\u00e1 hv\u011bzda Alena Skovajsov\u00e1.<\/span><\/span><\/p>\n<p><span style=\"line-height: 115%; font-family: 'Arial','sans-serif'; font-size: 10pt;\"><span style=\"color: #000000;\">(-jh-)<\/span><\/span><\/p>\n","protected":false},"excerpt":{"rendered":"<p>PRAHA &#8211;\u00a0Lucie Vondr\u00e1\u010dkov\u00e1, Petr Kol\u00e1\u0159, Ani\u010dka Slov\u00e1\u010dkov\u00e1, Jana Uriel Kratochv\u00edlov\u00e1, D\u00e1da Patrasov\u00e1, Davide Mattioli, skupina Max\u00edci a mnoho dal\u0161\u00edch um\u011blc\u016f v\u011bnovali Nada\u010dn\u00edmu fondu \u0160\u0165astn\u00e1 hv\u011bzda stejnojmennou p\u00edse\u0148. Ve videoklipu, kter\u00fd vznik\u00e1 ve studiu Vintage u Michala Pe\u0161outa, se vyst\u0159\u00edd\u00e1 celkem 40 interpret\u016f, kte\u0159\u00ed se na p\u00edsni pod\u00edlej\u00ed bez n\u00e1roku na honor\u00e1\u0159. Kdo dal\u0161\u00ed se na<\/p>\n","protected":false},"author":1,"featured_media":398,"comment_status":"open","ping_status":"open","sticky":false,"template":"","format":"standard","meta":[],"categories":[7],"tags":[],"_links":{"self":[{"href":"https:\/\/jananews.cz\/index.php\/wp-json\/wp\/v2\/posts\/225"}],"collection":[{"href":"https:\/\/jananews.cz\/index.php\/wp-json\/wp\/v2\/posts"}],"about":[{"href":"https:\/\/jananews.cz\/index.php\/wp-json\/wp\/v2\/types\/post"}],"author":[{"embeddable":true,"href":"https:\/\/jananews.cz\/index.php\/wp-json\/wp\/v2\/users\/1"}],"replies":[{"embeddable":true,"href":"https:\/\/jananews.cz\/index.php\/wp-json\/wp\/v2\/comments?post=225"}],"version-history":[{"count":1,"href":"https:\/\/jananews.cz\/index.php\/wp-json\/wp\/v2\/posts\/225\/revisions"}],"predecessor-version":[{"id":470,"href":"https:\/\/jananews.cz\/index.php\/wp-json\/wp\/v2\/posts\/225\/revisions\/470"}],"wp:featuredmedia":[{"embeddable":true,"href":"https:\/\/jananews.cz\/index.php\/wp-json\/wp\/v2\/media\/398"}],"wp:attachment":[{"href":"https:\/\/jananews.cz\/index.php\/wp-json\/wp\/v2\/media?parent=225"}],"wp:term":[{"taxonomy":"category","embeddable":true,"href":"https:\/\/jananews.cz\/index.php\/wp-json\/wp\/v2\/categories?post=225"},{"taxonomy":"post_tag","embeddable":true,"href":"https:\/\/jananews.cz\/index.php\/wp-json\/wp\/v2\/tags?post=225"}],"curies":[{"name":"wp","href":"https:\/\/api.w.org\/{rel}","templated":true}]}}