{"id":234,"date":"2016-12-17T10:12:52","date_gmt":"2016-12-17T09:12:52","guid":{"rendered":"http:\/\/www.jananews.cz\/WP\/index.php\/2016\/12\/17\/krtek-slavi-60-narozeniny-ve-spolupraci-s-kauflandem\/"},"modified":"2016-12-17T10:12:52","modified_gmt":"2016-12-17T09:12:52","slug":"krtek-slavi-60-narozeniny-ve-spolupraci-s-kauflandem","status":"publish","type":"post","link":"https:\/\/jananews.cz\/index.php\/2016\/12\/17\/krtek-slavi-60-narozeniny-ve-spolupraci-s-kauflandem\/","title":{"rendered":"Krtek slav\u00ed 60. narozeniny ve spolupr\u00e1ci s Kauflandem!"},"content":{"rendered":"<p>PRAHA &#8211; Kdo by neznal Krte\u010dka \u2013 roztomil\u00e9ho animovan\u00e9ho hrdinu z kreslen\u00fdch poh\u00e1dek.\u00a0 Je to neuv\u011b\u0159iteln\u00e9, ale tento poh\u00e1dkov\u00fd hrdina se do\u017e\u00edv\u00e1 neuv\u011b\u0159iteln\u00fdch 60 let! Na d\u016fchodov\u00fd v\u011bk ale zdaleka nepom\u00fd\u0161l\u00ed, pr\u00e1v\u011b naopak \u2013 dostal toti\u017e velk\u00fd pl\u00e1n, jak toto v\u00fdznamn\u00e9 \u017eivotn\u00ed jubileum oslavit. Krtek se rozhodl b\u00fdt na sv\u00e9 narozeniny co s nejv\u00edce d\u011btmi, ale t\u0159eba i dosp\u011bl\u00e1ky. Vymyslel origin\u00e1ln\u00ed n\u00e1pad \u2013 oslavit narozeniny spole\u010dn\u011b se sv\u00fdmi tv\u016frci ply\u0161ov\u00e9 podoby \u2013 Moravskou \u00fast\u0159ednou Brno ve spolupr\u00e1ci s \u0159et\u011bzcem Kaufland. V r\u00e1mci sv\u00fdch oslav se rozhodl nav\u0161t\u00edvit co nejv\u00edce dom\u00e1cnost\u00ed.\u00a0 Jak? Je to jednoduch\u00e9 \u2013 ti, kdo cht\u011bj\u00ed m\u00edt doma Krte\u010dka, si ho mohou zakoupit za zv\u00fdhodn\u011bnou cenu s p\u0159\u00edslu\u0161n\u00fdm po\u010dtem v\u011brnostn\u00edch bod\u016f a Krte\u010dek se tak m\u016f\u017ee ocitnout u nich doma. \uf04a Akce prob\u00edh\u00e1 od 8. prosince leto\u0161n\u00edho roku a\u017e do 15. \u00fanora 2017. V\u00edce informac\u00ed naleznete na let\u00e1\u010dc\u00edch v Kauflandu.<\/p>\n<p>  <!--more-->  <\/p>\n<p>Je to u\u017e neuv\u011b\u0159iteln\u00e1 \u0159ada let, kdy v roce 1956 vznikl n\u00e1pad, aby se narodil Krte\u010dek. Vznikla prvn\u00ed ilustrace pro film \u201eJak krtek ke kalhotk\u00e1m p\u0159i\u0161el\u201c. Filmov\u00e1 poh\u00e1dka byla dokon\u010dena v roce 1957, kdy m\u011bl film svou premi\u00e9ru. \u00dapln\u011b prvn\u00ed podoba Krte\u010dka byla tro\u0161ku jin\u00e1 ne\u017e nyn\u00ed a stejnojmenn\u00e1 kreslen\u00e1 poh\u00e1dka, tedy \u201eJak krtek ke kalhotk\u00e1m p\u0159i\u0161el\u201c, m\u011bla p\u0159ibl\u00ed\u017eit poh\u00e1dkovou formou d\u011btem v\u00fdrobn\u00ed proces vzniku l\u00e1tky a u\u0161it\u00ed v\u00fdrobku. Poh\u00e1dka se stala r\u00e1zem legendou a p\u0159ipomeneme si, \u017ee v t\u00e9to poh\u00e1dce Krtek, jak se pozd\u011bji z n\u00e1zvu zv\u00ed\u0159\u00e1tka stalo jm\u00e9no, mluvil. Poh\u00e1dka ukazovala na vznik ln\u011bn\u00e9ho pl\u00e1tna po\u010d\u00ednaje p\u011bstov\u00e1n\u00edm lnu, jeho zpracov\u00e1n\u00edm, tkan\u00edm l\u00e1tky a u\u0161it\u00edm kalhotek, kter\u00e9 byly podle p\u0159\u00e1n\u00ed mal\u00e9ho krte\u010dka opat\u0159eny velk\u00fdmi kapsami. Autor Zden\u011bk Miler, kter\u00fd by se v roce 2016 do\u017eil 95 let, si nejsp\u00ed\u0161 sotva v t\u00e9 dob\u011b myslel, \u017ee se jeho poh\u00e1dka, respektive hlavn\u00ed hrdina, stane sv\u011btov\u011b zn\u00e1mou postavi\u010dkou, kter\u00e1 pat\u0159\u00ed k nejobl\u00edben\u011bj\u0161\u00edm ze v\u0161ech kreslen\u00fdch \u010desk\u00fdch poh\u00e1dek.<\/p>\n<p>Od t\u00e9 doby vznikl neuv\u011b\u0159iteln\u00fd po\u010det d\u00edl\u016f t\u00e9to kreslen\u00e9 postavi\u010dky. Krte\u010dek se stal hercem \u2013 stejn\u011b jako jeho kamar\u00e1di my\u0161ka, je\u017ee\u010dek a spoustu dal\u0161\u00edch zv\u00ed\u0159\u00e1tek. U\u017e jen netkal pl\u00e1tno a ne\u0161il kalhotky, ale \u0159e\u0161il spoustu b\u011b\u017en\u00fdch v\u011bc\u00ed, hr\u00e1l si, pracoval\u2026 A jeho roztomil\u00fd d\u011btsk\u00fd hl\u00e1sek skv\u011ble dopl\u0148oval grafiku poh\u00e1dek. Krte\u010dek d\u011blal v\u0161e, co maj\u00ed d\u011bti r\u00e1di \u2013 cucal bonbony a l\u00edz\u00e1tka, jezdil aut\u00ed\u010dkem a dokonce si troufl i na raketu. Pr\u00e1v\u011b tato poh\u00e1dka mohla b\u00fdt pozd\u011bji inspirac\u00ed pro jeho skute\u010dn\u00fd let vesm\u00edrem. Jeho ply\u0161ov\u00e1 verze od \u010desk\u00e9ho v\u00fdrobce Moravsk\u00e9 \u00fast\u0159edny Brno absolvovala v roce 2011 v\u00fdznamn\u00fd let v raketopl\u00e1nu Endeavour, kter\u00fd vynesla k Mezin\u00e1rodn\u00ed vesm\u00edrn\u00e9 stanici alfa magnetick\u00fd spektrometr a pro raketopl\u00e1n byl letem posledn\u00edm. Krte\u010dka si do rakety vzal americk\u00fd kosmonaut Andrew Feustel, tak\u017ee si Krte\u010dek zal\u00e9tal dokonce ve stavu bezt\u00ed\u017ee<\/p>\n<p>Krte\u010dek se za sv\u00e9ho \u017eivota do\u010dkal kni\u017en\u00edho vyd\u00e1n\u00ed p\u0159\u00edb\u011bh\u016f celkem v patn\u00e1cti v\u00e1zan\u00fdch knih\u00e1ch a patn\u00e1cti leporelech. S jeho postavi\u010dkou si mohou hr\u00e1t d\u011bti v \u0159ad\u011b zem\u00ed \u2013 krom\u011b \u010cesk\u00e9 republiky je to Slovensko, Polsko, Ma\u010farsko, N\u011bmecko, Rakousko, \u0160v\u00fdcarsko, Slovinsko, Norsko, \u0160v\u00e9dsko, D\u00e1nsko, Finsko, Holandsko, Francie, Italie, Rusko, Estonsko, Loty\u0161sko, Litevsko, \u010c\u00edna, Japonsko, Ji\u017en\u00ed Korea a Taiwan. Krte\u010dek se vyskytuje celkem ve 49 filmech a 13 spotech. Posledn\u00ed nato\u010denou poh\u00e1dkou je \u201eKrtek a \u017eabka\u201c z roku 2002. Za t\u00e9m\u011b\u0159 pades\u00e1t let produkce film\u016f byly prod\u00e1ny televizn\u00ed a filmov\u00e1 pr\u00e1va do cca 80 zem\u00ed sv\u011bta. 35 film\u016f s postavi\u010dkou Krtek bylo produkov\u00e1no v koprodukci Kr\u00e1tk\u00e9ho\u00a0 Filmu Praha a Westdeutscher Rundkfunk K\u00f6ln. Od roku 1975 jsou filmy s postavi\u010dkou Krtka pravideln\u011b vys\u00edl\u00e1ny na celost\u00e1tn\u00edm n\u011bmeck\u00e9m televizn\u00edm okruhu v televizn\u00edm po\u0159adu Sendung mit der Maus (produkce Westdeutscher Rundfunk).<\/p>\n<p>MUBRNO je od roku 1984 u\u017eivatelem licence na v\u00fdrobu a prodej textiln\u00edch a ply\u0161ov\u00e9 hra\u010dek s motivem \u201eKrte\u010dka a jeho kamar\u00e1d\u016f\u201c. Motiv Krte\u010dka pat\u0159\u00ed ji\u017e po mnoho generac\u00ed k nej\u00fasp\u011b\u0161n\u011bj\u0161\u00edm d\u011btsk\u00fdm poh\u00e1dkov\u00fdm motiv\u016fm jak v \u010cR, tak v zahrani\u010d\u00ed.<\/p>\n<p><a href=\"http:\/\/www.mubrno.cz\">www.mubrno.cz<\/a> <br \/><a href=\"http:\/\/www.facebook.com\/mubrno.cz\">www.facebook.com\/mubrno.cz<\/a>\u00a0<\/p>\n<p>Text: Jana Henychov\u00e1<br \/>Foto: archiv Moravsk\u00e1 \u00fast\u0159edna<\/p>\n<p><img loading=\"lazy\" class=\" size-full wp-image-226\" src=\"https:\/\/jananews.cz\/wp-content\/uploads\/2016\/12\/krtek2.jpg\" alt=\"\" width=\"286\" height=\"381\" srcset=\"https:\/\/jananews.cz\/wp-content\/uploads\/2016\/12\/krtek2.jpg 768w, https:\/\/jananews.cz\/wp-content\/uploads\/2016\/12\/krtek2-225x300.jpg 225w\" sizes=\"(max-width: 286px) 100vw, 286px\" \/><img loading=\"lazy\" class=\" size-full wp-image-227\" src=\"https:\/\/jananews.cz\/wp-content\/uploads\/2016\/12\/krtek1.jpg\" alt=\"\" width=\"302\" height=\"403\" srcset=\"https:\/\/jananews.cz\/wp-content\/uploads\/2016\/12\/krtek1.jpg 768w, https:\/\/jananews.cz\/wp-content\/uploads\/2016\/12\/krtek1-225x300.jpg 225w\" sizes=\"(max-width: 302px) 100vw, 302px\" \/><\/p>\n<p><img loading=\"lazy\" class=\" size-full wp-image-228\" src=\"https:\/\/jananews.cz\/wp-content\/uploads\/2016\/12\/krtek3.jpg\" alt=\"\" width=\"360\" height=\"270\" srcset=\"https:\/\/jananews.cz\/wp-content\/uploads\/2016\/12\/krtek3.jpg 1280w, https:\/\/jananews.cz\/wp-content\/uploads\/2016\/12\/krtek3-300x225.jpg 300w, https:\/\/jananews.cz\/wp-content\/uploads\/2016\/12\/krtek3-1024x768.jpg 1024w, https:\/\/jananews.cz\/wp-content\/uploads\/2016\/12\/krtek3-768x576.jpg 768w\" sizes=\"(max-width: 360px) 100vw, 360px\" \/><img loading=\"lazy\" class=\" size-full wp-image-229\" src=\"https:\/\/jananews.cz\/wp-content\/uploads\/2016\/12\/krtek4.jpg\" alt=\"\" width=\"333\" height=\"250\" srcset=\"https:\/\/jananews.cz\/wp-content\/uploads\/2016\/12\/krtek4.jpg 1280w, https:\/\/jananews.cz\/wp-content\/uploads\/2016\/12\/krtek4-300x225.jpg 300w, https:\/\/jananews.cz\/wp-content\/uploads\/2016\/12\/krtek4-1024x768.jpg 1024w, https:\/\/jananews.cz\/wp-content\/uploads\/2016\/12\/krtek4-768x576.jpg 768w\" sizes=\"(max-width: 333px) 100vw, 333px\" \/><\/p>\n<p><img loading=\"lazy\" class=\" size-full wp-image-230\" src=\"https:\/\/jananews.cz\/wp-content\/uploads\/2016\/12\/krtek5.jpg\" alt=\"\" width=\"337\" height=\"253\" srcset=\"https:\/\/jananews.cz\/wp-content\/uploads\/2016\/12\/krtek5.jpg 1280w, https:\/\/jananews.cz\/wp-content\/uploads\/2016\/12\/krtek5-300x225.jpg 300w, https:\/\/jananews.cz\/wp-content\/uploads\/2016\/12\/krtek5-1024x768.jpg 1024w, https:\/\/jananews.cz\/wp-content\/uploads\/2016\/12\/krtek5-768x576.jpg 768w\" sizes=\"(max-width: 337px) 100vw, 337px\" \/><img loading=\"lazy\" class=\" size-full wp-image-231\" src=\"https:\/\/jananews.cz\/wp-content\/uploads\/2016\/12\/krtek6.jpg\" alt=\"\" width=\"327\" height=\"245\" srcset=\"https:\/\/jananews.cz\/wp-content\/uploads\/2016\/12\/krtek6.jpg 1280w, https:\/\/jananews.cz\/wp-content\/uploads\/2016\/12\/krtek6-300x225.jpg 300w, https:\/\/jananews.cz\/wp-content\/uploads\/2016\/12\/krtek6-1024x767.jpg 1024w, https:\/\/jananews.cz\/wp-content\/uploads\/2016\/12\/krtek6-768x575.jpg 768w\" sizes=\"(max-width: 327px) 100vw, 327px\" \/><\/p>\n<p><img loading=\"lazy\" class=\" size-full wp-image-232\" src=\"https:\/\/jananews.cz\/wp-content\/uploads\/2016\/12\/krtek7.jpg\" alt=\"\" width=\"246\" height=\"328\" srcset=\"https:\/\/jananews.cz\/wp-content\/uploads\/2016\/12\/krtek7.jpg 768w, https:\/\/jananews.cz\/wp-content\/uploads\/2016\/12\/krtek7-225x300.jpg 225w\" sizes=\"(max-width: 246px) 100vw, 246px\" \/><img loading=\"lazy\" class=\" size-full wp-image-233\" src=\"https:\/\/jananews.cz\/wp-content\/uploads\/2016\/12\/kaufland_logo.jpg\" alt=\"\" width=\"347\" height=\"347\" srcset=\"https:\/\/jananews.cz\/wp-content\/uploads\/2016\/12\/kaufland_logo.jpg 2450w, https:\/\/jananews.cz\/wp-content\/uploads\/2016\/12\/kaufland_logo-300x300.jpg 300w, https:\/\/jananews.cz\/wp-content\/uploads\/2016\/12\/kaufland_logo-1024x1024.jpg 1024w, https:\/\/jananews.cz\/wp-content\/uploads\/2016\/12\/kaufland_logo-150x150.jpg 150w, https:\/\/jananews.cz\/wp-content\/uploads\/2016\/12\/kaufland_logo-768x768.jpg 768w, https:\/\/jananews.cz\/wp-content\/uploads\/2016\/12\/kaufland_logo-1536x1536.jpg 1536w, https:\/\/jananews.cz\/wp-content\/uploads\/2016\/12\/kaufland_logo-2048x2048.jpg 2048w, https:\/\/jananews.cz\/wp-content\/uploads\/2016\/12\/kaufland_logo-100x100.jpg 100w\" sizes=\"(max-width: 347px) 100vw, 347px\" \/><\/p>\n<p>\u00a0<\/p>\n<h1><strong>Zden\u011bk Miler\u00a0<\/strong><\/h1>\n<h1><strong><em>(*21. 2. 1921, Kladno , + 30.11.2011 Nov\u00e1 Ves pod Ple\u0161\u00ed)\u00a0 <\/em><\/strong><\/h1>\n<p><em>Re\u017eis\u00e9r a v\u00fdtvarn\u00edk animovan\u00fdch film\u016f , ilustr\u00e1tor kn\u00ed\u017eek pro d\u011bti<\/em><\/p>\n<p>Vystudoval St\u00e1tn\u00ed grafickou \u0161kolu v Praze, pak pokra\u010doval ve studiu na\u00a0 Vysok\u00e9 \u0161kole um\u011bleckopr\u016fmyslov\u00e9 v Praze u profesor\u016f Jaroslava Bendy a Anton\u00edna Strnadela. Kdy\u017e nacisti\u010dt\u00ed okupanti zav\u0159eli \u010desk\u00e9 vysok\u00e9 \u0161koly,ode\u0161el pracovat\u00a0 pro ateli\u00e9ry kreslen\u00e9ho filmu ve Zl\u00edn\u011b, od roku 1945 p\u016fsobil v ateli\u00e9rech kreslen\u00e9ho filmu Brat\u0159i v triku v Praze, kde spolupracoval\u00a0 s Ji\u0159\u00edm Trnkou .Je autorem v\u00fdtvarn\u00e9ho firemn\u00edho loga Brat\u0159i v triku- t\u0159\u00ed kudrnat\u00fdch kluk\u016f v n\u00e1mo\u0159nick\u00e9m pruhovan\u00e9m triku.<\/p>\n<p>V roce 1947 za\u010dal pracovat na sv\u00e9m prvn\u00edm samostatn\u00e9m filmu. Byla to adaptace poh\u00e1dky Ji\u0159\u00edho Wolkera O milion\u00e1\u0159i, kter\u00fd ukradl slunce. Film z\u00edskal na ben\u00e1tsk\u00e9m festivalu bronzovou medaili a rozhodl o Milerov\u011b um\u011bleck\u00e9 dr\u00e1ze.<\/p>\n<p>Kn\u00ed\u017eky pro d\u011bti za\u010dal ilustrovat za\u010d\u00e1tkem pades\u00e1t\u00fdch let. Sv\u00fdmi ilustracemi obohatil texty v\u00fdznamn\u00fdch \u010desk\u00fdch liter\u00e1rn\u00edch autor\u016f (Vladislav Van\u010dura, V\u00e1clav \u010ctvrtek, Jan \u010carek, Franti\u0161ek Hrub\u00edn, Eduard Peti\u0161ka, Josef Kainar). Hodn\u011b kn\u00ed\u017eek vzniklo podle p\u016fvodn\u00edch film\u016f zejm\u00e9na s postavi\u010dkami Krtek a \u0160t\u011b\u0148\u00e1tko, ale autor maluje pro kni\u017en\u00ed podobu nov\u00e9 ilustrace, kter\u00e9 si zachov\u00e1vaj\u00ed filmovou dynamiku a rytmus.<\/p>\n<p>Ur\u010duj\u00edc\u00ed slo\u017ekou v Milerov\u011b \u010dinnosti je filmov\u00e1 tvorba, je\u017e se odr\u00e1\u017e\u00ed tak\u00e9 v pojet\u00ed jeho ilustrac\u00ed. Um\u011blc\u016fv v\u00fdtvarn\u00fd projev v podstat\u011b navazuje na klasickou realistickou linii \u010desk\u00e9 d\u011btsk\u00e9 ilustrace, pro kterou je typick\u00e1 humorn\u00e1 nads\u00e1zka i lyrismus. Citliv\u00e1 kresba a velmi jemn\u00e1 poetick\u00e1 barevnost vytv\u00e1\u0159\u00ed rovnov\u00e1hu ilustrac\u00ed Z. Milera. Pohoda, kter\u00e1 z jeho obr\u00e1zk\u016f vyza\u0159uje, je i kl\u00ed\u010dem k jeho \u00fasp\u011bch\u016fm. V sou\u010dasn\u00e9 ilustraci na\u0161\u00ed d\u011btsk\u00e9 knihy stoj\u00ed Miler na lyrick\u00e9m p\u00f3lu jej\u00ed vazby na kreslen\u00fd film.<\/p>\n<p>B\u011bhem sv\u00e9ho tv\u016fr\u010d\u00edho \u017eivota obdr\u017eel Zden\u011bk Miler \u0159adu mezin\u00e1rodn\u00edch i n\u00e1rodn\u00edch ocen\u011bn\u00ed &#8211; cenu Ji\u0159\u00edho Trnky (1983), Zlatou paletu nakladatelstv\u00ed Albatros (1999) za v\u00edce ne\u017e 5 000 000 prodan\u00fdch v\u00fdtisk\u016f knih, na nich\u017e se pod\u00edlel jako ilustr\u00e1tor. Toto \u010d\u00edslo p\u0159edstavuje \u0159\u00e1dov\u011b \u010dty\u0159icet knih, kter\u00e9 vych\u00e1zely a st\u00e1le vych\u00e1zej\u00ed v reedic\u00edch, mnoh\u00e9 tak\u00e9 v cizojazy\u010dn\u00fdch mutac\u00edch.<\/p>\n<p>Jeho prvn\u00ed film s postavi\u010dkou krtek Jak krtek ke kalhotk\u00e1m p\u0159i\u0161el zv\u00edt\u011bzil na filmov\u00e9m festivalu v Ben\u00e1tk\u00e1ch v roce 1957, pak n\u00e1sledovala \u0159ada mezin\u00e1rodn\u00edch ocen\u011bn\u00ed jeho filmov\u00e9 tvorby na filmov\u00fdch festivalech v Ben\u00e1tk\u00e1ch, Montevideu, Berl\u00edn\u011b , Teher\u00e1nu, Moskv\u011b, Dijonu\u2026..\u00a0 Za jeho celo\u017eivotn\u00ed d\u00edlo mu byla ud\u011blena prezidentem republiky dne 28.\u0159ijna 2006 Medaile za z\u00e1sluhy 1.stupn\u011b.<\/p>\n<p>Ji\u017e\u00a060 let z\u016fst\u00e1v\u00e1 jednou z nejobl\u00edben\u011bj\u0161\u00edch autorov\u00fdch postavi\u010dek Krtek, a to v kreslen\u00e9 filmov\u00e9 i liter\u00e1rn\u00ed podob\u011b. Kn\u00ed\u017eky i filmy o Krtkovi maj\u00ed st\u00e1le ohromn\u00fd \u00fasp\u011bch u n\u00e1s i v zahrani\u010d\u00ed.<\/p>\n","protected":false},"excerpt":{"rendered":"<p>PRAHA &#8211; Kdo by neznal Krte\u010dka \u2013 roztomil\u00e9ho animovan\u00e9ho hrdinu z kreslen\u00fdch poh\u00e1dek.\u00a0 Je to neuv\u011b\u0159iteln\u00e9, ale tento poh\u00e1dkov\u00fd hrdina se do\u017e\u00edv\u00e1 neuv\u011b\u0159iteln\u00fdch 60 let! Na d\u016fchodov\u00fd v\u011bk ale zdaleka nepom\u00fd\u0161l\u00ed, pr\u00e1v\u011b naopak \u2013 dostal toti\u017e velk\u00fd pl\u00e1n, jak toto v\u00fdznamn\u00e9 \u017eivotn\u00ed jubileum oslavit. Krtek se rozhodl b\u00fdt na sv\u00e9 narozeniny co s nejv\u00edce d\u011btmi,<\/p>\n","protected":false},"author":1,"featured_media":226,"comment_status":"open","ping_status":"open","sticky":false,"template":"","format":"standard","meta":[],"categories":[8],"tags":[],"_links":{"self":[{"href":"https:\/\/jananews.cz\/index.php\/wp-json\/wp\/v2\/posts\/234"}],"collection":[{"href":"https:\/\/jananews.cz\/index.php\/wp-json\/wp\/v2\/posts"}],"about":[{"href":"https:\/\/jananews.cz\/index.php\/wp-json\/wp\/v2\/types\/post"}],"author":[{"embeddable":true,"href":"https:\/\/jananews.cz\/index.php\/wp-json\/wp\/v2\/users\/1"}],"replies":[{"embeddable":true,"href":"https:\/\/jananews.cz\/index.php\/wp-json\/wp\/v2\/comments?post=234"}],"version-history":[{"count":0,"href":"https:\/\/jananews.cz\/index.php\/wp-json\/wp\/v2\/posts\/234\/revisions"}],"wp:featuredmedia":[{"embeddable":true,"href":"https:\/\/jananews.cz\/index.php\/wp-json\/wp\/v2\/media\/226"}],"wp:attachment":[{"href":"https:\/\/jananews.cz\/index.php\/wp-json\/wp\/v2\/media?parent=234"}],"wp:term":[{"taxonomy":"category","embeddable":true,"href":"https:\/\/jananews.cz\/index.php\/wp-json\/wp\/v2\/categories?post=234"},{"taxonomy":"post_tag","embeddable":true,"href":"https:\/\/jananews.cz\/index.php\/wp-json\/wp\/v2\/tags?post=234"}],"curies":[{"name":"wp","href":"https:\/\/api.w.org\/{rel}","templated":true}]}}